{"id":31707,"date":"2011-05-04T13:20:38","date_gmt":"2011-05-04T10:20:38","guid":{"rendered":"http:\/\/www.korhanyilmaz.com\/?p=31707"},"modified":"2011-05-04T13:20:38","modified_gmt":"2011-05-04T10:20:38","slug":"libyadan-basbakan-erdogana-tepki","status":"publish","type":"post","link":"http:\/\/www.korhanyilmaz.com\/?p=31707","title":{"rendered":"Libya&#8217;dan Ba\u015fbakan Erdo\u011fan&#8217;a tepki"},"content":{"rendered":"<p style=\"text-align: center;\"><a href=\"http:\/\/www.korhanyilmaz.com\/wp-content\/uploads\/2011\/05\/025.jpg\"  class=\"lightview\"><img loading=\"lazy\" decoding=\"async\" class=\"aligncenter size-full wp-image-31708\" src=\"http:\/\/www.korhanyilmaz.com\/wp-content\/uploads\/2011\/05\/025.jpg\" alt=\"\" width=\"307\" height=\"236\" \/><\/a><\/p>\n<p style=\"text-align: justify;\">Libya D\u0131\u015fi\u015fleri Bakan Yard\u0131mc\u0131s\u0131 Halid Kaim, Ba\u015fbakan Erdo\u011fan&#8217;\u0131n &#8220;Kaddafi b\u0131rak\u0131p gitmeli&#8221; yorumu \u00fczerine, &#8220;bu konuda karar\u0131n T\u00fcrkiye&#8217;nin i\u015fi olmad\u0131\u011f\u0131n\u0131&#8221; s\u00f6yledi.<\/p>\n<p style=\"text-align: justify;\">Kaim, ba\u015fkent Trablus&#8217;ta yapt\u0131\u011f\u0131 a\u00e7\u0131klamada, &#8220;bu t\u00fcrden bir karar\u0131n T\u00fcrkiye&#8217;nin i\u015fi olmad\u0131\u011f\u0131n\u0131, Libya halk\u0131n\u0131n vazifesi oldu\u011funu&#8221; ifade etti. <!--more--><\/p>\n<p style=\"text-align: justify;\">Halid Kaim, &#8220;E\u011fer arabulucu olmak istiyorsan\u0131z, bir taraf\u0131 di\u011fer tarafa kar\u015f\u0131 destekleyecek \u015fekilde tav\u0131r sergilememelisiniz&#8221; dedi.<\/p>\n<p style=\"text-align: justify;\">Ba\u015fbakan Erdo\u011fan, Libya&#8217;daki geli\u015fmelerle ilgili olarak d\u00fcn d\u00fczenledi\u011fi bas\u0131n toplant\u0131s\u0131nda, &#8220;Libya tarihinde yeni bir d\u00f6nem ba\u015flam\u0131\u015ft\u0131r. Libya meselesinde art\u0131k s\u00f6z t\u00fckenmi\u015ftir. Bu noktada yap\u0131lmas\u0131 gereken, Libya&#8217;da Trablus&#8217;ta y\u00f6netimi elinde tutan Muammer Kaddafi&#8217;nin derhal iktidar\u0131 b\u0131rakmas\u0131, \u00fczerindeki tarihi sorumlulu\u011fu insani ve vicdani sorumlulu\u011fu derhal yerine getirmesidir&#8221; diye konu\u015fmu\u015ftu.<\/p>\n<p style=\"text-align: justify;\"><strong>Kaddafi&#8217;nin \u0130svi\u00e7re&#8217;de hesab\u0131 var m\u0131? <\/strong><\/p>\n<p style=\"text-align: justify;\">Bu arada h\u00fck\u00fcmet Muammer Kaddafi&#8217;nin \u0130svi\u00e7re bankalar\u0131nda \u015fahs\u0131na ait paras\u0131 olmad\u0131\u011f\u0131n\u0131 bildirdi.<\/p>\n<p style=\"text-align: justify;\">Libya D\u0131\u015fi\u015fleri Bakan Yard\u0131mc\u0131s\u0131 Halid Kaim, \u0130svi\u00e7re bankalar\u0131ndaki hesab\u0131n h\u00fck\u00fcmete ait yabanc\u0131 yat\u0131r\u0131m hesab\u0131 oldu\u011funu belirterek, Libya h\u00fck\u00fcmetinin \u0130svi\u00e7re bankalar\u0131ndaki varl\u0131\u011f\u0131n\u0131n 25 milyon \u0130svi\u00e7re frang\u0131na yak\u0131n oldu\u011funu s\u00f6yledi.<\/p>\n<p style=\"text-align: justify;\">Kaim, gazetecilere yapt\u0131\u011f\u0131 a\u00e7\u0131klamada, &#8220;e\u011fer hesaplarda liderin (Kaddafi) bir kuru\u015fu varsa, al\u0131p istedi\u011finize vermekte \u00f6zg\u00fcrs\u00fcn\u00fcz&#8221; diye konu\u015ftu.<\/p>\n<p style=\"text-align: justify;\">\u0130svi\u00e7re, pazartesi g\u00fcn\u00fc yapt\u0131\u011f\u0131 a\u00e7\u0131klamada, Kaddafi ve \u00e7evresine ait muhtemelen yasa d\u0131\u015f\u0131 olan 360 milyon \u0130svi\u00e7re frang\u0131n\u0131n donduruldu\u011funu bildirmi\u015fti.<\/p>\n<p style=\"text-align: justify;\"><strong>Libya&#8217;da son durum <\/strong><\/p>\n<p style=\"text-align: justify;\">Bu arada Kaddafi&#8217;ye ba\u011fl\u0131 g\u00fc\u00e7ler, muhaliflerin ikmal g\u00fczergah\u0131n\u0131 bombalad\u0131.<\/p>\n<p style=\"text-align: justify;\">AP&#8217;ye telefonla a\u00e7\u0131klama yapan muhalifler, Kaddafi g\u00fc\u00e7lerinin Tunus s\u0131n\u0131r\u0131nda, muhaliflerin kontrol\u00fcndeki Duheyba s\u0131n\u0131r kap\u0131s\u0131n\u0131dan ge\u00e7en yard\u0131mlar\u0131 aksatmak i\u00e7in karayoluna roket sald\u0131r\u0131s\u0131 d\u00fczenlendi\u011fini ifade etti.<\/p>\n<p style=\"text-align: justify;\">Bu arada iki ayd\u0131r Kaddafi g\u00fc\u00e7lerinin ku\u015fatmas\u0131 alt\u0131nda olan Misrata&#8217;n\u0131n d\u0131\u015f kesimlerinde de \u00e7at\u0131\u015fmalar s\u00fcr\u00fcyor.<\/p>\n<p style=\"text-align: justify;\">\u0130ki taraf\u0131n da havan toplar\u0131 kulland\u0131\u011f\u0131 sald\u0131r\u0131da, bir ki\u015fi \u00f6ld\u00fc, 22 ki\u015fi yaraland\u0131.<\/p>\n<p style=\"text-align: justify;\">\u00d6te yandan ba\u015fkent Trablus&#8217;ta bu sabah bir ka\u00e7 dakika arayla iki g\u00fc\u00e7l\u00fc patlama duyuldu\u011fu, sesin kayna\u011f\u0131n\u0131n muhtemelen NATO u\u00e7aklar\u0131 oldu\u011fu ifade edildi.<\/p>\n<p style=\"text-align: justify;\"><strong>CIA: &#8220;Kaddafi hayatta&#8221; <\/strong><\/p>\n<p style=\"text-align: justify;\">ABD istihbarat birimi Merkezi Haberalma Te\u015fkilat\u0131&#8217;n\u0131n (CIA) Ba\u015fkan\u0131 Leon Panetta, &#8220;Bildi\u011fimiz, (Libya lideri Muammer) Kaddafi&#8217;nin hayatta oldu\u011fudur&#8221; dedi.<\/p>\n<p style=\"text-align: justify;\">Panetta, Amerikan televizyon kanal\u0131 NBC&#8217;ye verdi\u011fi deme\u00e7te, &#8220;d\u00f6rt g\u00fcn \u00f6nce \u00fc\u00e7 torunu ve k\u00fc\u00e7\u00fck o\u011flu Seyf\u00fclarab&#8217;\u0131n \u00f6ld\u00fc\u011f\u00fc NATO bombard\u0131man\u0131ndan Kaddafi&#8217;nin yara almadan kurtuldu\u011funu d\u00fc\u015f\u00fcnd\u00fcklerini&#8221; bildirdi.<\/p>\n<p style=\"text-align: justify;\">Libya D\u0131\u015fi\u015fleri Bakan Yard\u0131mc\u0131s\u0131 Halid Kaim de d\u00fcn yapt\u0131\u011f\u0131 a\u00e7\u0131klamada, konutu vurulan ancak e\u015fiyle kurtuldu\u011fu belirtilen Kaddafi&#8217;nin kabile liderleriyle g\u00f6r\u00fc\u015ft\u00fc\u011f\u00fcn\u00fc s\u00f6ylemi\u015fti.<\/p>\n<p style=\"text-align: justify;\">Halid Kaim, Usame bin Ladin&#8217;in \u00f6ld\u00fcr\u00fclmesi \u00fczerine de sadece &#8220;Libya, El Kaide ter\u00f6r\u00fcyle uzun zaman m\u00fccadele etti&#8221; dedi. Kaddafi, Trablus&#8217;ta evinin vuruldu\u011fu cumartesinden beri halka hi\u00e7 g\u00f6r\u00fcnmedi.<\/p>\n<p style=\"text-align: justify;\"><a href=\"http:\/\/www.cnnturk.com\/2011\/dunya\/05\/04\/libyadan.basbakan.erdogana.tepki\/615449.0\/index.html\" target=\"_blank\">Kaynak : CNN T\u00dcRK<\/a><\/p>\n","protected":false},"excerpt":{"rendered":"<p style=\"text-align: center;\">\n<p style=\"text-align: justify;\">Libya D\u0131\u015fi\u015fleri Bakan Yard\u0131mc\u0131s\u0131 Halid Kaim, Ba\u015fbakan Erdo\u011fan&#8217;\u0131n &#8220;Kaddafi b\u0131rak\u0131p gitmeli&#8221; yorumu \u00fczerine, &#8220;bu konuda karar\u0131n T\u00fcrkiye&#8217;nin i\u015fi olmad\u0131\u011f\u0131n\u0131&#8221; s\u00f6yledi.<\/p>\n<p style=\"text-align: justify;\">Kaim, ba\u015fkent Trablus&#8217;ta yapt\u0131\u011f\u0131 a\u00e7\u0131klamada, &#8220;bu t\u00fcrden bir karar\u0131n T\u00fcrkiye&#8217;nin i\u015fi olmad\u0131\u011f\u0131n\u0131, Libya halk\u0131n\u0131n vazifesi oldu\u011funu&#8221; ifade etti. <\/p>\n","protected":false},"author":1,"featured_media":0,"comment_status":"open","ping_status":"closed","sticky":false,"template":"","format":"standard","meta":{"footnotes":""},"categories":[3,105],"tags":[],"class_list":["post-31707","post","type-post","status-publish","format-standard","hentry","category-dunya","category-gundem","odd"],"_links":{"self":[{"href":"http:\/\/www.korhanyilmaz.com\/index.php?rest_route=\/wp\/v2\/posts\/31707","targetHints":{"allow":["GET"]}}],"collection":[{"href":"http:\/\/www.korhanyilmaz.com\/index.php?rest_route=\/wp\/v2\/posts"}],"about":[{"href":"http:\/\/www.korhanyilmaz.com\/index.php?rest_route=\/wp\/v2\/types\/post"}],"author":[{"embeddable":true,"href":"http:\/\/www.korhanyilmaz.com\/index.php?rest_route=\/wp\/v2\/users\/1"}],"replies":[{"embeddable":true,"href":"http:\/\/www.korhanyilmaz.com\/index.php?rest_route=%2Fwp%2Fv2%2Fcomments&post=31707"}],"version-history":[{"count":0,"href":"http:\/\/www.korhanyilmaz.com\/index.php?rest_route=\/wp\/v2\/posts\/31707\/revisions"}],"wp:attachment":[{"href":"http:\/\/www.korhanyilmaz.com\/index.php?rest_route=%2Fwp%2Fv2%2Fmedia&parent=31707"}],"wp:term":[{"taxonomy":"category","embeddable":true,"href":"http:\/\/www.korhanyilmaz.com\/index.php?rest_route=%2Fwp%2Fv2%2Fcategories&post=31707"},{"taxonomy":"post_tag","embeddable":true,"href":"http:\/\/www.korhanyilmaz.com\/index.php?rest_route=%2Fwp%2Fv2%2Ftags&post=31707"}],"curies":[{"name":"wp","href":"https:\/\/api.w.org\/{rel}","templated":true}]}}