{"id":31697,"date":"2011-05-04T08:13:37","date_gmt":"2011-05-04T05:13:37","guid":{"rendered":"http:\/\/www.korhanyilmaz.com\/?p=31697"},"modified":"2011-05-04T08:13:37","modified_gmt":"2011-05-04T05:13:37","slug":"izmir-baskinlari-atamaya-takilmis","status":"publish","type":"post","link":"http:\/\/www.korhanyilmaz.com\/?p=31697","title":{"rendered":"\u0130zmir bask\u0131nlar\u0131 atamaya tak\u0131lm\u0131\u015f"},"content":{"rendered":"<p style=\"text-align: center;\"><a href=\"http:\/\/www.korhanyilmaz.com\/wp-content\/uploads\/2011\/05\/024.jpg\"  class=\"lightview\"><img loading=\"lazy\" decoding=\"async\" class=\"aligncenter size-full wp-image-31698\" src=\"http:\/\/www.korhanyilmaz.com\/wp-content\/uploads\/2011\/05\/024.jpg\" alt=\"\" width=\"384\" height=\"254\" \/><\/a><\/p>\n<p style=\"text-align: justify;\">\u0130zmir operasyonunun zamanlamas\u0131yla ilgili &#8216;manidar&#8217; yorumu yap\u0131l\u0131rken, operasyonun savc\u0131 de\u011fi\u015fikli\u011fi nedeniyle ertelendi\u011fi belirtildi.<\/p>\n<p style=\"text-align: justify;\">\u0130zmir B\u00fcy\u00fck\u015fehir Belediyesi\u2019ne y\u00f6nelik operasyonla ilgili \u201cBu zamanlamadan rahats\u0131zl\u0131k duyuyorum\u201d diyen K\u00fclt\u00fcr ve Turizm Bakan\u0131 Ertu\u011frul G\u00fcnay\u2019dan sonra AKP kanad\u0131ndan d\u00fcn de benzer tepkiler geldi. TBMM Ba\u015fkan\u0131 Mehmet Ali \u015eahin\u2019le eski Ula\u015ft\u0131rma Bakan\u0131 Binali Y\u0131ld\u0131r\u0131m da operasyonun zamanlamas\u0131n\u0131 \u2018manidar\u2019 buldu. <!--more--><\/p>\n<p style=\"text-align: justify;\">\u0130zmir B\u00fcy\u00fck\u015fehir Belediye Ba\u015fkan\u0131 Aziz Kocao\u011flu\u2019ysa partilerin genel politikalarla se\u00e7ime y\u00fcr\u00fcmeleri gerekti\u011fini s\u00f6yledi. Zamanlama tart\u0131\u015fmalar\u0131 \u00fczerine \u0130zmir Emniyeti\u2019nden bir yetkili soru\u015fturma savc\u0131s\u0131n\u0131n Yarg\u0131tay\u2019a se\u00e7ilmesi nedeniyle operasyonun ask\u0131ya al\u0131nd\u0131\u011f\u0131n\u0131, yeni savc\u0131lar gelince de operasyonun yap\u0131ld\u0131\u011f\u0131n\u0131 anlatt\u0131.<\/p>\n<p style=\"text-align: justify;\">\u0130zmir B\u00fcy\u00fck\u015fehir, Ku\u015fadas\u0131, Karaba\u011flar, Bayrakl\u0131 belediyelerine yap\u0131lan operasyonun se\u00e7imlerden 40 g\u00fcn \u00f6ncesine denk gelmesi \u00fczerine ba\u015flayan \u2018zamanlama\u2019 tart\u0131\u015fmas\u0131 devam ediyor.<\/p>\n<p style=\"text-align: justify;\"><strong>G\u00fcnay: Bize kar\u015f\u0131 bir oyun<\/strong><\/p>\n<p style=\"text-align: justify;\">D\u00fcn CNN T\u00fcrk\u2019te sorular\u0131 yan\u0131tlayan K\u00fclt\u00fcr ve Turizm Bakan\u0131 Ertu\u011frul G\u00fcnay, operasyonun hedefinin AKP oldu\u011funu savunarak, \u201cBen bunu bize kar\u015f\u0131 tehlikeli bir oyun olarak g\u00f6r\u00fcyorum ve bu ilk defa da olmuyor. T\u00fcrkiye\u2019de son birka\u00e7 y\u0131l i\u00e7inde bizimle ilgili bir kritik d\u00f6neme\u00e7te yarg\u0131 b\u00fcy\u00fck operasyonlar yap\u0131yor g\u00fcndem birden kay\u0131yor bizim s\u00f6ylediklerimiz g\u00fcme gidiyor\u201d dedi.<\/p>\n<p style=\"text-align: justify;\">Eski Ula\u015ft\u0131rma Bakan\u0131 ve AKP \u0130zmir aday\u0131 Binali Y\u0131ld\u0131r\u0131m d\u00fcn \u201cKe\u015fke olmasayd\u0131. Bu zamanda yap\u0131lmas\u0131 manidard\u0131r\u201d dedi. TBMM Ba\u015fkan\u0131 Mehmet Ali \u015eahin de \u201cSe\u00e7im \u00f6ncesi yap\u0131lm\u0131\u015f olmas\u0131 kamuoyunda tepkilere neden oldu\u201d diye konu\u015ftu. Ba\u015fkan Aziz Kocao\u011flu\u2019ysa d\u00fcn belediye \u00f6n\u00fcndeki kalabal\u0131\u011fa \u015f\u00f6yle s\u00f6yledi: \u201cBu genel se\u00e7imdir, partiler genel politikalarla se\u00e7ime y\u00fcr\u00fcs\u00fcnler \u2018\u0130zmir B\u00fcy\u00fck\u015fehir Belediyesini genel se\u00e7ime alet etmeyin\u2019 diye uyar\u0131da bulundum. Malum olmu\u015f ki \u00fc\u00e7 g\u00fcn sonra geldiler. Bir yolsuzluk varsa, hesab\u0131n\u0131 ben verece\u011fim. Mesai arkada\u015flar\u0131m\u0131 b\u0131raks\u0131nlar.\u201d<\/p>\n<p style=\"text-align: justify;\">\u2018Zamanlama\u2019 tart\u0131\u015fmalar\u0131na emniyetten gayri resmi olsa da bir yan\u0131t geldi. Soru\u015fturmay\u0131 y\u00fcr\u00fcten savc\u0131 Sait Demir\u00f6z\u2019\u00fcn Yarg\u0131tay \u00fcyeli\u011fine se\u00e7ilmesiyle operasyonun ask\u0131ya al\u0131nd\u0131\u011f\u0131, 4 yeni savc\u0131n\u0131n talimat\u0131yla da bask\u0131n\u0131n yap\u0131ld\u0131\u011f\u0131 belirtildi.<\/p>\n<p style=\"text-align: justify;\"><strong>400\u2019e yak\u0131n su\u00e7 kabul edilen eylem<\/strong><\/p>\n<p style=\"text-align: justify;\">Operasyonda g\u00f6zalt\u0131na al\u0131nan 45 ki\u015fiden 10\u2019u d\u00fcn serbest b\u0131rak\u0131ld\u0131. Belediyede 400\u2019e yak\u0131n su\u00e7 saptand\u0131\u011f\u0131 belirtilirken, kamu zarar\u0131n\u0131n yakla\u015f\u0131k 40 milyon lira oldu\u011fu \u00f6ne s\u00fcr\u00fcld\u00fc. Ba\u015fkan Kocao\u011flu\u2019nunsa ifadesinin al\u0131nmayaca\u011f\u0131 bildirildi. Operasyondan \u00f6nce belediyeye polis memuru yerle\u015ftirildi\u011fi ve zanl\u0131lar\u0131n gizli kamerayla takip edildi\u011fi belirtildi.<\/p>\n<p style=\"text-align: justify;\">Say\u0131\u015ftay raporundaysa \u00f6zetle \u015fu iddialar yer ald\u0131:<\/p>\n<p style=\"text-align: justify;\">* 2009 yerel se\u00e7imlerinde CHP se\u00e7im b\u00fcrolar\u0131nda da\u011f\u0131t\u0131lan kumanyalar 23 Nisan\u2019da \u00e7ocuklara da\u011f\u0131t\u0131lm\u0131\u015f g\u00f6sterilmek istendi.<\/p>\n<p style=\"text-align: justify;\">* Ruhsat\u0131 al\u0131nmadan yapt\u0131r\u0131lan Buca Konutlar\u0131\u2019nda 700 bin liral\u0131k kamu zarar\u0131 ortaya \u00e7\u0131kt\u0131. Ayr\u0131ca belediyenin \u015eirketler Koordinat\u00f6rl\u00fc\u011f\u00fc\u2019ne 50 ton mandalina al\u0131nm\u0131\u015f gibi g\u00f6sterildi.<\/p>\n<p style=\"text-align: justify;\">* Belediyenin afi\u015f, billboard ve poster i\u015flemleri ihalesiz bir \u015firkete verildi.<\/p>\n<p style=\"text-align: justify;\">* 80 konserle ilgili ihale, \u00f6nceden bilgilendirilen tek bir firmaya verildi.<\/p>\n<p style=\"text-align: justify;\"><a href=\"http:\/\/www.radikal.com.tr\/Radikal.aspx?aType=RadikalDetayV3&amp;ArticleID=1048194&amp;Date=04.05.2011&amp;CategoryID=77\" target=\"_blank\">Kaynak : Radikal<\/a><\/p>\n","protected":false},"excerpt":{"rendered":"<p style=\"text-align: center;\">\n<p style=\"text-align: justify;\">\u0130zmir operasyonunun zamanlamas\u0131yla ilgili &#8216;manidar&#8217; yorumu yap\u0131l\u0131rken, operasyonun savc\u0131 de\u011fi\u015fikli\u011fi nedeniyle ertelendi\u011fi belirtildi.<\/p>\n<p style=\"text-align: justify;\">\u0130zmir B\u00fcy\u00fck\u015fehir Belediyesi\u2019ne y\u00f6nelik operasyonla ilgili \u201cBu zamanlamadan rahats\u0131zl\u0131k duyuyorum\u201d diyen K\u00fclt\u00fcr ve Turizm Bakan\u0131 Ertu\u011frul G\u00fcnay\u2019dan sonra AKP kanad\u0131ndan d\u00fcn de benzer tepkiler geldi. TBMM Ba\u015fkan\u0131 Mehmet Ali \u015eahin\u2019le eski Ula\u015ft\u0131rma Bakan\u0131 Binali Y\u0131ld\u0131r\u0131m <\/p>\n","protected":false},"author":1,"featured_media":0,"comment_status":"open","ping_status":"closed","sticky":false,"template":"","format":"standard","meta":{"footnotes":""},"categories":[105],"tags":[],"class_list":["post-31697","post","type-post","status-publish","format-standard","hentry","category-gundem","odd"],"_links":{"self":[{"href":"http:\/\/www.korhanyilmaz.com\/index.php?rest_route=\/wp\/v2\/posts\/31697","targetHints":{"allow":["GET"]}}],"collection":[{"href":"http:\/\/www.korhanyilmaz.com\/index.php?rest_route=\/wp\/v2\/posts"}],"about":[{"href":"http:\/\/www.korhanyilmaz.com\/index.php?rest_route=\/wp\/v2\/types\/post"}],"author":[{"embeddable":true,"href":"http:\/\/www.korhanyilmaz.com\/index.php?rest_route=\/wp\/v2\/users\/1"}],"replies":[{"embeddable":true,"href":"http:\/\/www.korhanyilmaz.com\/index.php?rest_route=%2Fwp%2Fv2%2Fcomments&post=31697"}],"version-history":[{"count":0,"href":"http:\/\/www.korhanyilmaz.com\/index.php?rest_route=\/wp\/v2\/posts\/31697\/revisions"}],"wp:attachment":[{"href":"http:\/\/www.korhanyilmaz.com\/index.php?rest_route=%2Fwp%2Fv2%2Fmedia&parent=31697"}],"wp:term":[{"taxonomy":"category","embeddable":true,"href":"http:\/\/www.korhanyilmaz.com\/index.php?rest_route=%2Fwp%2Fv2%2Fcategories&post=31697"},{"taxonomy":"post_tag","embeddable":true,"href":"http:\/\/www.korhanyilmaz.com\/index.php?rest_route=%2Fwp%2Fv2%2Ftags&post=31697"}],"curies":[{"name":"wp","href":"https:\/\/api.w.org\/{rel}","templated":true}]}}