{"id":31691,"date":"2011-05-04T08:37:18","date_gmt":"2011-05-04T05:37:18","guid":{"rendered":"http:\/\/www.korhanyilmaz.com\/?p=31691"},"modified":"2011-05-04T08:37:18","modified_gmt":"2011-05-04T05:37:18","slug":"ygsde-puan-muammasi","status":"publish","type":"post","link":"http:\/\/www.korhanyilmaz.com\/?p=31691","title":{"rendered":"YGS&#8217;de puan muammas\u0131"},"content":{"rendered":"<p style=\"text-align: justify;\"><a href=\"http:\/\/www.korhanyilmaz.com\/wp-content\/uploads\/2011\/05\/023.jpg\"  class=\"lightview\"><img loading=\"lazy\" decoding=\"async\" class=\"aligncenter size-full wp-image-31692\" src=\"http:\/\/www.korhanyilmaz.com\/wp-content\/uploads\/2011\/05\/023.jpg\" alt=\"\" width=\"384\" height=\"254\" \/><\/a><\/p>\n<p style=\"text-align: justify;\">Y\u00fcksek\u00f6\u011fretime Ge\u00e7i\u015f S\u0131nav\u0131&#8217;nda (YGS) hata \u00fcst\u00fcne hata yapan \u00d6SYM&#8217;ye, \u015fimdi de puan hesaplamas\u0131n\u0131 yanl\u0131\u015f yapt\u0131\u011f\u0131 gerek\u00e7esiyle itiraz dilek\u00e7esi ya\u011f\u0131yor.<\/p>\n<p style=\"text-align: justify;\">YGS\u2019de \u2018sehven\u2019 yap\u0131lan hatalar zincirine bir yenisinin daha eklendi\u011fi \u00f6ne s\u00fcr\u00fcld\u00fc. <!--more--><\/p>\n<p style=\"text-align: justify;\">\u00d6z\u00fcrl\u00fc kontenjan\u0131ndan s\u0131nava giren adaylar\u0131n puanlar\u0131n\u0131 yanl\u0131\u015f hesaplad\u0131\u011f\u0131n\u0131 kabul eden \u00d6SYM\u2019nin, \u00e7ok say\u0131da aday\u0131n s\u0131navda yapt\u0131\u011f\u0131 do\u011fru, yanl\u0131\u015f ve bo\u015f yan\u0131tlar\u0131n\u0131 da birbirine kar\u0131\u015ft\u0131rd\u0131\u011f\u0131 savunuldu. T\u00fcrkiye\u2019nin d\u00f6rt bir yan\u0131ndan \u00d6SYM\u2019ye itiraz dilek\u00e7esi ya\u011farken, Merkezin Ankara\u2019da bulunan binas\u0131n\u0131n \u00f6n\u00fcnde de uzun itiraz kuyruklar\u0131 olu\u015ftu. \u00d6SYM yap\u0131lan itiraz say\u0131s\u0131n\u0131 a\u00e7\u0131klamayarak sessizli\u011fini korurken, daha \u00f6nceki s\u0131navlarda bu t\u00fcr ba\u015fvurular\u0131n say\u0131s\u0131n\u0131n 200\u2019\u00fc a\u015fmad\u0131\u011f\u0131 \u00f6\u011frenildi.<\/p>\n<p style=\"text-align: justify;\">Bir \u00d6SYM yetkilisi, kendilerine g\u00f6nderilen itiraz dilek\u00e7elerine ili\u015fkin, \u201cAdaylar biraz acele etmi\u015f. Biz zaten t\u00fcm s\u0131navlara ili\u015fkin adaylar\u0131n cevap anahtarlar\u0131n\u0131 yay\u0131mlayaca\u011f\u0131z. Puan\u0131na itiraz edenler de s\u0131navda ne yapt\u0131klar\u0131n\u0131 g\u00f6recekler. Fakat, internet sitemizde yo\u011funluk olu\u015fmas\u0131n diye hepsini birden yay\u0131mlayam\u0131yoruz\u201d dedi. LYS ba\u015fvuru s\u00fcresinin 6 May\u0131s Cuma g\u00fcn\u00fc sona erdi\u011fini, itirazlar do\u011fruysa \u2018puan\u0131 yanl\u0131\u015f hesapland\u0131\u011f\u0131 i\u00e7in\u2019 baraj\u0131n alt\u0131nda kalanlar\u0131n LYS\u2019ye ba\u015fvuramayaca\u011f\u0131n\u0131 an\u0131msatmam\u0131z \u00fczerine ise \u00d6SYM yetkilisi, \u201cDo\u011fru, itirazlar\u0131 bir an \u00f6nce de\u011ferlendirmek gerek\u201d d\u00fczeltmesini yapt\u0131.<\/p>\n<p style=\"text-align: justify;\"><strong>Ba\u015fka illerden Ankara\u2019ya<\/strong><\/p>\n<p style=\"text-align: justify;\">\u00c7ocu\u011funun puan\u0131n\u0131n yanl\u0131\u015f hesapland\u0131\u011f\u0131n\u0131 d\u00fc\u015f\u00fcnen \u00e7ok say\u0131da veli, posta yoluna g\u00fcvenmedi\u011fi i\u00e7in itiraz etmek i\u00e7in Van, Bursa, \u0130zmir, Elaz\u0131\u011f gibi illerden Ankara\u2019ya gitti. Uzak illerden gelen aileler zaman zaman \u00d6SYM personeliyle tart\u0131\u015ft\u0131. Kuyrukta bekleyen \u00e7ok say\u0131da aday ve veli, itirazlar\u0131 dikkate al\u0131nmayabilir korkusuyla, bas\u0131na konu\u015fmaktan \u00e7ekindi. Binnur S. adl\u0131 aday 13 netinin eksik oldu\u011funu, Ezgi A. ise sonuca g\u00f6re do\u011frudan \u00e7ok yanl\u0131\u015f\u0131 oldu\u011funu, bunun m\u00fcmk\u00fcn olmad\u0131\u011f\u0131n\u0131 savundu. Tahsin A. ise deneme s\u0131navlar\u0131ndan \u00e7ok y\u00fcksek puan almas\u0131na kar\u015f\u0131n YGS sonucuna g\u00f6re baraj\u0131 dahi ge\u00e7emedi\u011fini belirterek isyan etti. \u0130stanbul\u2019dan gelen veli G\u00fclay \u00dc. de \u201cDepresyonday\u0131m, ila\u00e7 kullanmaya ba\u015flad\u0131m\u201d diye yak\u0131n\u0131rken, bir ba\u015fka veli G\u00fclefer A. da \u201c\u00c7ocu\u011fum 2 y\u0131ld\u0131r dershaneye gidiyordu. 130 alm\u0131\u015f. Ben bile daha iyi puan al\u0131rd\u0131m\u201d dedi.<\/p>\n<p style=\"text-align: justify;\">Sonucuna itiraz etmek isteyen adaylar\u0131n \u00d6SYM\u2019nin hesab\u0131na 5 TL yat\u0131rmas\u0131 gerekiyor, ayr\u0131ca belge paras\u0131 olarak da 3 TL isteniyor. \u015eehir d\u0131\u015f\u0131ndan itiraz dilek\u00e7esi g\u00f6nderen adaylarsa posta harcamalar\u0131 i\u00e7in 5 TL daha \u00f6d\u00fcyor. Adaylar, sonu\u00e7lar\u0131n\u0131n d\u00fczeltilmesi i\u00e7in 27 May\u0131s\u2019a kadar itiraz dilek\u00e7esi g\u00f6nderebilecek.<\/p>\n<p style=\"text-align: justify;\"><strong>Ya fazla hesaplanan varsa<\/strong><\/p>\n<p style=\"text-align: justify;\">Puanlar\u0131n yanl\u0131\u015f hesaplanmas\u0131n\u0131n adaya \u00f6zel kitap\u00e7\u0131k uygulamas\u0131ndan kaynaklanm\u0131\u015f olabilece\u011fi dile getiriliyor. Kitap\u00e7\u0131k ve cevap anahtarlar\u0131n\u0131n e\u015fle\u015ftirilmesinde s\u0131k\u0131nt\u0131 ya\u015fanm\u0131\u015f olabilece\u011fi belirtilirken, optik okuyucular\u0131n da do\u011frular\u0131, yanl\u0131\u015flar\u0131 ve bo\u015f sorular\u0131 kar\u0131\u015ft\u0131rm\u0131\u015f olabilece\u011fi savunuluyor. \u0130tirazlar eksik puanla ilgili. Ancak tam tersi fazla puan hesaplanm\u0131\u015f olabilece\u011fi de belirtiliyor.<\/p>\n<p style=\"text-align: justify;\"><strong>\u00d6SYM\u2019ye siyah \u00e7elenk, YGS\u2019ye bir dava daha<\/strong><\/p>\n<p style=\"text-align: justify;\">T\u00fcrk E\u011fitim-Sen Genel Ba\u015fkan\u0131 \u0130smail Koncuk, Turgay Karaku\u015f isimli aday taraf\u0131ndan, cezaevlerindeki 130 adaya ayr\u0131 s\u0131nav yap\u0131larak, \u201cS\u0131nav b\u00fct\u00fcnl\u00fc\u011f\u00fcn\u00fcn ihlal edildi\u011fi\u201d gerek\u00e7esiyle, YGS\u2019nin iptali i\u00e7in Ankara \u0130dare Mahkemesi\u2019ne dava a\u00e7\u0131ld\u0131\u011f\u0131n\u0131 s\u00f6yledi. Sendika \u00fcyeleriyle birlikte \u00d6SYM \u00f6n\u00fcne siyah \u00e7elenk b\u0131rak\u0131p bas\u0131n a\u00e7\u0131klamas\u0131 yapan Koncuk, \u00d6SYM\u2019deki hatalar\u0131n dijital bask\u0131 ve adaya \u00f6zg\u00fc kitap\u00e7\u0131k uygulamas\u0131ndan kaynakland\u0131\u011f\u0131n\u0131 savundu. Cezaevlerinde hatal\u0131 kitap\u00e7\u0131k nedeniyle s\u0131nav\u0131n yenilenmesinin s\u0131ralamalar\u0131 tamamen de\u011fi\u015ftirdi\u011fini belirten Koncuk, \u201cBu durum s\u0131nav b\u00fct\u00fcnl\u00fc\u011f\u00fcn\u00fc bozmu\u015f, e\u015fitli\u011fi ortadan kald\u0131rm\u0131\u015ft\u0131r. Bunun da sorumlusu yine \u00d6SYM Ba\u015fkan\u0131 Ali Demir ve \u00d6SYM\u201d dedi. YGS\u2019nin iptali i\u00e7in daha \u00f6nce de dava a\u00e7\u0131lm\u0131\u015ft\u0131.<\/p>\n<p style=\"text-align: justify;\"><a href=\"http:\/\/www.radikal.com.tr\/Radikal.aspx?aType=RadikalDetayV3&amp;ArticleID=1048198&amp;Date=04.05.2011&amp;CategoryID=77\" target=\"_blank\">Kaynak : Radikal<\/a><\/p>\n","protected":false},"excerpt":{"rendered":"<p style=\"text-align: justify;\">\n<p style=\"text-align: justify;\">Y\u00fcksek\u00f6\u011fretime Ge\u00e7i\u015f S\u0131nav\u0131&#8217;nda (YGS) hata \u00fcst\u00fcne hata yapan \u00d6SYM&#8217;ye, \u015fimdi de puan hesaplamas\u0131n\u0131 yanl\u0131\u015f yapt\u0131\u011f\u0131 gerek\u00e7esiyle itiraz dilek\u00e7esi ya\u011f\u0131yor.<\/p>\n<p style=\"text-align: justify;\">YGS\u2019de \u2018sehven\u2019 yap\u0131lan hatalar zincirine bir yenisinin daha eklendi\u011fi \u00f6ne s\u00fcr\u00fcld\u00fc. <\/p>\n","protected":false},"author":1,"featured_media":0,"comment_status":"open","ping_status":"closed","sticky":false,"template":"","format":"standard","meta":{"footnotes":""},"categories":[105],"tags":[],"class_list":["post-31691","post","type-post","status-publish","format-standard","hentry","category-gundem","odd"],"_links":{"self":[{"href":"http:\/\/www.korhanyilmaz.com\/index.php?rest_route=\/wp\/v2\/posts\/31691","targetHints":{"allow":["GET"]}}],"collection":[{"href":"http:\/\/www.korhanyilmaz.com\/index.php?rest_route=\/wp\/v2\/posts"}],"about":[{"href":"http:\/\/www.korhanyilmaz.com\/index.php?rest_route=\/wp\/v2\/types\/post"}],"author":[{"embeddable":true,"href":"http:\/\/www.korhanyilmaz.com\/index.php?rest_route=\/wp\/v2\/users\/1"}],"replies":[{"embeddable":true,"href":"http:\/\/www.korhanyilmaz.com\/index.php?rest_route=%2Fwp%2Fv2%2Fcomments&post=31691"}],"version-history":[{"count":0,"href":"http:\/\/www.korhanyilmaz.com\/index.php?rest_route=\/wp\/v2\/posts\/31691\/revisions"}],"wp:attachment":[{"href":"http:\/\/www.korhanyilmaz.com\/index.php?rest_route=%2Fwp%2Fv2%2Fmedia&parent=31691"}],"wp:term":[{"taxonomy":"category","embeddable":true,"href":"http:\/\/www.korhanyilmaz.com\/index.php?rest_route=%2Fwp%2Fv2%2Fcategories&post=31691"},{"taxonomy":"post_tag","embeddable":true,"href":"http:\/\/www.korhanyilmaz.com\/index.php?rest_route=%2Fwp%2Fv2%2Ftags&post=31691"}],"curies":[{"name":"wp","href":"https:\/\/api.w.org\/{rel}","templated":true}]}}