{"id":31686,"date":"2011-05-04T07:28:30","date_gmt":"2011-05-04T04:28:30","guid":{"rendered":"http:\/\/www.korhanyilmaz.com\/?p=31686"},"modified":"2011-05-04T07:28:30","modified_gmt":"2011-05-04T04:28:30","slug":"osymde-kisiye-ozel-kadro-iddiasi","status":"publish","type":"post","link":"http:\/\/www.korhanyilmaz.com\/?p=31686","title":{"rendered":"\u00d6SYM&#8217;de ki\u015fiye \u00f6zel kadro iddias\u0131"},"content":{"rendered":"<p style=\"text-align: center;\"><a href=\"http:\/\/www.korhanyilmaz.com\/wp-content\/uploads\/2011\/05\/022.jpg\"  class=\"lightview\"><img loading=\"lazy\" decoding=\"async\" class=\"aligncenter size-full wp-image-31687\" src=\"http:\/\/www.korhanyilmaz.com\/wp-content\/uploads\/2011\/05\/022.jpg\" alt=\"\" width=\"365\" height=\"205\" \/><\/a><\/p>\n<p style=\"text-align: justify;\">\u00d6SYM&#8217;de \u015fimdi de \u2018ki\u015fiye \u00f6zel kadro\u2019 iddias\u0131 ortaya at\u0131ld\u0131. \u00d6SYM&#8217;de ge\u00e7ici personel stat\u00fcs\u00fcnde i\u015f\u00e7i olarak g\u00f6rev yapan 3 personelin, a\u00e7\u0131lan bir s\u0131nav sonucunda kurum personeli olmaya hak kazand\u0131\u011f\u0131 iddia edildi.<!--more--><\/p>\n<p style=\"text-align: justify;\">\u0130STANBUL &#8211; YGS&#8217;de \u015fifreleme yap\u0131ld\u0131\u011f\u0131 ve kopya \u00e7ekildi\u011fi gerek\u00e7esiyle ba\u015flat\u0131lan soru\u015fturmalar\u0131n oda\u011f\u0131ndaki \u00d6SYM&#8217;de \u015fimdi de &#8220;ki\u015fiye \u00f6zel kadro&#8221; iddias\u0131 ortaya at\u0131ld\u0131. 2011 Ocak&#8217;tan bu yana \u00d6SYM&#8217;de ge\u00e7ici personel stat\u00fcs\u00fcnde i\u015f\u00e7i olarak g\u00f6rev yapan 3 personelin, a\u00e7\u0131lan bir s\u0131nav sonucunda kurum personeli olmaya hak kazand\u0131klar\u0131 anla\u015f\u0131ld\u0131.<\/p>\n<p style=\"text-align: justify;\">T\u00fcrk E\u011fitim-Sen Genel Ba\u015fkan\u0131 \u0130smail Koncuk, &#8220;\u00d6SYM Ba\u015fkan\u0131 Ali Demir, bir tak\u0131m s\u0131navlarla kendi kadrosunu olu\u015fturuyor. \u00dc\u00e7 personel de Demir&#8217;e yak\u0131n isimler. Bu ki\u015filer i\u00e7in g\u00f6stermelik s\u0131nav yap\u0131ld\u0131&#8221; dedi.<\/p>\n<p style=\"text-align: justify;\">Koncuk&#8217;un ortaya att\u0131\u011f\u0131 iddiaya konu s\u00fcre\u00e7, \u015f\u00f6yle geli\u015fti.<\/p>\n<p style=\"text-align: justify;\">KPSS&#8217;deki kopya iddialar\u0131ndan sonra yeniden yap\u0131land\u0131r\u0131lan \u00d6SYM, Matematik, T\u00fcrk\u00e7e, Biyoloji (TUS), \u0130ngilizce, Almanca, Arap\u00e7a veya Fars\u00e7a, E\u011fitim Bilimleri, \u0130statistik, Hukuk, \u00c7izim ve Mizampaj, S\u00fcre\u00e7 Y\u00f6neticisi, Programc\u0131, Bili\u015fim Sistemleri Y\u00f6neticisi kadrolar\u0131na s\u00f6zle\u015fmeli eleman almak \u00fczere ilana \u00e7\u0131kt\u0131.<\/p>\n<p style=\"text-align: justify;\">Milliyet gazetesinin haberine g\u00f6re, ilanda m\u00fclakat s\u0131nav\u0131n\u0131n 18 Mart 2011&#8217;de yap\u0131laca\u011f\u0131 a\u00e7\u0131kland\u0131, ancak, daha sonra ba\u015fvuru yo\u011funlu\u011fu nedeniyle m\u00fclakat 21 Mart 2011&#8217;e ertelendi. \u00d6SYM, 30 Nisan 2011&#8217;de internet sitesinden duyurdu\u011fu listede s\u00f6z konusu kadrolara kimlerin al\u0131nd\u0131\u011f\u0131n\u0131 a\u00e7\u0131klad\u0131. Duyuruda, &#8220;s\u00f6zl\u00fc s\u0131nav sonucunda ba\u015far\u0131 olan adaylar\u0131n s\u00f6zle\u015fme yapmak \u00fczere 2 May\u0131s 2011&#8217;de kurumun personel birimine&#8221; davet edildi\u011fi belirtildi.<\/p>\n<p style=\"text-align: justify;\"><strong>G\u00d6STERMEL\u0130K SINAVLAR<\/strong><\/p>\n<p style=\"text-align: justify;\">\u00d6SYM&#8217;nin s\u0131nav\u0131 kazananlar aras\u0131nda a\u00e7\u0131klad\u0131\u011f\u0131 M.E., A.E.T ve E.A.&#8217;n\u0131n Ocak 2011&#8217;den bu yana kurumda \u00e7al\u0131\u015ft\u0131\u011f\u0131 iddia edildi. \u0130ddian\u0131n sahibi Koncuk, 3 ki\u015finin \u00f6nce METEKSAN&#8217;da ge\u00e7ici personel olarak i\u015fe al\u0131nd\u0131\u011f\u0131n\u0131, daha sonra \u00d6SYM&#8217;de \u00e7al\u0131\u015fmaya ba\u015flad\u0131klar\u0131n\u0131 anlatt\u0131. \u0130ddiaya g\u00f6re, 3 isimden ikisi Bilgi \u0130\u015flem, biri Test Ara\u015ft\u0131rma Birimi&#8217;nde g\u00f6rev yap\u0131yor.<\/p>\n<p style=\"text-align: justify;\">Koncuk, bu s\u00fcrecin ard\u0131ndan a\u00e7\u0131lan s\u0131navla 3 ismin \u00d6SYM personeli haline getirildi\u011fini ve halen ayn\u0131 birimde \u00e7al\u0131\u015ft\u0131klar\u0131n\u0131 ifade ederek, \u015funlar\u0131 kaydetti: &#8220;Demir, kendi kadrosunu kuruyor. Tecr\u00fcbeli kadrolar elimine edilmi\u015f, yerlerine i\u015f bilmezler atanm\u0131\u015ft\u0131r. \u00d6SYM&#8217;de kilit noktalardaki 19 y\u00f6netici de\u011fi\u015fti. Y\u00d6K bu konuda harekete ge\u00e7melidir.&#8221;<\/p>\n<p style=\"text-align: justify;\">\u00d6SYM \u00d6zel Kalem M\u00fcd\u00fcrl\u00fc\u011f\u00fc arac\u0131l\u0131\u011f\u0131yla ula\u015fmaya \u00e7al\u0131\u015f\u0131lan Demir ise iddialara herhangi bir yan\u0131t vermedi.<\/p>\n<p style=\"text-align: justify;\">\u00d6SYM&#8217;nin s\u0131nav \u00f6ncesi s\u00f6z konusu personel al\u0131mlar\u0131n\u0131, 31 Aral\u0131k 2010&#8217;da \u00e7\u0131kan bir Bakanlar Kurulu karar\u0131nca yapabildi\u011fi anla\u015f\u0131ld\u0131.<\/p>\n<p style=\"text-align: justify;\"><strong>DANI\u015eTAY&#8217;DA &#8220;KADRO&#8221; DAVASI<\/strong><\/p>\n<p style=\"text-align: justify;\">S\u00f6z konusu karar\u0131n ge\u00e7ici 10. maddesinde, \u00d6SYM&#8217;ye, Y\u00d6K&#8217;\u00fcn belirledi\u011fi kriterler do\u011frultusunda 2011 sonuna kadar \u00e7al\u0131\u015fmak \u00fczere ge\u00e7ici personel al\u0131m\u0131 yetkisi tan\u0131nd\u0131\u011f\u0131 bildirildi.<\/p>\n<p style=\"text-align: justify;\">\u00d6SYM&#8217;nin bu yolla ve s\u0131navla personel al\u0131mlar\u0131n\u0131 ger\u00e7ekle\u015ftirirken, S\u00fcre\u00e7 Y\u00f6neticisi, Programc\u0131, Bili\u015fim Sistemleri Y\u00f6neticisi alanlar\u0131 i\u00e7in KPSS puan\u0131 istenmemesi de dikkati \u00e7ekti. S\u00f6z konusu 3 isimden ikisinin bu yolla, KPSS puan\u0131 olmaks\u0131z\u0131n i\u015fe ba\u015flad\u0131klar\u0131 ve s\u0131nav\u0131 kazand\u0131klar\u0131 da bildirildi.<\/p>\n<p style=\"text-align: justify;\">Koncuk, bu al\u0131mlara konu karar\u0131n iptali istemiyle Dan\u0131\u015ftay&#8217;da dava a\u00e7t\u0131klar\u0131n\u0131 belirtirken, olu\u015fturulan sistemin istenilen ki\u015filerin kuruma al\u0131nmas\u0131na y\u00f6nelik oldu\u011funu savundu ve, &#8220;S\u0131navlar\u0131 kimin kazanaca\u011f\u0131 ise malum&#8221; diye konu\u015ftu.<\/p>\n<p style=\"text-align: justify;\"><strong>SINAVSIZ TAKD\u0130R YETK\u0130S\u0130<\/strong><\/p>\n<p style=\"text-align: justify;\">T\u00fcrk E\u011fitim-Sen&#8217;in Dan\u0131\u015ftay&#8217;da a\u00e7t\u0131\u011f\u0131 davan\u0131n dilek\u00e7esinde, 2010\/1169 say\u0131l\u0131 Bakanlar Kurulu karar\u0131 ile &#8220;S\u00f6zle\u015fmeli Personel \u00c7al\u0131\u015ft\u0131r\u0131lmas\u0131na \u0130li\u015fkin Esaslarda De\u011fi\u015fiklik Yap\u0131lmas\u0131na Dair Esaslar&#8221; hakk\u0131nda yap\u0131lan de\u011fi\u015fikli\u011fe g\u00f6re, \u00d6SYM&#8217;nin toplam say\u0131s\u0131 20&#8217;yi ge\u00e7memek kayd\u0131yla 2011 sonuna kadar Y\u00d6K taraf\u0131ndan belirlenecek esaslara g\u00f6re s\u00f6zle\u015fmeli personel alabilece\u011fi kaydedildi.<\/p>\n<p style=\"text-align: justify;\">Dan\u0131\u015ftay&#8217;\u0131n bu d\u00fczenleme ile ilgili y\u00fcr\u00fctmeyi durdurma karar\u0131 vermesi durumunda, \u00d6SYM&#8217;nin 2011 i\u00e7erisinde KPSS puan\u0131 \u015fart\u0131 aranmaks\u0131z\u0131n ald\u0131\u011f\u0131 s\u00f6zle\u015fmeli personele ili\u015fkin i\u015flemler yok h\u00fckm\u00fcnde say\u0131lacak.<\/p>\n<p style=\"text-align: justify;\"><a href=\"http:\/\/www.gazeteport.com.tr\/GUNCEL\/NEWS\/GP_898676\" target=\"_blank\">Kaynak : GAZETEPORT<\/a><\/p>\n","protected":false},"excerpt":{"rendered":"<p style=\"text-align: center;\">\n<p style=\"text-align: justify;\">\u00d6SYM&#8217;de \u015fimdi de \u2018ki\u015fiye \u00f6zel kadro\u2019 iddias\u0131 ortaya at\u0131ld\u0131. \u00d6SYM&#8217;de ge\u00e7ici personel stat\u00fcs\u00fcnde i\u015f\u00e7i olarak g\u00f6rev yapan 3 personelin, a\u00e7\u0131lan bir s\u0131nav sonucunda kurum personeli olmaya hak kazand\u0131\u011f\u0131 iddia edildi.<\/p>\n","protected":false},"author":1,"featured_media":0,"comment_status":"open","ping_status":"closed","sticky":false,"template":"","format":"standard","meta":{"footnotes":""},"categories":[105],"tags":[],"class_list":["post-31686","post","type-post","status-publish","format-standard","hentry","category-gundem","odd"],"_links":{"self":[{"href":"http:\/\/www.korhanyilmaz.com\/index.php?rest_route=\/wp\/v2\/posts\/31686","targetHints":{"allow":["GET"]}}],"collection":[{"href":"http:\/\/www.korhanyilmaz.com\/index.php?rest_route=\/wp\/v2\/posts"}],"about":[{"href":"http:\/\/www.korhanyilmaz.com\/index.php?rest_route=\/wp\/v2\/types\/post"}],"author":[{"embeddable":true,"href":"http:\/\/www.korhanyilmaz.com\/index.php?rest_route=\/wp\/v2\/users\/1"}],"replies":[{"embeddable":true,"href":"http:\/\/www.korhanyilmaz.com\/index.php?rest_route=%2Fwp%2Fv2%2Fcomments&post=31686"}],"version-history":[{"count":0,"href":"http:\/\/www.korhanyilmaz.com\/index.php?rest_route=\/wp\/v2\/posts\/31686\/revisions"}],"wp:attachment":[{"href":"http:\/\/www.korhanyilmaz.com\/index.php?rest_route=%2Fwp%2Fv2%2Fmedia&parent=31686"}],"wp:term":[{"taxonomy":"category","embeddable":true,"href":"http:\/\/www.korhanyilmaz.com\/index.php?rest_route=%2Fwp%2Fv2%2Fcategories&post=31686"},{"taxonomy":"post_tag","embeddable":true,"href":"http:\/\/www.korhanyilmaz.com\/index.php?rest_route=%2Fwp%2Fv2%2Ftags&post=31686"}],"curies":[{"name":"wp","href":"https:\/\/api.w.org\/{rel}","templated":true}]}}