{"id":31675,"date":"2011-05-03T21:58:49","date_gmt":"2011-05-03T18:58:49","guid":{"rendered":"http:\/\/www.korhanyilmaz.com\/?p=31675"},"modified":"2011-05-03T21:58:49","modified_gmt":"2011-05-03T18:58:49","slug":"kilicdarogluna-sitem-etti","status":"publish","type":"post","link":"http:\/\/www.korhanyilmaz.com\/?p=31675","title":{"rendered":"K\u0131l\u0131\u00e7daro\u011flu&#8217;na sitem etti"},"content":{"rendered":"<p style=\"text-align: justify;\"><a href=\"http:\/\/www.korhanyilmaz.com\/wp-content\/uploads\/2011\/05\/020.jpg\"  class=\"lightview\"><img loading=\"lazy\" decoding=\"async\" class=\"aligncenter size-full wp-image-31676\" src=\"http:\/\/www.korhanyilmaz.com\/wp-content\/uploads\/2011\/05\/020.jpg\" alt=\"\" width=\"449\" height=\"231\" \/><\/a><\/p>\n<p style=\"text-align: justify;\">K\u0131l\u0131\u00e7daro\u011flu, Siirt&#8217;te d\u00fczenledi\u011fi mitingde partililere hitap etti. Mitingin ard\u0131ndan kendisine mektup yazan Ebru Babao\u011flu&#8217;nu ziyaret etti. Babao\u011flu, &#8216;Neden bizim sorunlar\u0131m\u0131za de\u011finmiyorsunuz&#8217; diyerek CHP liderine sitemini iletti.<!--more--><\/p>\n<p style=\"text-align: justify;\">S\u0130\u0130RT &#8211; CHP Genel Ba\u015fkan\u0131 Kemal K\u0131l\u0131\u00e7daro\u011flu, &#8221;12 Eyl\u00fcl \u00fcr\u00fcn\u00fc olan partilerin, 12 Eyl\u00fcl rejimi ile hesapla\u015famayacaklar\u0131n\u0131&#8221; ifade ederek, &#8221;AK Parti&#8217;nin de 12 Eyl\u00fcl \u00fcr\u00fcn\u00fc bir parti oldu\u011funu&#8221; s\u00f6yledi.<\/p>\n<p style=\"text-align: justify;\">Baykan il\u00e7esine ba\u011fl\u0131 Ziyaret beldesindeki Veysel Karani T\u00fcrbesi&#8217;ni ziyaretinin ard\u0131ndan Cumhuriyet Meydan\u0131&#8217;nda d\u00fczenlenen mitingde konu\u015fan K\u0131l\u0131\u00e7daro\u011flu, binlerce faili me\u00e7hul cinayetin bulundu\u011funu, bunlar ayd\u0131nlans\u0131n diye ara\u015ft\u0131rma \u00f6nergeleri verdiklerini, fakat bunun ara\u015ft\u0131r\u0131lmas\u0131na engel olundu\u011funu belirtti.<\/p>\n<p style=\"text-align: justify;\">&#8221;Kim engel oldu? Demokrasi ve 12 Eyl\u00fcl diyorlar. 12 Eyl\u00fcl \u00fcr\u00fcn\u00fc olan partiler, 12 Eyl\u00fcl rejimi ile hesapla\u015famazlar. AK Parti 12 Eyl\u00fcl \u00fcr\u00fcn\u00fc bir partidir. De\u011fil diyorlarsa, Recep Tayyip Erdo\u011fan gelsin, konu\u015fal\u0131m, hesapla\u015fal\u0131m&#8221; diyen K\u0131l\u0131\u00e7daro\u011flu, binlerce vatanda\u015f\u0131n kay\u0131p oldu\u011funu, bunlar i\u00e7in uluslararas\u0131 standartta bir komisyon kurulmas\u0131n\u0131 istediklerini anlatt\u0131.<\/p>\n<p style=\"text-align: justify;\"><strong>K\u0131l\u0131\u00e7daro\u011flu, \u015f\u00f6yle konu\u015ftu<\/strong><\/p>\n<p style=\"text-align: justify;\">&#8221;Bir de diyorlar ki siz stat\u00fckocusunuz, stat\u00fckocular\u0131n Allah&#8217;\u0131 Ankara&#8217;dad\u0131r. Demokrasi ve \u00f6zg\u00fcrl\u00fc\u011f\u00fc, bar\u0131\u015f\u0131 ve insan haklar\u0131yla birlikte geni\u015fleterek getirece\u011fiz. Hi\u00e7 kimseyi \u00f6tekile\u015ftirmeyece\u011fiz. Biz CHP&#8217;yiz. Halktan, demokrasiden yana. Yani halk\u0131n partiyiz. Herkesi etnik kimli\u011fi ve inanc\u0131 benim ba\u015f\u0131m\u0131n \u00fcst\u00fcne. Ben etnik kimliklerle ve inan\u00e7larla, m\u00fccadele ve m\u00fcdahale etmem. Milletin derdiyle ilgiliyim. Herkes kimseyi \u00f6tekile\u015ftirmeden, biz karde\u015f\u00e7e bar\u0131\u015f ve huzur i\u00e7inde bu \u00fclkeyi aya\u011fa kald\u0131raca\u011f\u0131z. Kald\u0131rmaya da kararl\u0131y\u0131z.<\/p>\n<p style=\"text-align: justify;\">Ba\u015fbakan Diyarbak\u0131rl\u0131lara s\u00f6z verdi. Dedi ki &#8216;Sevgili Diyarbak\u0131rl\u0131lar Diyarbak\u0131r&#8217;a daha modern bir hapishane yapaca\u011f\u0131m.&#8217; D\u00fcnyada hi\u00e7 bir ba\u015fbakan hapishane s\u00f6z\u00fc vermez. Eski hapishaneyi insanl\u0131k m\u00fczesi yapaca\u011f\u0131z. Orada ya\u015fananlar\u0131 b\u00fct\u00fcn d\u00fcnyaya anlataca\u011f\u0131z. \u0130nsan\u0131m\u0131z\u0131 seviyoruz. O ac\u0131lar bedel \u00f6deyenleridir. Bedel \u00f6deyenlere sayg\u0131 duyaca\u011f\u0131z.&#8221;<\/p>\n<p style=\"text-align: justify;\">Yat\u0131r\u0131mlara sa\u011flanan te\u015fvikler konusunda M\u0131s\u0131r \u00f6rne\u011fini veren K\u0131l\u0131\u00e7daro\u011flu, bu te\u015fvikleri T\u00fcrkiye&#8217;de de vereceklerini, fabrikalar\u0131n T\u00fcrkiye&#8217;ye de gelece\u011fini ve istihdam yarataca\u011f\u0131n\u0131 anlatt\u0131. K\u0131l\u0131\u00e7daro\u011flu, gerekirse o fabrikalar i\u00e7in vergiyi s\u0131f\u0131rlayacaklar\u0131n\u0131 bildirdi.<\/p>\n<p style=\"text-align: justify;\">TEKEL fabrikalar\u0131n\u0131n da ABD kazans\u0131n diye kapat\u0131ld\u0131\u011f\u0131n\u0131, t\u00fct\u00fcn\u00fcn yasakland\u0131\u011f\u0131n\u0131 savunan K\u0131l\u0131\u00e7daro\u011flu, konu\u015fmas\u0131n\u0131 \u015f\u00f6yle s\u00fcrd\u00fcrd\u00fc:<\/p>\n<p style=\"text-align: justify;\">&#8221;Bana yetki verin, kul hakk\u0131 yiyenden kesinlikle hesap soraca\u011f\u0131m. Bana g\u00fc\u00e7 ve destek verin. 1 milyon 700 bin \u00e7ocu\u011fun umutlar\u0131yla oynad\u0131lar. S\u0131nava ald\u0131lar. Bir bakt\u0131k \u015fifre var. \u00d6nce yok, sonra sehven, sonra var dediler. Bu \u00e7ocuklar\u0131n g\u00fcnah\u0131 onlar\u0131n boynuna. Temiz siyaseti getirece\u011fim. Halk i\u00e7in \u00e7al\u0131\u015faca\u011f\u0131m. Sizin i\u00e7in m\u00fccadele edece\u011fim. \u00c7ocuklar\u0131n hesab\u0131n\u0131 soraca\u011f\u0131m. Biz yola demokrasi, insan\u0131m\u0131z mutlu olsun, karde\u015f kavgas\u0131 olmas\u0131n, huzuru getirece\u011fiz diye \u00e7\u0131kt\u0131k. Tek d\u00fc\u015f\u00fcncemiz, herkes huzur ve bar\u0131\u015f i\u00e7inde ya\u015fas\u0131n. Sizden yetki istiyoruz. G\u00fc\u00e7 bizden, yetki sizden.&#8221;<\/p>\n<p style=\"text-align: justify;\">K\u0131l\u0131\u00e7daro\u011flu, Naz\u0131m Hikmet&#8217;in bir \u015fiirini de okudu.<\/p>\n<p style=\"text-align: justify;\">CHP&#8217;nin Siirt milletvekilleri adaylar\u0131n\u0131n tan\u0131t\u0131ld\u0131\u011f\u0131 mitinge, CHP Genel Ba\u015fkan Yard\u0131mc\u0131s\u0131 Sezgin Tanr\u0131kulu da kat\u0131ld\u0131.<\/p>\n<p style=\"text-align: justify;\">Miting alan\u0131nda, &#8221;S\u00f6zde de\u011fil, \u00f6zde K\u00fcrt dostu yi\u011fito\u011flu yi\u011fito\u011flan Siirt&#8217;e ho\u015fgeldin&#8221; yaz\u0131l\u0131 pankart yer ald\u0131.<\/p>\n<p style=\"text-align: justify;\">Mitingin ard\u0131ndan, Ayd\u0131nlar Caddesi&#8217;nde vatanda\u015flarla sohbet eden K\u0131l\u0131\u00e7daro\u011flu, vatanda\u015flar\u0131n sorunlar\u0131n\u0131 dinledi. Burada kendisine ikram edilen \u00e7ay\u0131 i\u00e7erek ada\u015f\u0131 olan bir vatanda\u015fla konu\u015ftu.<\/p>\n<p style=\"text-align: justify;\">\u00d6te yandan, Babao\u011flu ailesini ziyareti bitiminde ismi \u00f6\u011frenilemeyen bir ki\u015finin K\u0131l\u0131\u00e7daro\u011flu&#8217;nu protesto etmek istemesi, partilerce engellendi.<\/p>\n<p style=\"text-align: justify;\"><strong>MEKTUP G\u00d6NDEREN ENGELLI KIZI DA ZIYARET ETTI<\/strong><\/p>\n<p style=\"text-align: justify;\">CHP Genel Ba\u015fkan\u0131 Kemal K\u0131l\u0131\u00e7daro\u011flu, Siirt Cumhuriyet Meydan\u0131&#8217;ndaki mitinginden sonra, bedensel engelli Ebru Babao\u011flu&#8217;nu Yenimahalle&#8217;deki evinde ziyaret etti ve bir s\u00fcre ba\u015fba\u015fa g\u00f6r\u00fc\u015ft\u00fc.<\/p>\n<p style=\"text-align: justify;\">Ebru Babao\u011flu bu g\u00f6r\u00fc\u015fme s\u0131ras\u0131nda K\u0131l\u0131\u00e7daro\u011flu&#8217;na neden engellilerin sorunlar\u0131na de\u011finmedi\u011fini sordu. K\u0131l\u0131\u00e7daro\u011flu ise, Kars&#8217;taki mitinginde bu konulara de\u011finece\u011fini s\u00f6yledi.<\/p>\n<p style=\"text-align: justify;\">Ebru Babao\u011flu, daha \u00f6nce Kemal K\u0131l\u0131\u00e7daro\u011flu&#8217;na g\u00f6nderdi\u011fi mektupta Siirt&#8217;e gelmesi halinde kendisini ziyaret etmesini istemi\u015fti.<\/p>\n<p style=\"text-align: justify;\"><a href=\"http:\/\/www.gazeteport.com.tr\/SIYASET\/NEWS\/GP_898604\" target=\"_blank\">Kaynak : GAZETEPORT<\/a><\/p>\n","protected":false},"excerpt":{"rendered":"<p style=\"text-align: justify;\">\n<p style=\"text-align: justify;\">K\u0131l\u0131\u00e7daro\u011flu, Siirt&#8217;te d\u00fczenledi\u011fi mitingde partililere hitap etti. Mitingin ard\u0131ndan kendisine mektup yazan Ebru Babao\u011flu&#8217;nu ziyaret etti. Babao\u011flu, &#8216;Neden bizim sorunlar\u0131m\u0131za de\u011finmiyorsunuz&#8217; diyerek CHP liderine sitemini iletti.<\/p>\n","protected":false},"author":1,"featured_media":0,"comment_status":"open","ping_status":"closed","sticky":false,"template":"","format":"standard","meta":{"footnotes":""},"categories":[105],"tags":[],"class_list":["post-31675","post","type-post","status-publish","format-standard","hentry","category-gundem","odd"],"_links":{"self":[{"href":"http:\/\/www.korhanyilmaz.com\/index.php?rest_route=\/wp\/v2\/posts\/31675","targetHints":{"allow":["GET"]}}],"collection":[{"href":"http:\/\/www.korhanyilmaz.com\/index.php?rest_route=\/wp\/v2\/posts"}],"about":[{"href":"http:\/\/www.korhanyilmaz.com\/index.php?rest_route=\/wp\/v2\/types\/post"}],"author":[{"embeddable":true,"href":"http:\/\/www.korhanyilmaz.com\/index.php?rest_route=\/wp\/v2\/users\/1"}],"replies":[{"embeddable":true,"href":"http:\/\/www.korhanyilmaz.com\/index.php?rest_route=%2Fwp%2Fv2%2Fcomments&post=31675"}],"version-history":[{"count":0,"href":"http:\/\/www.korhanyilmaz.com\/index.php?rest_route=\/wp\/v2\/posts\/31675\/revisions"}],"wp:attachment":[{"href":"http:\/\/www.korhanyilmaz.com\/index.php?rest_route=%2Fwp%2Fv2%2Fmedia&parent=31675"}],"wp:term":[{"taxonomy":"category","embeddable":true,"href":"http:\/\/www.korhanyilmaz.com\/index.php?rest_route=%2Fwp%2Fv2%2Fcategories&post=31675"},{"taxonomy":"post_tag","embeddable":true,"href":"http:\/\/www.korhanyilmaz.com\/index.php?rest_route=%2Fwp%2Fv2%2Ftags&post=31675"}],"curies":[{"name":"wp","href":"https:\/\/api.w.org\/{rel}","templated":true}]}}