{"id":31670,"date":"2011-05-03T21:25:16","date_gmt":"2011-05-03T18:25:16","guid":{"rendered":"http:\/\/www.korhanyilmaz.com\/?p=31670"},"modified":"2011-05-03T21:25:16","modified_gmt":"2011-05-03T18:25:16","slug":"iste-o-belge","status":"publish","type":"post","link":"http:\/\/www.korhanyilmaz.com\/?p=31670","title":{"rendered":"\u0130\u015fte o belge"},"content":{"rendered":"<p style=\"text-align: center;\"><a href=\"http:\/\/www.korhanyilmaz.com\/wp-content\/uploads\/2011\/05\/019.jpg\"  class=\"lightview\"><img loading=\"lazy\" decoding=\"async\" class=\"aligncenter size-full wp-image-31671\" src=\"http:\/\/www.korhanyilmaz.com\/wp-content\/uploads\/2011\/05\/019.jpg\" alt=\"\" width=\"414\" height=\"220\" \/><\/a><\/p>\n<p style=\"text-align: justify;\">CHP Genel Ba\u015fkan Yard\u0131mc\u0131s\u0131 G\u00fcrsel Tekin, Van&#8217;daki ihale yolsuzlu\u011fu iddias\u0131 ile ilgili, &#8221;Say\u0131n Akda\u011f, ge\u00e7en bir a\u00e7\u0131klama yapt\u0131. &#8216;\u0130ftira at\u0131yorlar&#8217; dedi. Bu belge Say\u0131n Akda\u011f&#8217;a aittir ve Say\u0131n Akda\u011f&#8217;\u0131n imzas\u0131 var alt\u0131nda. Bak bunu Urfa&#8217;da a\u00e7\u0131klam\u0131yorum. Dada\u015flar diyar\u0131nda a\u00e7\u0131kl\u0131yorum&#8221; dedi.<!--more--><\/p>\n<p style=\"text-align: justify;\">ERZURUM &#8211; Erzurum Havaliman\u0131&#8217;nda partililer taraf\u0131ndan kar\u015f\u0131lanan Tekin, CHP \u0130l Ba\u015fkanl\u0131\u011f\u0131na gitmek i\u00e7in hareket etti.<\/p>\n<p style=\"text-align: justify;\">Pelit Meydan\u0131&#8217;ndaki parti binas\u0131na gelen Tekin, CHP \u0130l Ba\u015fkanl\u0131\u011f\u0131na girmeden \u00f6nce MHP \u0130l Ba\u015fkanl\u0131\u011f\u0131na ge\u00e7erek, \u0130l Ba\u015fkan\u0131 Zekai Kaya ve milletvekili adaylar\u0131yla bir s\u00fcre sohbet etti.<\/p>\n<p style=\"text-align: justify;\">Ard\u0131ndan CHP se\u00e7im irtibat b\u00fcrosuna ge\u00e7en Tekin, burada gazetecilere a\u00e7\u0131klamalarda bulundu.<\/p>\n<p style=\"text-align: justify;\">Tekin, Van&#8217;daki ihale yolsuzlu\u011fu iddias\u0131yla ilgili olarak, Sa\u011fl\u0131k Bakan\u0131 Recep Akda\u011f&#8217;\u0131 ele\u015ftirerek, \u015funlar\u0131 kaydetti:<\/p>\n<p style=\"text-align: justify;\">&#8221;Biz Say\u0131n K\u0131l\u0131\u00e7daro\u011flu&#8217;nun \u00f6\u011frencileri oldu\u011fumuz i\u00e7in belgesiz konu\u015fmuyoruz. Say\u0131n Akda\u011f, ge\u00e7en bir a\u00e7\u0131klama yapt\u0131. &#8216;\u0130ftira at\u0131yorlar&#8217; dedi. Bu belge Say\u0131n Akda\u011f&#8217;a aittir ve Say\u0131n Akda\u011f&#8217;\u0131n imzas\u0131 var alt\u0131nda. Bak bunu Urfa&#8217;da a\u00e7\u0131klam\u0131yorum. Dada\u015flar diyar\u0131nda a\u00e7\u0131kl\u0131yorum. \u015eimdi Say\u0131n Bakana iki sorum var. Birincisi; bu ihale yolsuzlu\u011funda m\u00fcfetti\u015f raporlar\u0131 var. Say\u0131n Bakan, yaz\u0131 yazm\u0131\u015f, durdurmu\u015f. Bunlar\u0131n hepsi anla\u015f\u0131l\u0131r. AKP&#8217;nin modeli budur. Bir \u015feyi merak ediyoruz. Kamuoyunun da merak etmesi laz\u0131m. Bas\u0131ndaki arkada\u015flar\u0131m\u0131z da galiba merak ediyordur. Van&#8217;daki bu ihaleler kime verilmi\u015ftir. Bu firma kim? Bileniniz var m\u0131? Firman\u0131n AKP ile ba\u011flant\u0131s\u0131 var m\u0131, yok mu? Bunlar\u0131 da Say\u0131n Bakan a\u00e7\u0131klas\u0131n istiyoruz.&#8221;<\/p>\n<p style=\"text-align: justify;\"><strong>SU SORUNU \u0130DD\u0130ASI<\/strong><\/p>\n<p style=\"text-align: justify;\">Erzurum&#8217;da su sorunu bulundu\u011funu ileri s\u00fcren Tekin, eline ald\u0131\u011f\u0131 bir bardak suyu g\u00f6stererek, &#8221;Bunu Say\u0131n Ba\u015fbakana ve Belediye Ba\u015fkan\u0131na g\u00f6nderiyorum. Onlar i\u00e7iyorsa ben de i\u00e7ece\u011fim&#8221; dedi.<\/p>\n<p style=\"text-align: justify;\">Suyun \u00fczerine bak\u0131ld\u0131\u011f\u0131nda maden ya\u011f\u0131 gibi bir g\u00f6r\u00fcnt\u00fcs\u00fcn\u00fcn oldu\u011funu ifade eden Tekin, partililerin suyun tad\u0131na bakmas\u0131n\u0131 istemesi \u00fczerine ise &#8221;Say\u0131n Tayyip Erdo\u011fan&#8217;a g\u00f6nderece\u011fim o i\u00e7sin. \u0130n\u015fallah Erzurum bu zul\u00fcmden kurtulacakt\u0131r. Erzurum&#8217;a g\u00fcveniyoruz&#8221; diye konu\u015ftu.<\/p>\n<p style=\"text-align: justify;\">Tekin, bir gazetecinin CHP&#8217;nin do\u011fu i\u00e7in \u00e7\u0131lg\u0131n bir projesinin bulunup bulunmad\u0131\u011f\u0131n\u0131 sormas\u0131 \u00fczerine, \u015funlar\u0131 s\u00f6yledi:<\/p>\n<p style=\"text-align: justify;\">&#8221;Biz ak\u0131ll\u0131 projeler pe\u015findeyiz. \u00c7\u0131lg\u0131nl\u0131k falan de\u011fil. Allah T\u00fcrkiye&#8217;yi \u00e7\u0131lg\u0131nl\u0131klardan korusun. \u015eimdi \u00f6zellikle Say\u0131n Ba\u015fbakan bir harita \u00e7izmi\u015fti. Hat\u0131rlars\u0131n\u0131z Sivas&#8217;\u0131n \u00f6tesi&#8230;Sivas&#8217;\u0131n \u00f6tesinde bir peri\u015fanl\u0131k var. \u0130\u015fsizlik var, yoksulluk var. Bunu nereden g\u00f6r\u00fcyorsunuz diyeceksiniz. \u0130\u015fte Erzurum&#8217;a gidin, Erzurum milletvekilleri say\u0131s\u0131 azald\u0131. Erzurum&#8217;da icra daireleri artt\u0131. Erzurum&#8217;da yoksulluk diz boyu. Yolsuzluk diz boyu. B\u00fct\u00fcn bunlara bakt\u0131\u011f\u0131n\u0131zda sadece Erzurum de\u011fil, do\u011fuda bir\u00e7ok illerde bu s\u0131k\u0131nt\u0131 var.&#8221;<\/p>\n<p style=\"text-align: justify;\">CHP iktidar\u0131nda Erzurum&#8217;u en az 30 y\u0131l \u00f6nce kendi \u00e7ocuklu\u011funda bildi\u011fi duruma getireceklerini belirten Tekin, s\u00f6zlerini \u015f\u00f6yle s\u00fcrd\u00fcrd\u00fc:<\/p>\n<p style=\"text-align: justify;\">&#8221;Erzurum 30 y\u0131l \u00f6nce do\u011funun Paris&#8217;i idi, g\u00f6\u00e7 alan bir kentti. \u015eimdi g\u00f6\u00e7 veren bir kent haline geldi. \u00d6nemli bir tar\u0131m merkezi haline getirece\u011fiz. Et borsas\u0131 Erzurum&#8217;da olacak. Sadece T\u00fcrkiye&#8217;nin et borsas\u0131 de\u011fil, ayn\u0131 zamanda Ortado\u011fu&#8217;nun etini sa\u011flayacak bir co\u011frafya haline getirece\u011fiz. En \u00f6nemlisi turizm. \u015eimdi \u015fatafatl\u0131 bizim kayak tesisleri a\u00e7\u0131ld\u0131. Allah a\u015fk\u0131na burada esnaf\u0131n cebine 5 kuru\u015f para girdi mi size soruyorum. Taksicinin cebine para girdi mi? Bu nas\u0131l i\u015ftir? Yanda\u015f firmalara verdi, Erzurum&#8217;un i\u00e7ine dokunmadan gitti.&#8221;<\/p>\n<p style=\"text-align: justify;\">Tekin daha sonra, Erzurum Ticaret ve Sanayi Odas\u0131 Ba\u015fkan\u0131 L\u00fctf\u00fc Y\u00fccelik&#8217;i makam\u0131nda ziyaret etti.<\/p>\n<div id=\"attachment_31672\" style=\"width: 370px\" class=\"wp-caption aligncenter\"><a href=\"http:\/\/www.korhanyilmaz.com\/wp-content\/uploads\/2011\/05\/bakan.jpg\"  class=\"lightview\"><img loading=\"lazy\" decoding=\"async\" aria-describedby=\"caption-attachment-31672\" class=\"size-full wp-image-31672\" src=\"http:\/\/www.korhanyilmaz.com\/wp-content\/uploads\/2011\/05\/bakan.jpg\" alt=\"\" width=\"360\" height=\"420\" \/><\/a><p id=\"caption-attachment-31672\" class=\"wp-caption-text\">Ger\u00e7ek Boyut i\u00e7in resmin \u00fczerine T\u0131klay\u0131n\u0131z...<\/p><\/div>\n<p style=\"text-align: justify;\"><a href=\"http:\/\/www.gazeteport.com.tr\/SIYASET\/NEWS\/GP_898592\" target=\"_blank\">Kaynak : GAZETEPORT<\/a><\/p>\n","protected":false},"excerpt":{"rendered":"<p style=\"text-align: center;\">\n<p style=\"text-align: justify;\">CHP Genel Ba\u015fkan Yard\u0131mc\u0131s\u0131 G\u00fcrsel Tekin, Van&#8217;daki ihale yolsuzlu\u011fu iddias\u0131 ile ilgili, &#8221;Say\u0131n Akda\u011f, ge\u00e7en bir a\u00e7\u0131klama yapt\u0131. &#8216;\u0130ftira at\u0131yorlar&#8217; dedi. Bu belge Say\u0131n Akda\u011f&#8217;a aittir ve Say\u0131n Akda\u011f&#8217;\u0131n imzas\u0131 var alt\u0131nda. Bak bunu Urfa&#8217;da a\u00e7\u0131klam\u0131yorum. Dada\u015flar diyar\u0131nda a\u00e7\u0131kl\u0131yorum&#8221; dedi.<\/p>\n","protected":false},"author":1,"featured_media":0,"comment_status":"open","ping_status":"closed","sticky":false,"template":"","format":"standard","meta":{"footnotes":""},"categories":[105],"tags":[],"class_list":["post-31670","post","type-post","status-publish","format-standard","hentry","category-gundem","odd"],"_links":{"self":[{"href":"http:\/\/www.korhanyilmaz.com\/index.php?rest_route=\/wp\/v2\/posts\/31670","targetHints":{"allow":["GET"]}}],"collection":[{"href":"http:\/\/www.korhanyilmaz.com\/index.php?rest_route=\/wp\/v2\/posts"}],"about":[{"href":"http:\/\/www.korhanyilmaz.com\/index.php?rest_route=\/wp\/v2\/types\/post"}],"author":[{"embeddable":true,"href":"http:\/\/www.korhanyilmaz.com\/index.php?rest_route=\/wp\/v2\/users\/1"}],"replies":[{"embeddable":true,"href":"http:\/\/www.korhanyilmaz.com\/index.php?rest_route=%2Fwp%2Fv2%2Fcomments&post=31670"}],"version-history":[{"count":0,"href":"http:\/\/www.korhanyilmaz.com\/index.php?rest_route=\/wp\/v2\/posts\/31670\/revisions"}],"wp:attachment":[{"href":"http:\/\/www.korhanyilmaz.com\/index.php?rest_route=%2Fwp%2Fv2%2Fmedia&parent=31670"}],"wp:term":[{"taxonomy":"category","embeddable":true,"href":"http:\/\/www.korhanyilmaz.com\/index.php?rest_route=%2Fwp%2Fv2%2Fcategories&post=31670"},{"taxonomy":"post_tag","embeddable":true,"href":"http:\/\/www.korhanyilmaz.com\/index.php?rest_route=%2Fwp%2Fv2%2Ftags&post=31670"}],"curies":[{"name":"wp","href":"https:\/\/api.w.org\/{rel}","templated":true}]}}