{"id":31627,"date":"2011-05-03T09:33:52","date_gmt":"2011-05-03T06:33:52","guid":{"rendered":"http:\/\/www.korhanyilmaz.com\/?p=31627"},"modified":"2011-05-03T09:33:52","modified_gmt":"2011-05-03T06:33:52","slug":"o-kanal-mutlaka-yapilacak-benim-dedem-istiyor","status":"publish","type":"post","link":"http:\/\/www.korhanyilmaz.com\/?p=31627","title":{"rendered":"O kanal mutlaka yap\u0131lacak, benim dedem istiyor"},"content":{"rendered":"<p style=\"text-align: justify;\"><a href=\"http:\/\/www.korhanyilmaz.com\/wp-content\/uploads\/2011\/05\/015.jpg\"  class=\"lightview\"><img loading=\"lazy\" decoding=\"async\" class=\"aligncenter size-full wp-image-31628\" src=\"http:\/\/www.korhanyilmaz.com\/wp-content\/uploads\/2011\/05\/015.jpg\" alt=\"\" width=\"451\" height=\"256\" \/><\/a><\/p>\n<p style=\"text-align: justify;\">Ba\u015fbakan Recep Tayyip Erdo\u011fan TUSKON&#8217;un Geni\u015fletilmi\u015f Ba\u015fkanlar Kurulu Toplant\u0131s\u0131&#8217;nda konu\u015fuyor. Ba\u015fbakan Erdo\u011fan&#8217;\u0131n konu\u015fmas\u0131ndan sat\u0131rba\u015flar\u0131;<\/p>\n<p style=\"text-align: justify;\">T\u00fcrkiye&#8217;nin t\u00fcm illerinde 162 dernek 7 federasyon 100 bin \u015firket ve 32 binden fazla \u00fcye say\u0131s\u0131na ula\u015fan TUSKON&#8217;u tebrik ediyorum. TUSKON Anadolu ve Trakya&#8217;n\u0131n nefesi olmu\u015f durumunda. <!--more--><\/p>\n<p style=\"text-align: justify;\">&#8211; TUSKON&#8217;un ad\u0131n\u0131 bile duymad\u0131\u011f\u0131m\u0131z memleketlere yapt\u0131\u011f\u0131 gezilerden dolay\u0131 memnuniyetlerimi ifade ediyorum.<\/p>\n<p style=\"text-align: justify;\">&#8211; Daha \u00f6nce de ifade ettim, bug\u00fcn art\u0131k d\u00fcnyada askeri g\u00fcc\u00fcn\u00fcz tank\u0131n\u0131z t\u00fcfe\u011finiz de\u011fil, ekonomik siyasi k\u00fclt\u00fcrel g\u00fcc\u00fcn\u00fcz. Bug\u00fcn topraklar\u0131n fethi de\u011fil g\u00f6n\u00fcllerin fethi, g\u00f6n\u00fcllerde yer edinmek her \u015feyin \u00f6tesinde daha fazla anlam ta\u015f\u0131yor.<\/p>\n<p style=\"text-align: justify;\">&#8211; Gitti\u011fim hemen her \u00fclkede bir TUSKON \u00fcyesi ile kar\u015f\u0131la\u015ft\u0131m ve yat\u0131r\u0131mlar\u0131n\u0131 g\u00f6rd\u00fcm. Sadece konsolosluklar\u0131m\u0131z da b\u00fcy\u00fckel\u00e7iliklerimiz de de\u011fil, \u015fantiyelerimiz i\u015f yerlerimizin \u00f6n\u00fcnde T\u00fcrk bayra\u011f\u0131 gururla dalgalan\u0131yor.<\/p>\n<p style=\"text-align: justify;\">&#8211; T\u00fcrkiye her hedefe rahatl\u0131kla ula\u015fabilece\u011fine ula\u015fm\u0131\u015f bunun i\u00e7in canla ba\u015fla \u00e7al\u0131\u015fmaya ba\u015flam\u0131\u015f.<\/p>\n<p style=\"text-align: justify;\">&#8211; \u0130hracattaki 4 ayl\u0131k trend b\u00f6yle devam ederse 132 milyar dolarl\u0131k kriz \u00f6ncesi ihracat rakam\u0131na ula\u015f\u0131r\u0131z ve ge\u00e7eriz. B\u00f6yle giderse de 2023 y\u0131l\u0131 500 milyar dolarl\u0131k ihracat hedefini ger\u00e7ekle\u015ftirebiliriz.<\/p>\n<p style=\"text-align: justify;\">&#8211; Biz g\u00f6reve geldi\u011fimizde bizden \u00f6nceki h\u00fck\u00fcmetten bor\u00e7la devralm\u0131\u015ft\u0131k. \u015eimdi geldi\u011fimiz noktada in\u015fallah IMF&#8217;ye olan borcumuzu 2012 y\u0131l\u0131nda kapat\u0131yoruz ve T\u00fcrkiye ile IMF aras\u0131nda bor\u00e7 ili\u015fkisi kalmayacak. Bundan sonra da \u00fclkemizin menfaatine olan ne ise onu yapaca\u011f\u0131z.<\/p>\n<p style=\"text-align: justify;\"><strong>O KANAL \u0130STESEN\u0130Z DE \u0130STEMESEN\u0130Z DE YAPILACAK <\/strong><\/p>\n<p style=\"text-align: justify;\">&#8211; Bug\u00fcnlerde kanal \u0130stanbul ile ilgili bir a\u00e7\u0131klama yapt\u0131k. Sadece i\u00e7eride de\u011fil Avrupa&#8217;da da d\u00fcnyada da takdir mesajlar\u0131n\u0131 al\u0131yoruz. 1956-1957 y\u0131l\u0131nda merhum Menderes Adnan Menderes Bulvar\u0131n\u0131n a\u00e7\u0131l\u0131\u015f\u0131 yap\u0131ld\u0131. O g\u00fcn de ayn\u0131 CHP zihniyeti &#8216;o kadar geni\u015f caddeyi ne yapacaks\u0131n\u0131z buraya u\u00e7ak m\u0131 indireceksiniz&#8217; dediler. Birinci k\u00f6pr\u00fcye ikinci k\u00f6pr\u00fcye de kar\u015f\u0131 \u00e7\u0131km\u0131\u015flard\u0131. Bu zihniyet Marmaray&#8217;\u0131 da istemedi.<\/p>\n<p style=\"text-align: justify;\">&#8211; Benim dedem istedi, Abd\u00fclmecid bunun mimari projesini yapt\u0131. Biz de onun bu projesini yap\u0131yoruz. B\u00fct\u00fcn engellemelere ra\u011fmen Kanal \u0130stanbul projesini tamamlayaca\u011f\u0131z. Bitmedi, onun g\u00fcneyinde otomobil ge\u00e7i\u015fi i\u00e7in bir t\u00fcp ge\u00e7it daha yapaca\u011f\u0131z.<\/p>\n<p style=\"text-align: justify;\">&#8211; <span style=\"text-decoration: underline;\">\u0130steseniz de istemeseniz de o kanal a\u00e7\u0131lacak. \u00c7\u00fcnk\u00fc halk\u0131m istiyor. Dedem istiyor.<\/span><\/p>\n<p style=\"text-align: justify;\">&#8211; Bu zihniyet \u00e7\u0131km\u0131\u015f, o b\u00f6lgede insan yok diyor. Kanaldaki gemiyi g\u00f6r\u00fcyorlar sadece. Onlar herhalde bizim animasyona tak\u0131ld\u0131lar. Animasyona insan koysayd\u0131k bu sefer y\u00fczme bilmiyor diyeceklerdi. Bu proje deprem riski i\u00e7in \u00e7ok \u00f6nemli. Bir deprem olsa \u0130stanbul&#8217;da 5 milyon ki\u015fi hayat\u0131n\u0131 kaybedecek. Bunlar\u0131 kendileri de s\u00f6yl\u00fcyor. Bunun \u00f6n\u00fcne ge\u00e7mek i\u00e7in elinden geleni yap\u0131yorlar.<\/p>\n<p style=\"text-align: justify;\">&#8211; Keban baraj\u0131 yap\u0131l\u0131rken de kar\u015f\u0131 \u00e7\u0131km\u0131\u015flard\u0131. Hatta bir CHP \u00fcyesi mecliste &#8216;Bu kadar elektri\u011fi ne yapacaks\u0131n\u0131z, topra\u011fa m\u0131 vereceksiniz&#8221; dedi. Bunlar\u0131n hepsi akla mant\u0131\u011fa ayk\u0131r\u0131.<\/p>\n<p style=\"text-align: justify;\">-Bir yandan aile sigortas\u0131 derler \u00f6te yanda aile kurumunu \u00e7\u00fcr\u00fctecek hamlelerde bulunurlar. Bir yandan Ecevit derler bir yandan da Ecevit&#8217;e i\u015f g\u00f6remez raporu vereni hem de Ecevit&#8217;in memleketinden aday g\u00f6sterdiler.<\/p>\n<p style=\"text-align: justify;\">-\u00c7etelerin talimat\u0131 ile liste haz\u0131rlayanlar T\u00fcrkiye&#8217;nin hukukunu savunamazlar. Genel Ba\u015fkan olarak gitti her yerde ba\u015f\u00f6rt\u00fcs\u00fc, Mevlana \u00fczerinden istismar politikas\u0131 g\u00fcderken. Samsun&#8217;da ezan CHP sayesinde okunuyor derken \u00f6te yandan bu a\u00e7\u0131klamalar\u0131n tam tersi deme\u00e7lerde bulunuyorlar.  D\u00fcr\u00fcst de\u011filler. E\u011fer biz Kars&#8217;ta yap\u0131lan bir \u015feye kar\u015f\u0131 \u00e7\u0131kt\u0131ysak bunu sebebi var.<\/p>\n<p style=\"text-align: justify;\">-Tarihi tabyalar\u0131n \u00fczerine t\u00fcrbelerin oldu\u011fu yerde bu \u00e7al\u0131\u015fmalar\u0131 yapanlara izin veremeyiz. Uyar\u0131lara ra\u011fmen onu yapt\u0131ran belediye ba\u015fkan\u0131 CHP&#8217;nin birinci s\u0131radan belediye ba\u015fkan\u0131. Siz Topkap\u0131 surlar\u0131n\u0131n oraya yeni bir binalar yapamazs\u0131n\u0131z. Belirli bir mesafede belirli bir y\u00fcksekli\u011fe \u00e7\u0131kamazs\u0131n\u0131z. Biz bunun yan\u0131nda y\u00fczlerce tarihi eseri \u00fclkemize yeniden kazand\u0131rd\u0131k. Bunlar\u0131 da yapan biziz. O zaman susanlar \u015fimdi kar\u015f\u0131 \u00e7\u0131k\u0131yor.<\/p>\n<p style=\"text-align: justify;\">&#8211;Bizim h\u00fck\u00fcmet olarak vazifemiz bu \u00fclkenin yat\u0131r\u0131mc\u0131s\u0131na giri\u015fimcisine uygun zemini haz\u0131rlamak. E\u015fit f\u0131rsatlar\u0131 sa\u011flamak. Faizleri ve enflasyon hangi noktalardan nerelere geldik. Rakamlar a\u00e7\u0131klan\u0131yor g\u00f6r\u00fcyoruz. \u00d6zellikle bir \u015feyin \u00fczerinde \u0131srarla duruyorum. \u0130n\u015fallah bu \u00fclkede enflasyon ile faizi ayn\u0131 noktaya \u00e7ekmeliyiz. Reel faizi neredeyse s\u0131f\u0131rlamal\u0131y\u0131z. Hep beraber bunu da ba\u015farabiliriz. ABD, Japonya gibi \u00fclkeler de faiz oranlar\u0131 0.25. Onlar buralardaysa biz neden bu seviyelerdeyiz.<\/p>\n<p style=\"text-align: justify;\">-Ne kadar d\u00fc\u015f\u00fcr\u00fcrsek rekabet \u015fartlar\u0131m\u0131z o kadar artacak. Para \u00fczerinden para kazanma de\u011fil yat\u0131r\u0131mlar \u00fczerinden g\u00fc\u00e7 kazanma anlay\u0131\u015f\u0131 \u00fclkemizin b\u00fct\u00fcn sahalar\u0131nda uygulamak istiyoruz. Biz yollar\u0131 a\u00e7aca\u011f\u0131z i\u015fadamlar\u0131m\u0131z o yollardan gidecek. Vizeleri kald\u0131raca\u011f\u0131z onlar rahatl\u0131kla seyahat edecekler. Morallerimizi daima y\u00fcksek tutaca\u011f\u0131z. Y\u0131ld\u0131zlar\u0131 hedefleyip y\u0131ld\u0131zlara ula\u015faca\u011f\u0131z.<\/p>\n<p style=\"text-align: justify;\"><a href=\"http:\/\/www.hurriyet.com.tr\/ekonomi\/17694848.asp?gid=381\" target=\"_blank\">Kaynak : H\u00fcrriyet<\/a><\/p>\n","protected":false},"excerpt":{"rendered":"<p style=\"text-align: justify;\">\n<p style=\"text-align: justify;\">Ba\u015fbakan Recep Tayyip Erdo\u011fan TUSKON&#8217;un Geni\u015fletilmi\u015f Ba\u015fkanlar Kurulu Toplant\u0131s\u0131&#8217;nda konu\u015fuyor. Ba\u015fbakan Erdo\u011fan&#8217;\u0131n konu\u015fmas\u0131ndan sat\u0131rba\u015flar\u0131;<\/p>\n<p style=\"text-align: justify;\">T\u00fcrkiye&#8217;nin t\u00fcm illerinde 162 dernek 7 federasyon 100 bin \u015firket ve 32 binden fazla \u00fcye say\u0131s\u0131na ula\u015fan TUSKON&#8217;u tebrik ediyorum. TUSKON Anadolu ve Trakya&#8217;n\u0131n nefesi olmu\u015f durumunda. <\/p>\n","protected":false},"author":1,"featured_media":0,"comment_status":"open","ping_status":"closed","sticky":false,"template":"","format":"standard","meta":{"footnotes":""},"categories":[105],"tags":[],"class_list":["post-31627","post","type-post","status-publish","format-standard","hentry","category-gundem","odd"],"_links":{"self":[{"href":"http:\/\/www.korhanyilmaz.com\/index.php?rest_route=\/wp\/v2\/posts\/31627","targetHints":{"allow":["GET"]}}],"collection":[{"href":"http:\/\/www.korhanyilmaz.com\/index.php?rest_route=\/wp\/v2\/posts"}],"about":[{"href":"http:\/\/www.korhanyilmaz.com\/index.php?rest_route=\/wp\/v2\/types\/post"}],"author":[{"embeddable":true,"href":"http:\/\/www.korhanyilmaz.com\/index.php?rest_route=\/wp\/v2\/users\/1"}],"replies":[{"embeddable":true,"href":"http:\/\/www.korhanyilmaz.com\/index.php?rest_route=%2Fwp%2Fv2%2Fcomments&post=31627"}],"version-history":[{"count":0,"href":"http:\/\/www.korhanyilmaz.com\/index.php?rest_route=\/wp\/v2\/posts\/31627\/revisions"}],"wp:attachment":[{"href":"http:\/\/www.korhanyilmaz.com\/index.php?rest_route=%2Fwp%2Fv2%2Fmedia&parent=31627"}],"wp:term":[{"taxonomy":"category","embeddable":true,"href":"http:\/\/www.korhanyilmaz.com\/index.php?rest_route=%2Fwp%2Fv2%2Fcategories&post=31627"},{"taxonomy":"post_tag","embeddable":true,"href":"http:\/\/www.korhanyilmaz.com\/index.php?rest_route=%2Fwp%2Fv2%2Ftags&post=31627"}],"curies":[{"name":"wp","href":"https:\/\/api.w.org\/{rel}","templated":true}]}}