{"id":3161,"date":"2009-02-07T17:33:13","date_gmt":"2009-02-07T15:33:13","guid":{"rendered":"http:\/\/www.korhanyilmaz.com\/?p=3161"},"modified":"2009-02-07T17:33:13","modified_gmt":"2009-02-07T15:33:13","slug":"baskanin-itiraf-edemedigi-gercek","status":"publish","type":"post","link":"http:\/\/www.korhanyilmaz.com\/?p=3161","title":{"rendered":"Ba\u015fkan&#039;\u0131n \u0130tiraf Edemedi\u011fi Ger\u00e7ek"},"content":{"rendered":"<p style=\"text-align: center;\"><img loading=\"lazy\" decoding=\"async\" class=\"aligncenter size-full wp-image-3162\" title=\"Yap\u0131lan iki a\u00e7\u0131klamada da hissedarlar\u0131n ad\u0131 sakland\u0131! \" src=\"http:\/\/www.korhanyilmaz.com\/wp-content\/uploads\/2009\/02\/070220090349049962411.jpg\" alt=\"Yap\u0131lan iki a\u00e7\u0131klamada da hissedarlar\u0131n ad\u0131 sakland\u0131! \" width=\"376\" height=\"240\" \/><\/p>\n<p style=\"text-align: justify;\">Rumeli Hisar\u0131&#8217;ndaki in\u015faatla ilgili \u0130stanbul B\u00fcy\u00fck\u015fehir Belediyesi&#8217;nden 48 saat i\u00e7inde iki a\u00e7\u0131klama yap\u0131ld\u0131. \u0130lkinde malik olarak Emine Kocada\u011f g\u00f6sterildi. Ancak VATAN tapu kay\u0131tlar\u0131nda 3&#8217;te 2 hissenin Topba\u015f&#8217;a ait oldu\u011funu ortaya \u00e7\u0131kard\u0131. Bunun \u00fczerine d\u00fcn yap\u0131lan a\u00e7\u0131klamada yine hisse sahiplerine a\u00e7\u0131kl\u0131k getirilmedi<\/p>\n<p style=\"text-align: justify;\">CHP \u0130stanbul Milletvekili \u00c7etin Soysal 4 \u015eubat&#8217;ta yapt\u0131\u011f\u0131 bas\u0131n toplant\u0131s\u0131nda \u0130stanbul B\u00fcy\u00fck\u015fehir Belediye Ba\u015fkan\u0131 Kadir Topba\u015f ve yak\u0131nlar\u0131 hakk\u0131nda iddialarda bulundu. Soysal, Topba\u015f Ailesi&#8217;nin ve yak\u0131nlar\u0131n\u0131n Rumeli Hisar\u0131&#8217;nda ka\u00e7ak in\u015faat yapt\u0131\u011f\u0131n\u0131 iddia etti. Bo\u011fazi\u00e7i \u00f6n g\u00f6r\u00fcn\u00fcmde olan b\u00f6lgede onar\u0131m ruhsat\u0131 ile in\u015faat yap\u0131ld\u0131\u011f\u0131n\u0131 ve 45 metrekarelik in\u015faat alan\u0131n\u0131n 150 metrekareye \u00e7\u0131kar\u0131ld\u0131\u011f\u0131n\u0131 kamuoyuna duyurdu. <!--more--><\/p>\n<p style=\"text-align: justify;\"><strong>&#8216;Malik Emine Kocada\u011f&#8217; dendi<\/strong><\/p>\n<p style=\"text-align: justify;\">Soysal&#8217;\u0131n bu iddialar\u0131n\u0131n \u00fczerine \u0130stanbul B\u00fcy\u00fck\u015fehir Belediye Ba\u015fkanl\u0131\u011f\u0131&#8217;ndan 2 a\u00e7\u0131klama yap\u0131ld\u0131. \u0130lk a\u00e7\u0131klama CHP&#8217;li Soysal&#8217;\u0131n bas\u0131n toplant\u0131s\u0131 yapt\u0131\u011f\u0131 g\u00fcn, 4 \u015eubat 2008 tarihinde gece 20:40&#8217;ta geldi. A\u00e7\u0131klamada, &#8216;Malik Emine Kocada\u011f&#8217;\u0131n m\u00fcracaat\u0131 \u00fczerine Bo\u011fazi\u00e7i \u0130mar M\u00fcd\u00fcrl\u00fc\u011f\u00fc&#8217;nce onar\u0131m ruhsat\u0131 d\u00fczenlendi\u011fi, iskanl\u0131 oldu\u011fu belirtilerek, \u00e7al\u0131\u015fman\u0131n, onar\u0131m izni kapsam\u0131nda, \u00e7elik yap\u0131 olan \u00e7arda\u011f\u0131n ta\u015f\u0131y\u0131c\u0131 \u00e7eliklerinin tamir ve bak\u0131m\u0131n\u0131 kapsad\u0131\u011f\u0131&#8217; s\u00f6ylendi.<\/p>\n<p style=\"text-align: justify;\"><strong>Hisselerin 3&#8217;te 2&#8217;si Topba\u015flar&#8217;a ait<\/strong><\/p>\n<p style=\"text-align: justify;\">Ancak \u00f6nceki g\u00fcn VATAN, tapuya giderek hissedarlar\u0131 inceledi. Parselin \u00fc\u00e7te ikisinin Topba\u015f Karde\u015fler&#8217;e ait oldu\u011funu ortaya \u00e7\u0131kard\u0131. Tapu kay\u0131tlar\u0131na g\u00f6re, 13 Ocak 1994 tarihinde 12 hisseli 518 metrekarelik arazi i\u00e7in tapu kayd\u0131 yap\u0131ld\u0131. 12 hisseli parselin 4 hissesi Emine Kocada\u011f \u00fczerine kay\u0131tl\u0131. Di\u011fer 8 hisse ise Kadir, Mehmet, Ahmet ve Mustafa Topba\u015f ad\u0131na. Her karde\u015fin hisse adedi ise 2&#8230; Yani 2 hisse bizzat kadir Topba\u015f ad\u0131na kay\u0131tl\u0131. Ancak belediyeden yap\u0131lan ilk a\u00e7\u0131klamada bu bilgiler gizli tutuldu. Parselin sahipleri aras\u0131nda Kadir Topba\u015f ve karde\u015flerinin oldu\u011fuyla ilgili en ufak bir bilgi yer almad\u0131.<\/p>\n<p style=\"text-align: justify;\"><strong>Ba\u015fkan&#8217;\u0131n hisseleri yine a\u00e7\u0131klanmad\u0131<\/strong><\/p>\n<p style=\"text-align: justify;\">Bu haberimizin \u00fczerine d\u00fcn saat 18:00&#8217;de \u0130stanbul Belediyesi&#8217;nden bir a\u00e7\u0131klama daha geldi. Bu a\u00e7\u0131klamada, &#8220;Daha \u00f6nce yapm\u0131\u015f oldu\u011fumuz bas\u0131n a\u00e7\u0131klamas\u0131nda m\u00fclk sahiplerinden Emine Kocada\u011f ad\u0131na d\u00fczenlenen onar\u0131m ruhsat\u0131 ile bu i\u015flemin yap\u0131ld\u0131\u011f\u0131n\u0131 belirtmi\u015ftik. Bu a\u00e7\u0131klamam\u0131z ayn\u0131 gazete taraf\u0131ndan sahipleri gizlenmi\u015f imas\u0131 ile \u00e7arpt\u0131r\u0131lm\u0131\u015ft\u0131r&#8221; dendi. Ancak hisse sahipleriyle ilgili yine tek bir a\u00e7\u0131klama yap\u0131lmad\u0131. VATAN&#8217;\u0131n ortaya \u00e7\u0131kard\u0131\u011f\u0131 ortakl\u0131k durumu son a\u00e7\u0131klamada da a\u00e7\u0131k a\u00e7\u0131k ifade edilmedi.<\/p>\n<p style=\"text-align: justify;\"><strong>G\u00fc\u00e7lendirme mi onar\u0131m m\u0131?<\/strong><\/p>\n<p style=\"text-align: justify;\">YapIlan son a\u00e7\u0131klamada dikkat \u00e7eken unsurlardan biri de onar\u0131mla ilgili. Yaz\u0131l\u0131 a\u00e7\u0131klamada &#8220;1957 \u00f6ncesi bir yap\u0131 oldu\u011fu i\u00e7in g\u00fc\u00e7lendirme ve onar\u0131m yap\u0131labilmektedir&#8221; ifadesi kullan\u0131l\u0131yor. Bu c\u00fcmlede &#8216;g\u00fc\u00e7lendirme&#8217; ifadesi dikkat \u00e7ekiyor. Daha sonraki sat\u0131rlarda ise &#8220;Maliklerden Emine Kocada\u011f&#8217;\u0131n m\u00fcracaat\u0131 \u00fczerine Bo\u011fazi\u00e7i \u0130mar M\u00fcd\u00fcrl\u00fc\u011f\u00fc taraf\u0131ndan &#8216;onar\u0131m ruhsat\u0131&#8217; d\u00fczenlenmi\u015ftir&#8221; deniyor. Yani ruhsat\u0131n sadece &#8216;onar\u0131m&#8217; ama\u00e7l\u0131 oldu\u011fu a\u00e7\u0131k\u00e7a belirtiliyor. A\u00e7\u0131klaman\u0131n en sonunda ise &#8220;\u0130stenilmesi halinde Kurul Karar\u0131 al\u0131nmak kayd\u0131yla g\u00fc\u00e7lendirme ruhsat\u0131 da d\u00fczenlenebilece\u011fini bir kez daha hat\u0131rlat\u0131r\u0131z&#8221; deniyor. Oysa kanun \u00e7ok a\u00e7\u0131k. G\u00fc\u00e7lendirme \u00e7al\u0131\u015fmas\u0131 yap\u0131labilmesi i\u00e7in K\u00fclt\u00fcr ve Tabiat Varl\u0131klar\u0131n\u0131 Koruma Kurulu&#8217;ndan izin al\u0131nmas\u0131 gerekiyor. Bu izin al\u0131nmadan g\u00fc\u00e7lendirme yap\u0131ld\u0131\u011f\u0131, \u0130BB&#8217;nin kendi a\u00e7\u0131klamalar\u0131nda a\u00e7\u0131k\u00e7a ifade ediliyor.<\/p>\n<p style=\"text-align: justify;\"><strong>BELED\u0130YE SAH\u0130B\u0130 ES GE\u00c7T\u0130, FOTO\u011eRAFLARA TAKTI<\/strong><\/p>\n<p style=\"text-align: justify;\">\u0130stanbul B\u00fcy\u00fck\u015fehir Belediye Ba\u015fkanl\u0131\u011f\u0131&#8217;ndan d\u00fcn yap\u0131lan a\u00e7\u0131klamada VATAN&#8217;da yer alan foto\u011fraflar\u0131n hileli olarak verildi\u011fi iddia edildi: &#8220;Biri eski, di\u011feri yeni olmak \u00fczere iki ayr\u0131 foto\u011frafa yer vererek, yasal onar\u0131m\u0131n, ka\u00e7ak bir in\u015fai faaliyet oldu\u011funu iddia etmektedir. Gazete, eski halini g\u00f6steren foto\u011fraf\u0131, binan\u0131n ikinci kat\u0131ndan itibaren kontura alarak sayfalar\u0131na yerle\u015ftirmekte ve okuyucuda tek katl\u0131 bina intiba\u0131 uyand\u0131rmaya \u00e7al\u0131\u015fmaktad\u0131r.&#8221; Ancak bu foto\u011fraflar VATAN&#8217;\u0131n \u00e7ekti\u011fi kareler de\u011fil. Bu kareler CHP \u0130stanbul Milletvekili \u00c7etin Soysal&#8217;\u0131n yapt\u0131\u011f\u0131 bas\u0131n toplant\u0131s\u0131nda bas\u0131n mensuplar\u0131na da\u011f\u0131t\u0131ld\u0131. Bu foto\u011fraflar \u00fczerinde en ufak bir oynama yap\u0131lmadan, orijinal haliyle yay\u0131nland\u0131.<\/p>\n<p style=\"text-align: justify;\"><strong>&#8216;\u00c7ARDAK&#8217; \u00d6NE GEN\u0130\u015eLED\u0130 B\u0130NANIN BOYU Y\u00dcKSELD\u0130<\/strong><\/p>\n<p style=\"text-align: justify;\">Ayr\u0131ca bu foto\u011fraflardaki detaylar\u0131 inceledi\u011fimizde dikkatli g\u00f6zlerden ka\u00e7mayacak ba\u015fka bir durum ortaya \u00e7\u0131k\u0131yor. \u00d6ncelikle in\u015faat\u0131n \u00f6ne do\u011fru geni\u015fledi\u011fi \u00e7ok a\u00e7\u0131k ortada. Eski halinde &#8216;\u00c7elik \u00e7ardak&#8217; denen b\u00f6l\u00fcm daha geride. &#8216;Yenilenen \u00e7elik \u00e7ardak&#8217; ise \u00f6ne ta\u015fm\u0131\u015f durumda. Ayr\u0131ca sa\u011f taraftaki binan\u0131n eskisine g\u00f6re daha y\u00fcksek oldu\u011fu da anla\u015f\u0131l\u0131yor. Eski foto\u011frafta arkadaki binan\u0131n penceresi g\u00f6r\u00fcn\u00fcrken, son \u00e7ekilen foto\u011frafta bu pencere g\u00f6r\u00fclm\u00fcyor. \u00c7\u00fcnk\u00fc binan\u0131n yeni hali eski haline oranla \u00e7ok daha y\u00fcksek. Foto\u011fraf\u0131n tam orta b\u00f6l\u00fcm\u00fcndeki \u00e7at\u0131 kar\u015f\u0131la\u015ft\u0131r\u0131ld\u0131\u011f\u0131nda ise yeni halinde \u00e7at\u0131n\u0131n uzat\u0131ld\u0131\u011f\u0131 da anla\u015f\u0131l\u0131yor. Oysa onar\u0131m izni, bu t\u00fcr i\u015flemlerin yap\u0131lmas\u0131 i\u00e7in yeterli de\u011fil. B\u00fct\u00fcn bu tart\u0131\u015fmalara ve ruhsat ile ilgili soru i\u015faretlerine ra\u011fmen Rumeli Hisar\u0131&#8217;ndaki \u00e7al\u0131\u015fmalar son h\u0131z\u0131yla devam ediyor.<\/p>\n<p style=\"text-align: justify;\"><strong>ESK\u0130 ORTAK SABR\u0130 TINAZ: Bize bir tek \u00e7ivi \u00e7akt\u0131rmad\u0131lar<\/strong><\/p>\n<p style=\"text-align: justify;\">Topba\u015e ve yak\u0131nlar\u0131na ait olan ve onar\u0131m izniyle y\u00fckselen binaya eskiden bir \u00e7ivi bile \u00e7akt\u0131r\u0131lmad\u0131\u011f\u0131 ortaya \u00e7\u0131kt\u0131. Ad\u0131 &#8216;Monako&#8217; olmas\u0131na ra\u011fmen y\u0131llarca Ali Baba&#8217;n\u0131n yeri olarak bilenen \u00e7ay bah\u00e7esinin 3 orta\u011f\u0131 vard\u0131: Ali G\u00f6kbo\u011fa, abisi Celal G\u00f6kbo\u011fa ve Sabri T\u0131naz. Bu \u00fc\u00e7l\u00fcden sadece Sabri T\u0131naz bug\u00fcn hayatta ve 83 ya\u015f\u0131nda&#8230; Ali G\u00f6kbo\u011fa ge\u00e7ti\u011fimiz A\u011fustos ay\u0131nda vefat etti. Abi Celal G\u00f6kbo\u011fa ise y\u0131llar \u00f6nce hayata g\u00f6zlerini yumdu.<\/p>\n<p style=\"text-align: justify;\">VATAN&#8217;a konu\u015fan Sabri T\u0131naz, kendi zamanlar\u0131nda \u00e7ay bah\u00e7esinde onar\u0131m yap\u0131lmas\u0131na izin vermediklerini s\u00f6yledi: &#8220;Ali&#8217;nin en b\u00fcy\u00fck hayallerinden biri \u00e7ay bah\u00e7esine camekan yapmakt\u0131. \u00c7\u00fcnk\u00fc insanlar\u0131n oturdu\u011fu yer hep a\u00e7\u0131kt\u0131 ve k\u0131\u015f\u0131n buras\u0131n\u0131 i\u015fletmek zor oluyordu. K\u00f6t\u00fc hava \u015fartlar\u0131 i\u015fi etkiliyordu. K\u0131\u015f\u0131n hi\u00e7 i\u015f yapam\u0131yorduk. Hep zarar ediyorduk. Bu y\u00fczden camekan yapt\u0131rmak istedi ama belediye kesinlikle izin vermedi. Hatta temel atmadan, prefabrik yap\u0131 yapal\u0131m dedik ama belediye \u00e7ivi bile \u00e7akmam\u0131za izin vermedi.&#8221;<\/p>\n<p style=\"text-align: justify;\"><strong>Camekan yapamad\u0131k<\/strong><\/p>\n<p style=\"text-align: justify;\">Ali G\u00f6kbo\u011fa ge\u00e7en A\u011fustos ay\u0131nda hayat\u0131n\u0131 kaybetti. E\u015fi \u015e\u00fckran G\u00f6kbo\u011fa, kocas\u0131n\u0131n \u00fcz\u00fcnt\u00fcden \u00f6ld\u00fc\u011f\u00fcn\u00fc d\u00fc\u015f\u00fcn\u00fcyor: &#8220;1994 y\u0131l\u0131nda \u00e7ay bah\u00e7esini kapay\u0131p Adana&#8217;ya yerle\u015ftik. 2008 A\u011fustos&#8217;ta ise Ali Bey hayat\u0131n\u0131 kaybetti. \u00c7ay bah\u00e7esinin bulundu\u011fu yer S\u0130T alan\u0131yd\u0131. E\u015fim Ali oraya bir\u00e7ok \u015fey yapmak istemi\u015fti ancak buna hi\u00e7 izin vermediler. Hatta k\u0131\u015f\u0131n para kazanam\u0131yorduk. \u00c7\u00fcnk\u00fc a\u00e7\u0131k oldu\u011fu i\u00e7in i\u015f yapam\u0131yordu. Bu y\u00fczden \u00fcst\u00fc kapal\u0131 ba sit bir yer yapmak istedi ama izin alamad\u0131. Bunun \u00fczerine hisselerimizi S\u00fcti\u015f&#8217;e devrettik. Biz ayr\u0131lmak zorunda kald\u0131k. Ali \u00e7ok \u00fcz\u00fcld\u00fc ayr\u0131ld\u0131\u011f\u0131m\u0131za. Daha sonra hastaland\u0131 ve aram\u0131zdan ayr\u0131ld\u0131.&#8221;<\/p>\n<p style=\"text-align: justify;\"><span style=\"color: #888888;\">Kaynak : Vatan Gazetesi<\/span><\/p>\n","protected":false},"excerpt":{"rendered":"<p style=\"text-align: center;\">\n<p style=\"text-align: justify;\">Rumeli Hisar\u0131&#8217;ndaki in\u015faatla ilgili \u0130stanbul B\u00fcy\u00fck\u015fehir Belediyesi&#8217;nden 48 saat i\u00e7inde iki a\u00e7\u0131klama yap\u0131ld\u0131. \u0130lkinde malik olarak Emine Kocada\u011f g\u00f6sterildi. Ancak VATAN tapu kay\u0131tlar\u0131nda 3&#8217;te 2 hissenin Topba\u015f&#8217;a ait oldu\u011funu ortaya \u00e7\u0131kard\u0131. Bunun \u00fczerine d\u00fcn yap\u0131lan a\u00e7\u0131klamada yine hisse sahiplerine a\u00e7\u0131kl\u0131k getirilmedi<\/p>\n<p style=\"text-align: justify;\">CHP \u0130stanbul Milletvekili \u00c7etin Soysal 4 \u015eubat&#8217;ta <\/p>\n","protected":false},"author":1,"featured_media":0,"comment_status":"open","ping_status":"closed","sticky":false,"template":"","format":"standard","meta":{"footnotes":""},"categories":[105],"tags":[],"class_list":["post-3161","post","type-post","status-publish","format-standard","hentry","category-gundem","odd"],"_links":{"self":[{"href":"http:\/\/www.korhanyilmaz.com\/index.php?rest_route=\/wp\/v2\/posts\/3161","targetHints":{"allow":["GET"]}}],"collection":[{"href":"http:\/\/www.korhanyilmaz.com\/index.php?rest_route=\/wp\/v2\/posts"}],"about":[{"href":"http:\/\/www.korhanyilmaz.com\/index.php?rest_route=\/wp\/v2\/types\/post"}],"author":[{"embeddable":true,"href":"http:\/\/www.korhanyilmaz.com\/index.php?rest_route=\/wp\/v2\/users\/1"}],"replies":[{"embeddable":true,"href":"http:\/\/www.korhanyilmaz.com\/index.php?rest_route=%2Fwp%2Fv2%2Fcomments&post=3161"}],"version-history":[{"count":0,"href":"http:\/\/www.korhanyilmaz.com\/index.php?rest_route=\/wp\/v2\/posts\/3161\/revisions"}],"wp:attachment":[{"href":"http:\/\/www.korhanyilmaz.com\/index.php?rest_route=%2Fwp%2Fv2%2Fmedia&parent=3161"}],"wp:term":[{"taxonomy":"category","embeddable":true,"href":"http:\/\/www.korhanyilmaz.com\/index.php?rest_route=%2Fwp%2Fv2%2Fcategories&post=3161"},{"taxonomy":"post_tag","embeddable":true,"href":"http:\/\/www.korhanyilmaz.com\/index.php?rest_route=%2Fwp%2Fv2%2Ftags&post=3161"}],"curies":[{"name":"wp","href":"https:\/\/api.w.org\/{rel}","templated":true}]}}