{"id":31598,"date":"2011-05-02T09:35:19","date_gmt":"2011-05-02T06:35:19","guid":{"rendered":"http:\/\/www.korhanyilmaz.com\/?p=31598"},"modified":"2011-05-02T09:35:19","modified_gmt":"2011-05-02T06:35:19","slug":"chpli-belediyelere-operasyon","status":"publish","type":"post","link":"http:\/\/www.korhanyilmaz.com\/?p=31598","title":{"rendered":"CHP&#8217;li belediyelere operasyon"},"content":{"rendered":"<p style=\"text-align: justify;\"><a href=\"http:\/\/www.korhanyilmaz.com\/wp-content\/uploads\/2011\/05\/010.jpg\"  class=\"lightview\"><img loading=\"lazy\" decoding=\"async\" class=\"aligncenter size-full wp-image-31599\" src=\"http:\/\/www.korhanyilmaz.com\/wp-content\/uploads\/2011\/05\/010.jpg\" alt=\"\" width=\"360\" height=\"239\" \/><\/a><\/p>\n<p style=\"text-align: justify;\">\u0130zmir B\u00fcy\u00fck\u015fehir Belediyesi, Karaba\u011flar ve Bayrakl\u0131 Belediyeleri ile Ayd\u0131n&#8217;\u0131n Ku\u015fadas\u0131 Belediyesi&#8217;ne d\u00fczenlenen bask\u0131nda 45 ki\u015fi g\u00f6zalt\u0131na al\u0131nd\u0131.<\/p>\n<p style=\"text-align: justify;\">CHP Genel Ba\u015fkan Yard\u0131mc\u0131s\u0131 Alaattin Y\u00fcksel, aramayla ilgili olarak, &#8221;B\u00fcy\u00fck \u00f6l\u00e7\u00fcde se\u00e7im sonu\u00e7lar\u0131n\u0131 etkilemeye y\u00f6nelik arama, T\u00fcrkiye&#8217;de uzun zamandan beri uygulanan bir korku, y\u0131ld\u0131rma ve bask\u0131 alt\u0131na alma anlay\u0131\u015f\u0131 gibi geliyor&#8221; dedi. <!--more--><\/p>\n<p style=\"text-align: justify;\">K\u00fclt\u00fcr ve Turizm Bakan\u0131 Ertu\u011frul G\u00fcnay, \u0130zmir B\u00fcy\u00fck\u015fehir Belediyesinde yap\u0131lan araman\u0131n zamanlamas\u0131ndan rahats\u0131zl\u0131k duydu\u011funu s\u00f6yledi.<\/p>\n<p style=\"text-align: justify;\">\u0130ZM\u0130R-AYDIN- Polis ekipleri e\u015f zamanl\u0131 bask\u0131nla B\u00fcy\u00fck\u015fehir Belediyesi, ESHOT hari\u00e7 aralar\u0131nda K\u00fclt\u00fcrpark&#8217;taki fuarc\u0131l\u0131k \u015firketi \u0130ZFA\u015e da olmak \u00fczere 14 \u015firket ve birime bask\u0131n yapt\u0131.<\/p>\n<p style=\"text-align: justify;\">Ekipler ayn\u0131 saatlerde Bayrakl\u0131 ve Karaba\u011flar belediyeleri ile Ayd\u0131n&#8217;\u0131n Ku\u015fadas\u0131 \u0130l\u00e7esi Belediyesi&#8217;ne de girdi. Polisler kap\u0131lar\u0131 tutarak g\u00f6revli olmayanlar\u0131 i\u00e7eriye almad\u0131. B\u00fcy\u00fck\u015fehir Belediye Ba\u015fkan\u0131 CHP&#8217;li Aziz Kocao\u011flu da bask\u0131n\u0131 haber al\u0131nca belediyeye geldi. Polisler operasyonla ilgili Kocao\u011flu&#8217;ne bilgi verdi.<\/p>\n<p style=\"text-align: justify;\">Polisin Genel Sekreter ve Genel Sekreter Yard\u0131mc\u0131lar\u0131, \u015firket genel m\u00fcd\u00fcrlerininin makamlar\u0131nda aramalar yapt\u0131\u011f\u0131 \u00f6\u011frenildi. \u0130haleye fesat kar\u0131\u015ft\u0131rma ve yolsuzluk iddias\u0131yla yap\u0131lan bask\u0131nda ihale belgelerine el konuldu.<\/p>\n<p style=\"text-align: justify;\"><strong>\u0130ZM\u0130R&#8217;DE 41 G\u00d6ZALTI<\/strong><\/p>\n<p style=\"text-align: justify;\">Operasyonda, aralar\u0131nda \u0130zmir B\u00fcy\u00fck\u015fehir Belediyesi Genel Sekreteri Pervin \u015eenel Gen\u00e7 ile yard\u0131mc\u0131s\u0131 S.B&#8217;nin de bulundu\u011fu 41 ki\u015fi g\u00f6zalt\u0131na al\u0131nd\u0131.Baz\u0131 personelin evlerinde arama yap\u0131ld\u0131\u011f\u0131, \u00e7ok say\u0131da ki\u015finin ifadesinin ise belediyede al\u0131nd\u0131\u011f\u0131 bildirildi.<\/p>\n<p style=\"text-align: justify;\">\u0130zmir B\u00fcy\u00fck\u015fehir Belediyesi\u2019ne y\u00f6nelik operasyonun ayr\u0131nt\u0131lar\u0131 ortaya \u00e7\u0131kmaya ba\u015flad\u0131. \u0130zmir 10&#8217;uncu A\u011f\u0131r Ceza Mahkemesi, &#8216;ihaleye fesat kar\u0131\u015ft\u0131rmak, edimin ifas\u0131na fesat kar\u0131\u015ft\u0131rmak, 4734 say\u0131l\u0131 Kamu \u0130hale Kanunu\u2019na muhalefet&#8217; su\u00e7lar\u0131na konu evrak ve dosyalar, i\u00e7eri\u011fi itibariyle sahte d\u00fczenlenen belge ve faturalar ile di\u011fer belge ve su\u00e7 unsurlar\u0131n\u0131n elde edilebilmesi amac\u0131yla arama izni verdi.<\/p>\n<p style=\"text-align: justify;\">Mahkeme karar\u0131nda 41 \u015f\u00fcphelinin \u00fczerlerinde, ev, i\u015fyeri ve otolar\u0131 ile belirtilen kurum ve \u015firket odalar\u0131nda arama yap\u0131lmas\u0131, \u015f\u00fcphelilerin su\u00e7 delilleriyle birlikte yakalanmas\u0131, su\u00e7 unsurlar\u0131 ve kan\u0131tlar\u0131n\u0131n ele ge\u00e7irilmesi ve el konulabilmesi i\u00e7in g\u00fcnd\u00fcz bir defaya mahsus arama yap\u0131lmas\u0131 yerald\u0131. Arama s\u0131ras\u0131nda ele ge\u00e7erilecek su\u00e7a konu e\u015fyalar (bilgisayar, kamu ihale belgeleri, \u00e7\u0131kma tabir edilen paralar\u0131n verildi\u011fi ve ihaleler esnas\u0131nda di\u011fer rakip firmalara verilen veya bu firmalardan al\u0131nd\u0131\u011f\u0131 de\u011ferlendirilen \u00e7ek, senet ve k\u0131ymetli evraklar, r\u00fc\u015fvet konusu paralar, hedef \u015fah\u0131slar\u0131n cel telefonlar\u0131, su\u00e7a konulu t\u00fcm belgeler) ayr\u0131ca aramalarda tespit edilecek di\u011fer su\u00e7 unsunlar\u0131 ve delillere el konulmas\u0131 istendi. Bilgisayar, CD, DVD, usm ve belleklerde de su\u00e7 unsurunun tespiti halinde kopyas\u0131n\u0131n al\u0131nmas\u0131 kararda yerald\u0131.<\/p>\n<p style=\"text-align: justify;\"><strong>TELEFONLAR D\u0130NLEND\u0130<\/strong><\/p>\n<p style=\"text-align: justify;\">Mahkeme, arama izninin gerek\u00e7esinde ise &#8216;incelenen soru\u015fturma dosyas\u0131n\u0131n i\u00e7eri\u011fine, teknik takip ve telefon konu\u015fmalar\u0131n\u0131 i\u00e7eren teyp d\u00f6k\u00fcmleri, al\u0131nan beyanlar bir b\u00fct\u00fcn olarak de\u011ferlendirildi\u011finde, Cumhuriyet Savc\u0131s\u0131n\u0131n belirtilen yerlerde arama yap\u0131lmas\u0131, su\u00e7 konusu e\u015fyalar\u0131n ele ge\u00e7irilip el konulmas\u0131, incelenmesi, kay\u0131t alt\u0131na al\u0131nmas\u0131 ve \u015f\u00fcphelilerin su\u00e7 delilleriyle birlikte yakalanmas\u0131 talebinde vicdani kan\u0131t olu\u015fmu\u015ftur&#8217; ifadesini kulland\u0131.<\/p>\n<p style=\"text-align: justify;\"><strong>ARANACAK YERLER \u00d6NCEDEN BEL\u0130RLEND\u0130<\/strong><\/p>\n<p style=\"text-align: justify;\">Mahkeme, aranacak yerleri de de t\u00fcm detaylar\u0131 ile karar\u0131nda belirtti. Kararda \u00f6rne\u011fin &#8216;\u0130zmir B\u00fcy\u00fck\u015fehir Belediyesi Ba\u015fkanl\u0131k Hizmet Binas\u0131\u2019n\u0131n 3&#8217;\u00fcnc\u00fc kat 323 nolu odan\u0131n solundaki k\u0131rm\u0131z\u0131 panjurlu oda&#8217;, &#8216;\u0130zmir B\u00fcy\u00fck\u015fehir Belediye Ba\u015fkanl\u0131\u011f\u0131 Spor Klub\u00fc &#8211; \u0130zmir Enternasyonal Fuar\u0131 Celal Atik Spor Salonu\u2019nun ikinci kat soldan ikinci kap\u0131 (Kap\u0131s\u0131nda Spor Klub\u00fc Genel Sekreteri yaz\u0131l\u0131&#8217; gibi tarife dayal\u0131 ifadeler yerald\u0131.<\/p>\n<p style=\"text-align: justify;\">Bu kapsamda, B\u00fcy\u00fck\u015fehir Belediyesi binas\u0131 i\u00e7inde yeralan Genel Sekreterlik, Genel Sekerter Yard\u0131mc\u0131l\u0131\u011f\u0131 ve Dairle Ba\u015fkanl\u0131\u011f\u0131 odalar\u0131, \u0130tfaiye Daire Ba\u015fkanl\u0131\u011f\u0131, Adnan Saygun K\u00fclt\u00fcrl Merkezi, \u0130ZSU Genel M\u00fcd\u00fcrl\u00fck binas\u0131, Halkap\u0131nar Hizmet binas\u0131, Grand Plaza binas\u0131, \u0130zelman, \u0130zula\u015f, \u0130zdeniz, Grand Plaza, \u0130zenerji Genel M\u00fcd\u00fcrl\u00fc\u011f\u00fc, Buz pateni pisti ile \u00c7a\u011flar \u00c7i\u00e7ek\u00e7ilik, \u0130zmir K\u00f6y Kalk\u0131nma Tar\u0131m Ama\u00e7l\u0131 Kooparetifler Birli\u011fi ile ihalelerle ilgili \u015firketlerde aramalar yap\u0131ld\u0131.<\/p>\n<p style=\"text-align: justify;\">Bu arada eski Genel Sekreter Ersu H\u0131z\u0131r\u2019\u0131n Hentbol Federasyonu\u2019nda g\u00f6revli olarak Fas\u2019a giderken sabah havaalan\u0131nda g\u00f6zalt\u0131na al\u0131nd\u0131\u011f\u0131 \u00f6\u011frenildi.<\/p>\n<p style=\"text-align: justify;\"><strong>KU\u015eADASI BELED\u0130YES\u0130NDE ARAMA<\/strong><\/p>\n<p style=\"text-align: justify;\">Ayd\u0131n Emniyet M\u00fcd\u00fcrl\u00fc\u011f\u00fc Ka\u00e7ak\u00e7\u0131l\u0131k ve Organize Su\u00e7larla M\u00fccadele  \u015eubesi mali b\u00fcro ekipleri, Ku\u015fadas\u0131 Belediyesinde arama yap\u0131yor. Belediyeye saat 07.30&#8217;da gelen yakla\u015f\u0131k 30 g\u00f6revli, ba\u015fkanl\u0131k kat\u0131 olarak da bilinen 4. katta \u00e7al\u0131\u015fmalar\u0131n\u0131 s\u00fcrd\u00fcr\u00fcyor.<\/p>\n<p style=\"text-align: justify;\">Belediye Ba\u015fkan\u0131 Esat Altung\u00fcn, gazetecilere yapt\u0131\u011f\u0131 a\u00e7\u0131klamada, olaydan bu sabah haberdar oldu\u011funu belirterek, &#8221;Birileri yine bizi \u015fikayet etmi\u015ftir. Durmadan \u015fikayet ediyorlar zaten. Neden geldiklerini ve sonucu hep birlikte \u00f6\u011frenece\u011fiz. Ben de \u015fu anda i\u00e7erik konusunda bilgi sahibi de\u011filim&#8221; dedi.<\/p>\n<p style=\"text-align: justify;\">Belediyenin mali i\u015fler m\u00fcd\u00fcr\u00fc Yusuf Atak ile sosyal i\u015fler sorumlusu Erdo\u011fan Uyan&#8217;\u0131n  polis e\u015fli\u011finde belediyeye getirildi\u011fi bildirildi. Belediye binas\u0131na bas\u0131n mensuplar\u0131n\u0131n giri\u015fine izin verilmiyor.<\/p>\n<p style=\"text-align: justify;\"><strong>&#8220;KORKU, YILDIRMA VE BASKI ALTINA ALMA ANLAYI\u015eI&#8221;<\/strong><\/p>\n<p style=\"text-align: justify;\">CHP Genel Ba\u015fkan Yard\u0131mc\u0131s\u0131 Alaattin Y\u00fcksel, \u0130zmir B\u00fcy\u00fck\u015fehir Belediyesindeki aramayla ilgili olarak, &#8221;B\u00fcy\u00fck \u00f6l\u00e7\u00fcde se\u00e7im sonu\u00e7lar\u0131n\u0131 etkilemeye y\u00f6nelik arama, T\u00fcrkiye&#8217;de uzun zamandan beri uygulanan bir korku, y\u0131ld\u0131rma ve bask\u0131 alt\u0131na alma anlay\u0131\u015f\u0131 gibi geliyor&#8221; dedi.<\/p>\n<p style=\"text-align: justify;\">Y\u00fcksel, \u0130zmir B\u00fcy\u00fck\u015fehir Belediye Ba\u015fkan\u0131 Aziz Kocao\u011flu&#8217;nu ziyaretinden \u00f6nce gazetecilere yapt\u0131\u011f\u0131 a\u00e7\u0131klamada, konuyla ilgili bilgi almak i\u00e7in belediye geldiklerini belirterek, &#8221;T\u00fcrkiye&#8217;de yasalara uyma a\u00e7\u0131s\u0131ndan en dikkatli belediyenin, \u0130zmir B\u00fcy\u00fck\u015fehir Belediyesi oldu\u011funu biliyoruz. Bu konuda bizzat bakanl\u0131klardan da \u00f6nemli \u00f6vg\u00fc alm\u0131\u015f, \u00f6rnek g\u00f6sterilmi\u015f bir belediyedir. Bu nedenle \u0130zmir B\u00fcy\u00fck\u015fehir Belediyesine g\u00fcveniyoruz. Aziz Kocao\u011flu&#8217;nu ziyarete geldik, geli\u015fmelerle ilgili bilgi alaca\u011f\u0131z&#8221; dedi.<\/p>\n<p style=\"text-align: justify;\">Arama i\u015fleminin se\u00e7ime 40 g\u00fcn kala yap\u0131ld\u0131\u011f\u0131n\u0131 hat\u0131rlatan Y\u00fcksel, s\u00f6zlerini \u015f\u00f6yle s\u00fcrd\u00fcrd\u00fc:<\/p>\n<p style=\"text-align: justify;\">&#8221;B\u00fcy\u00fck \u00f6l\u00e7\u00fcde se\u00e7im sonu\u00e7lar\u0131n\u0131 etkilemeye y\u00f6nelik arama, T\u00fcrkiye&#8217;de uzun zamandan beri uygulanan bir korku, y\u0131ld\u0131rma ve bask\u0131 alt\u0131na alma anlay\u0131\u015f\u0131 gibi geliyor. Geli\u015fmeleri hep birlikte izleyece\u011fiz. Demokrasinin, bar\u0131\u015f\u0131n kenti \u0130zmir&#8217;deki \u00f6zg\u00fcrl\u00fcklerin, bar\u0131\u015f ve demokrasinin b\u00fct\u00fcn T\u00fcrkiye&#8217;de olmas\u0131n\u0131 istiyoruz. Bunun i\u00e7in \u0130zmir&#8217;i hep \u00f6rnek g\u00f6steriyoruz. O nedenle belki &#8216;\u0130zmir&#8217;den ba\u015flayan se\u00e7im sonu\u00e7lar\u0131n\u0131 etkilemeye y\u00f6nelik bir bask\u0131 olabilir&#8217; diye d\u00fc\u015f\u00fcn\u00fcyoruz. Bunu, siyasi eti\u011fe, siyasi ahlaka uygun bulmad\u0131\u011f\u0131m\u0131z\u0131 belirtmek isteriz.<\/p>\n<p style=\"text-align: justify;\">Bu t\u00fcr bask\u0131lar\u0131n, \u0130zmir&#8217;de hep aksine sonu\u00e7 verdi\u011fini biliyoruz. \u0130zmirlinin tam tersine gerek \u0130zmir&#8217;deki namuslu yerel y\u00f6neticilerimize, gerekse CHP&#8217;ye daha \u00e7ok sahip \u00e7\u0131kacaklar\u0131na inan\u0131yorum. \u00c7ok b\u00fcy\u00fck bir infial var. \u00d6rg\u00fctlerimiz de ciddi bir infial halinde, biz kendilerini yat\u0131\u015ft\u0131r\u0131yoruz. Bu konuda operasyonu y\u00f6netenler taraf\u0131ndan da \u0130zmir kamuoyuna ve bize de derhal bir a\u00e7\u0131klama yap\u0131lmas\u0131n\u0131 bekliyoruz. Konuyla ilgili bir \u015fey bilmiyoruz.&#8221;<\/p>\n<p style=\"text-align: justify;\">CHP \u0130zmir Milletvekili Mehmet Ali Susam da gazetecilere yapt\u0131\u011f\u0131 a\u00e7\u0131klamada, sabah Aziz Kocao\u011flu&#8217;nu ziyaret etti\u011fini ve belediyede yap\u0131lan i\u015flemlerle ilgili bilgi ald\u0131\u011f\u0131n\u0131 s\u00f6yledi. Kocao\u011flu&#8217;nun daha sonra yaz\u0131l\u0131 olarak a\u00e7\u0131klama yapaca\u011f\u0131n\u0131 tahmin etti\u011fini ifade eden Susam, &#8221;Aziz Bey kendinde de\u011fil, yapt\u0131klar\u0131n\u0131n bilincinde. Bu olaylar\u0131 CHP&#8217;li bir belediyeye yap\u0131lm\u0131\u015f bir bask\u0131 olarak g\u00f6r\u00fcyor. Ben Aziz Kocao\u011flu&#8217;na ve CHP&#8217;li belediye ba\u015fkanlar\u0131na g\u00fcveniyorum&#8221; dedi. Susam, kendisinin ayr\u0131nt\u0131lar\u0131 bilmedi\u011fini, sadece Kocao\u011flu&#8217;na &#8221;ge\u00e7mi\u015f olsun&#8221; demek ve destek vermek i\u00e7in geldi\u011fini s\u00f6zlerine ekledi.<\/p>\n<p style=\"text-align: justify;\">Araman\u0131n belediyenin bir biriminde devam etti\u011fi, B\u00fcy\u00fck\u015fehir belediye Ba\u015fkan\u0131 Aziz Kocao\u011flu&#8217;nun, Emniyet yetkilileriyle ba\u015fkanl\u0131k kat\u0131nda oturdu\u011fu \u00f6\u011frenildi. Belediye yetkilileri, a\u00e7\u0131klaman\u0131n Emniyet M\u00fcd\u00fcrl\u00fc\u011f\u00fc taraf\u0131ndan yap\u0131lmas\u0131 gerekti\u011fini belirtti.<\/p>\n<p style=\"text-align: justify;\"><strong>&#8220;\u0130ZM\u0130R HALKI KES\u0130NL\u0130KLE TEPK\u0130 G\u00d6STER\u0130R&#8221;<\/strong><\/p>\n<p style=\"text-align: justify;\">CHP \u0130zmir \u0130l Ba\u015fkan\u0131 Tacettin Bay\u0131r, \u0130zmir B\u00fcy\u00fck\u015fehir Belediyesinde yap\u0131lan aramalarla ilgili, &#8221;\u0130zmir halk\u0131, b\u00fcy\u00fck\u015fehir belediye ba\u015fkan\u0131m\u0131za s\u00fcr\u00fclmek istenen bu lekeye kar\u015f\u0131 kesinlikle tepkisini g\u00f6sterir&#8221; dedi.<\/p>\n<p style=\"text-align: justify;\">\u00d6zel yetkili cumhuriyet savc\u0131lar\u0131n\u0131n talimat\u0131yla \u0130zmir Emniyet M\u00fcd\u00fcrl\u00fc\u011f\u00fc Ka\u00e7\u0131k\u00e7\u0131l\u0131k ve Organize Su\u00e7larla M\u00fccadele \u015eubesine ba\u011fl\u0131 Mali B\u00fcro ekipleri taraf\u0131ndan \u0130zmir B\u00fcy\u00fck\u015fehir Belediyesinde yap\u0131lan aramayla ilgili B\u00fcy\u00fck\u015fehir Belediye Ba\u015fkan\u0131 Kocao\u011flu ile odas\u0131nda g\u00f6r\u00fc\u015fen Bay\u0131r, \u00e7\u0131k\u0131\u015fta gazetecilerin sorular\u0131n\u0131 yan\u0131tlad\u0131.<\/p>\n<p style=\"text-align: justify;\">Bay\u0131r, operasyonla ilgili bilgiyi, operasyonu yapan ekiplerin vermesinin gerekti\u011fini belirterek, &#8221;S\u0131k\u0131nt\u0131 yok, normal bir inceleme gibi g\u00f6r\u00fcn\u00fcyor. Belediyemizde zaten bu t\u00fcr m\u00fcfetti\u015fler vard\u0131. Ama anla\u015f\u0131lan odur ki bug\u00fcn a\u00e7\u0131klanmas\u0131 gereken AKP&#8217;nin \u00e7\u0131lg\u0131n projesi, T\u00fcrkiye&#8217;nin en ba\u015far\u0131l\u0131, d\u00fcr\u00fcst belediye ba\u015fkan\u0131na b\u00f6yle bir \u00e7\u0131lg\u0131n projeyle y\u00f6ntem uygulamakm\u0131\u015f&#8221; \u015feklinde konu\u015ftu.<\/p>\n<p style=\"text-align: justify;\">CHP&#8217;nin ve \u0130zmir B\u00fcy\u00fck\u015fehir Belediyesinin aln\u0131n\u0131n ak oldu\u011funu, hi\u00e7bir sorun olmad\u0131\u011f\u0131n\u0131 ifade eden Bay\u0131r, operasyonla ilgili g\u00f6zalt\u0131 olmad\u0131\u011f\u0131n\u0131, sadece ifade al\u0131nmak \u00fczere g\u00f6t\u00fcr\u00fclenlerin bulundu\u011funu ileri s\u00fcrd\u00fc. Bay\u0131r, &#8221;Ald\u0131\u011f\u0131m bilgiye g\u00f6re iki \u015firket m\u00fcd\u00fcr\u00fc. Net olarak duymad\u0131m. S\u00f6ylenen bu&#8221; dedi.<\/p>\n<p style=\"text-align: justify;\">Olay\u0131n siyasi bir rant elde etmeye y\u00f6nelik oldu\u011funu ileri s\u00fcren Bay\u0131r, &#8221;Buradan prim yapmaya kalkanlar ba\u015far\u0131l\u0131 olamazlar. CHP oylar\u0131n\u0131 bu \u015fekilde etkileyemezler. Bu ters etki yapar. Ma\u011fdur edilmek istenen b\u00fcy\u00fck\u015fehir belediye ba\u015fkan\u0131m\u0131za s\u00fcr\u00fclmek istenen bu lekeye kar\u015f\u0131 kesinlikle tepkisini \u0130zmir halk\u0131 g\u00f6sterir&#8221; diye konu\u015ftu.<\/p>\n<p style=\"text-align: justify;\">Bay\u0131r, CHP Genel Ba\u015fkan\u0131 Kemal K\u0131l\u0131\u00e7daro\u011flu&#8217;nun operasyonu u\u00e7a\u011fa binmek \u00fczereyken haber ald\u0131\u011f\u0131n\u0131, kendisinin \u015fu anda u\u00e7akta oldu\u011funu da s\u00f6yledi.<\/p>\n<p style=\"text-align: justify;\"><strong>&#8221;TAL\u0130MAT NEREDEN ?&#8221;<\/strong><\/p>\n<p style=\"text-align: justify;\">CHP \u0130zmir Milletvekili O\u011fuz Oyan ise se\u00e7ime 40 g\u00fcn kala b\u00f6yle bir ara\u015ft\u0131rman\u0131n ni\u00e7in yap\u0131ld\u0131\u011f\u0131n\u0131 merak ettiklerini belirterek, &#8221;Mali polis kime ba\u011fl\u0131d\u0131r. \u0130\u00e7i\u015fleri Bakanl\u0131\u011f\u0131n\u0131n ba\u015f\u0131nda eski bir m\u00fcste\u015far oturuyor. Sadece onun yetkisiyle bu i\u015fler olur mu? Hangi noktadan bu talimatlar veriliyor. Bu nereye kadar \u00e7\u0131k\u0131yor. Buna bakmak laz\u0131m&#8221; dedi.<\/p>\n<p style=\"text-align: justify;\">Bu olay\u0131n CHP&#8217;nin \u0130zmir oylar\u0131n\u0131 art\u0131raca\u011f\u0131n\u0131 iddia eden Oyan, s\u00f6zlerini \u015f\u00f6yle s\u00fcrd\u00fcrd\u00fc:<\/p>\n<p style=\"text-align: justify;\">&#8221;Medyaya, yarg\u0131ya kurulan bask\u0131 neyse \u015fu an CHP&#8217;li belediyelere kurulan bask\u0131 da ayn\u0131d\u0131r. Ama bu \u0130zmirlilerin \u00e7ok sert tepkisiyle kar\u015f\u0131la\u015facakt\u0131r. Buna emin olunuz. Yani \u0130zmir&#8217;deki iddiam\u0131z \u015fimdikinden daha fazlad\u0131r. Eskiden neyse onun bir fazlas\u0131n\u0131 \u00e7\u0131karaca\u011f\u0131z \u0130zmir&#8217;den.<\/p>\n<p style=\"text-align: justify;\">\u0130ktidar\u0131n bu t\u00fcr bask\u0131lar\u0131 asl\u0131nda T\u00fcrkiye&#8217;yi g\u00f6t\u00fcrmek istedikleri bask\u0131 rejiminin, bir ki\u015fisel mutlakiyet rejiminin ipu\u00e7lar\u0131n\u0131 vermektedir. Bu ba\u011flamda bak\u0131ld\u0131\u011f\u0131nda galiba bu son \u0130zmir operasyonuyla iktidar ger\u00e7ekten baltay\u0131 ta\u015fa vurmu\u015ftur.<\/p>\n<p style=\"text-align: justify;\">Bir tak\u0131m belediyelerde Kayseri&#8217;de, Elaz\u0131\u011f&#8217;da iktidar\u0131n kendi partisinden gelen belediye ba\u015fkanlar\u0131n\u0131n \u00e7ok a\u00e7\u0131k yolsuzluk olaylar\u0131 var ve bunlar belgelenmi\u015ftir. Bunlarla ilgili soru\u015fturma yapmayan, m\u00fcfetti\u015f yollamayan iktidar\u0131n \u0130zmir B\u00fcy\u00fck\u015fehir ya da CHP&#8217;li belediyelere s\u00fcrekli m\u00fcfetti\u015f yollamas\u0131 ilgin\u00e7tir. Zaten b\u00fcy\u00fck\u015fehir belediyesinde mali polisin d\u0131\u015f\u0131nda neredeyse demirba\u015f hale gelmi\u015f m\u00fcfetti\u015fler vard\u0131. \u015eu an zaten t\u00fcm CHP&#8217;li belediyelerde tefti\u015f var.&#8221;<\/p>\n<p style=\"text-align: justify;\">Bu operasyonun amac\u0131n\u0131n se\u00e7ime \u00e7eyrek kala siyasi bir menfaat sa\u011flama amac\u0131 g\u00fctt\u00fc\u011f\u00fcn\u00fc savunan Oyan, &#8221;Bu faull\u00fc d\u00f6v\u00fc\u015fmedir. Bu AKP&#8217;nin T\u00fcrkiye&#8217;ye yak\u0131\u015fmad\u0131\u011f\u0131n\u0131 g\u00f6stermektedir&#8221; dedi. \u00d6te yandan operasyon kapsam\u0131nda \u0130ZFA\u015e \u0130zmir Fuarc\u0131l\u0131k Hizmetleri, K\u00fclt\u00fcr ve Sanat \u0130\u015fleri A\u015e binas\u0131nda da arama yap\u0131ld\u0131\u011f\u0131, polisin baz\u0131 belgelere el koydu\u011fu, \u0130ZFA\u015e \u0130dari \u0130\u015fler M\u00fcd\u00fcr\u00fc Z.K&#8217;n\u0131n g\u00f6zalt\u0131na al\u0131nd\u0131\u011f\u0131 \u00f6\u011frenildi.<\/p>\n<p style=\"text-align: justify;\"><strong>KARABA\u011eLAR VE KU\u015eADASI BELED\u0130YELER\u0130<\/strong><\/p>\n<p style=\"text-align: justify;\">Karaba\u011flar Belediyesinde sabah saatlerinde arama yap\u0131ld\u0131, baz\u0131 belgeler belediyeden al\u0131n\u0131p emniyet m\u00fcd\u00fcrl\u00fc\u011f\u00fcne g\u00f6t\u00fcr\u00fcld\u00fc.<\/p>\n<p style=\"text-align: justify;\">Karaba\u011flar Belediye Ba\u015fkan\u0131 S\u0131tk\u0131 K\u00fcr\u00fcm, yapt\u0131\u011f\u0131 yaz\u0131l\u0131 a\u00e7\u0131klamada, &#8221;Ekipler, sadece ba\u015fkan yard\u0131mc\u0131lar\u0131m\u0131zdan birinin odas\u0131nda arama yapt\u0131. Bilgimiz bununla s\u0131n\u0131rl\u0131. Biz de emniyet m\u00fcd\u00fcrl\u00fc\u011f\u00fc yetkililerinden bu aramalar\u0131n gerek\u00e7esi konusunda sa\u011fl\u0131kl\u0131 bir a\u00e7\u0131klama bekliyoruz. Belediyemizde t\u00fcm birimler rutin \u00e7al\u0131\u015fmalar\u0131n\u0131 s\u00fcrd\u00fcr\u00fcyor, hizmetlerimizde aksama yok, \u00e7al\u0131\u015fmalar\u0131m\u0131z devam ediyor&#8221; ifadesini kulland\u0131.<\/p>\n<p style=\"text-align: justify;\">Ayd\u0131n&#8217;\u0131n Ku\u015fadas\u0131 il\u00e7e belediyesinde yap\u0131lan aramada, belediyedeki birimlerin yan\u0131 s\u0131ra baz\u0131 personelin evleri arand\u0131, belediyedeki kasa \u00e7ilingire a\u00e7t\u0131r\u0131ld\u0131. Zemin kattaki vezneler hari\u00e7 belediyeye giri\u015flerin yasakland\u0131\u011f\u0131, arama sonucu 4 ki\u015finin g\u00f6zalt\u0131na al\u0131narak \u0130zmir&#8217;e g\u00f6nderildi\u011fi bildirildi.<\/p>\n<p style=\"text-align: justify;\">Aramalar\u0131n yakla\u015f\u0131k 1 y\u0131ll\u0131k teknik takibin ard\u0131ndan ba\u015flat\u0131ld\u0131\u011f\u0131 kaydedildi.<\/p>\n<p style=\"text-align: justify;\"><a href=\"http:\/\/www.gazeteport.com.tr\/GUNCEL\/NEWS\/GP_897500\" target=\"_blank\">Kaynak : GAZETEPORT<\/a><\/p>\n","protected":false},"excerpt":{"rendered":"<p style=\"text-align: justify;\">\n<p style=\"text-align: justify;\">\u0130zmir B\u00fcy\u00fck\u015fehir Belediyesi, Karaba\u011flar ve Bayrakl\u0131 Belediyeleri ile Ayd\u0131n&#8217;\u0131n Ku\u015fadas\u0131 Belediyesi&#8217;ne d\u00fczenlenen bask\u0131nda 45 ki\u015fi g\u00f6zalt\u0131na al\u0131nd\u0131.<\/p>\n<p style=\"text-align: justify;\">CHP Genel Ba\u015fkan Yard\u0131mc\u0131s\u0131 Alaattin Y\u00fcksel, aramayla ilgili olarak, &#8221;B\u00fcy\u00fck \u00f6l\u00e7\u00fcde se\u00e7im sonu\u00e7lar\u0131n\u0131 etkilemeye y\u00f6nelik arama, T\u00fcrkiye&#8217;de uzun zamandan beri uygulanan bir korku, y\u0131ld\u0131rma ve bask\u0131 alt\u0131na alma anlay\u0131\u015f\u0131 gibi geliyor&#8221; <\/p>\n","protected":false},"author":1,"featured_media":0,"comment_status":"open","ping_status":"closed","sticky":false,"template":"","format":"standard","meta":{"footnotes":""},"categories":[105],"tags":[],"class_list":["post-31598","post","type-post","status-publish","format-standard","hentry","category-gundem","odd"],"_links":{"self":[{"href":"http:\/\/www.korhanyilmaz.com\/index.php?rest_route=\/wp\/v2\/posts\/31598","targetHints":{"allow":["GET"]}}],"collection":[{"href":"http:\/\/www.korhanyilmaz.com\/index.php?rest_route=\/wp\/v2\/posts"}],"about":[{"href":"http:\/\/www.korhanyilmaz.com\/index.php?rest_route=\/wp\/v2\/types\/post"}],"author":[{"embeddable":true,"href":"http:\/\/www.korhanyilmaz.com\/index.php?rest_route=\/wp\/v2\/users\/1"}],"replies":[{"embeddable":true,"href":"http:\/\/www.korhanyilmaz.com\/index.php?rest_route=%2Fwp%2Fv2%2Fcomments&post=31598"}],"version-history":[{"count":0,"href":"http:\/\/www.korhanyilmaz.com\/index.php?rest_route=\/wp\/v2\/posts\/31598\/revisions"}],"wp:attachment":[{"href":"http:\/\/www.korhanyilmaz.com\/index.php?rest_route=%2Fwp%2Fv2%2Fmedia&parent=31598"}],"wp:term":[{"taxonomy":"category","embeddable":true,"href":"http:\/\/www.korhanyilmaz.com\/index.php?rest_route=%2Fwp%2Fv2%2Fcategories&post=31598"},{"taxonomy":"post_tag","embeddable":true,"href":"http:\/\/www.korhanyilmaz.com\/index.php?rest_route=%2Fwp%2Fv2%2Ftags&post=31598"}],"curies":[{"name":"wp","href":"https:\/\/api.w.org\/{rel}","templated":true}]}}