{"id":31594,"date":"2011-05-02T21:13:10","date_gmt":"2011-05-02T18:13:10","guid":{"rendered":"http:\/\/www.korhanyilmaz.com\/?p=31594"},"modified":"2011-05-02T21:13:10","modified_gmt":"2011-05-02T18:13:10","slug":"turkiyenin-de-onlem-almasi-lazim","status":"publish","type":"post","link":"http:\/\/www.korhanyilmaz.com\/?p=31594","title":{"rendered":"&#8220;T\u00fcrkiye&#8217;nin de \u00f6nlem almas\u0131 laz\u0131m&#8221;"},"content":{"rendered":"<p style=\"text-align: justify;\"><a href=\"http:\/\/www.korhanyilmaz.com\/wp-content\/uploads\/2011\/05\/009.jpg\"  class=\"lightview\"><img loading=\"lazy\" decoding=\"async\" class=\"aligncenter size-full wp-image-31595\" src=\"http:\/\/www.korhanyilmaz.com\/wp-content\/uploads\/2011\/05\/009.jpg\" alt=\"\" width=\"448\" height=\"231\" \/><\/a><\/p>\n<p style=\"text-align: justify;\">\u00c7anakkale 18 Mart \u00dcniversitesi Rekt\u00f6r\u00fc Prof. Dr. Sedat La\u00e7iner, El Kaide lideri Usame Bin Ladin&#8217;in \u00f6ld\u00fcr\u00fclmesinden sonra sald\u0131r\u0131lar olabilece\u011fine i\u015faret ederek, T\u00fcrkiye&#8217;de de \u00f6nlem al\u0131nmas\u0131 gerekti\u011fini, &#8220;\u00e7\u00fcnk\u00fc M\u00fcsl\u00fcman \u00fclkelerdeki Bat\u0131 hedeflerinin vurulmas\u0131 daha kolay hedefler oldu\u011funu&#8221; s\u00f6yledi.<!--more--><\/p>\n<p style=\"text-align: justify;\">Usame Bin Ladin&#8217;in \u00f6ld\u00fcr\u00fclmesinin yans\u0131malar\u0131na ili\u015fkin sorular\u0131n\u0131 yan\u0131tlayan La\u00e7iner, operasyonun ABD Ba\u015fkan\u0131 Barack Obama i\u00e7in &#8220;b\u00fcy\u00fck bir art\u0131&#8221; oldu\u011funu, &#8220;i\u00e7 ve d\u0131\u015f politikada Obama&#8217;n\u0131n elini rahatlatt\u0131\u011f\u0131n\u0131&#8221; belirtti. La\u00e7iner, &#8220;Bir d\u00f6nemin sonu olarak de\u011ferlendirilebilir. Ayr\u0131ca, Obama&#8217;n\u0131n yeni bir d\u00f6nem ba\u015flatmas\u0131 i\u00e7in de b\u00fcy\u00fck bir f\u0131rsat sunuyor&#8221; dedi.<\/p>\n<p style=\"text-align: justify;\">ABD ile M\u00fcsl\u00fcman d\u00fcnya aras\u0131ndaki ili\u015fkilerin bundan sonra daha sa\u011fl\u0131kl\u0131 bir zemine oturabilece\u011fini kaydeden La\u00e7iner, operasyonun ayr\u0131ca ABD&#8217;nin Afganistan&#8217;dan \u00e7ekilmesine ve Afganistan&#8217;da yeni bir d\u00fczen olu\u015fturulmas\u0131na da yol a\u00e7abilece\u011fini ifade etti.<\/p>\n<p style=\"text-align: justify;\">Obama&#8217;ya y\u00f6nelik, &#8220;gizli M\u00fcsl\u00fcman oldu\u011fu&#8221; da ba\u015fta olmak \u00fczere pek \u00e7ok ele\u015ftiri bulundu\u011funa i\u015faret eden La\u00e7iner, &#8220;ABD&#8217;nin bir numaral\u0131 d\u00fc\u015fman\u0131n\u0131n \u00f6ld\u00fcr\u00fclmesinin Obama&#8217;n\u0131n bir\u00e7ok ki\u015fi nezdinde kendisini kan\u0131tlamas\u0131 anlam\u0131na gelece\u011fini&#8221; kaydetti.<\/p>\n<p style=\"text-align: justify;\">La\u00e7iner, El Kaide bundan sonra b\u00fcy\u00fck sald\u0131r\u0131lar yapsa dahi, Usame Bin Ladin&#8217;in \u00f6ld\u00fcr\u00fclmesiyle ABD&#8217;nin 11 Eyl\u00fcl sald\u0131r\u0131lar\u0131n\u0131n intikam\u0131n\u0131 ald\u0131\u011f\u0131n\u0131 belirtti.<\/p>\n<p style=\"text-align: justify;\">\u00d6rg\u00fct\u00fcn ilk etapta Afganistan ve Pakistan&#8217;da sald\u0131r\u0131lar\u0131n\u0131 art\u0131rabilece\u011fini ifade eden La\u00e7iner, Avrupa, ABD ve Arap \u00fclkelerindeki ABD unsurlar\u0131n\u0131n \u00f6rg\u00fct\u00fcn bundan sonraki hedefleri aras\u0131nda olabilece\u011fine dikkati \u00e7ekti. La\u00e7iner, &#8220;T\u00fcrkiye&#8217;de de \u00f6nlem almak laz\u0131m. \u00d6nlemleri art\u0131rmak laz\u0131m. \u00c7\u00fcnk\u00fc M\u00fcsl\u00fcman \u00fclkelerdeki Bat\u0131 hedefleri, vurulmas\u0131 daha kolay hedefler&#8221; dedi.<\/p>\n<p style=\"text-align: justify;\">ABD&#8217;nin kendisine ait b\u00f6lgelerde koruma \u00f6nlemleri alaca\u011f\u0131na i\u015faret eden La\u00e7iner, bu b\u00f6lgelerin d\u0131\u015f\u0131nda ger\u00e7ekle\u015febilecek eylemlerde T\u00fcrk vatanda\u015flar\u0131n\u0131n zarar g\u00f6rebilece\u011fini belirtti.<\/p>\n<p style=\"text-align: justify;\">&#8220;11 Eyl\u00fcl sald\u0131r\u0131lar\u0131n\u0131n ABD&#8217;nin kimyas\u0131n\u0131 bozdu\u011funu ve ABD&#8217;lilerin kendilerini a\u015fa\u011f\u0131lanm\u0131\u015f hissetti\u011fini&#8221; ifade eden La\u00e7iner, &#8220;Bin Ladin&#8217;in \u00f6ld\u00fcr\u00fclmesi tek ba\u015f\u0131na b\u00fcy\u00fck bir sembolizm, Amerikal\u0131lar\u0131 \u00e7ok rahatlatt\u0131 diye d\u00fc\u015f\u00fcn\u00fcyorum&#8221; dedi.<\/p>\n<p style=\"text-align: justify;\"><strong>&#8220;T\u00dcRK\u0130YE, \u00d6RNE\u011e\u0130N KAND\u0130L&#8217;E OPERASYON YAPAB\u0130L\u0130R&#8221;<\/strong><\/p>\n<p style=\"text-align: justify;\">Uluslararas\u0131 \u0130li\u015fkiler ve Stratejik Analizler Merkezi (T\u00dcRKSAM) Ba\u015fkan\u0131 Sinan O\u011fan ise Usame Bin Ladin&#8217;in \u00f6ld\u00fcr\u00fclmesinin k\u00fcresel d\u00fczeyde ter\u00f6rle m\u00fccadele a\u00e7\u0131s\u0131ndan &#8220;son derece \u00f6nemli&#8221; oldu\u011funa i\u015faret etti.<\/p>\n<p style=\"text-align: justify;\">ABD&#8217;nin baz\u0131 \u00fclkelerle bir ter\u00f6rle m\u00fccadele koalisyonu i\u00e7erisinde oldu\u011funa dikkati \u00e7eken O\u011fan, bu operasyonun tek ba\u015f\u0131na ABD&#8217;nin de\u011fil, koalisyonun ba\u015far\u0131s\u0131 oldu\u011fu de\u011ferlendirmesinde bulundu.<\/p>\n<p style=\"text-align: justify;\">Pakistan&#8217;\u0131n El Kaide ile m\u00fccadelede &#8220;son derece \u00f6nemli&#8221; oldu\u011funa i\u015faret eden O\u011fan, &#8220;Pakistan askeri istihbarat\u0131 adeta El Kaide&#8217;nin \u015feceresini biliyordu. El Kaide liderinin nerede oldu\u011funu da biliyordu. Bu a\u00e7\u0131dan Pakistan-Afganistan hatt\u0131nda \u00f6nemli geli\u015fmeler olabilir. Buna dikkat etmek laz\u0131m. Ter\u00f6r sald\u0131r\u0131lar\u0131 olabilir, i\u00e7eride ayaklanmalar olabilir&#8221; dedi.<\/p>\n<p style=\"text-align: justify;\">D\u00fcnyada da bir ter\u00f6r dalgas\u0131 ya\u015fanabilece\u011fine i\u015faret eden O\u011fan, El Kaide gibi k\u00fcresel bir ter\u00f6r \u00f6rg\u00fct\u00fcn\u00fcn aktif h\u00fccreleri kadar, belirli bir g\u00fcne odaklanm\u0131\u015f &#8220;uykuda h\u00fccreleri&#8221; de bulundu\u011funu, bu h\u00fccrelerin \u015fimdi devreye girebilece\u011fini kaydetti.<\/p>\n<p style=\"text-align: justify;\">T\u00fcrkiye&#8217;de bir s\u00fcre \u00f6nce El Kaide operasyonlar\u0131 yap\u0131ld\u0131\u011f\u0131n\u0131 ve CIA Ba\u015fkan\u0131n\u0131n T\u00fcrkiye&#8217;ye geldi\u011fini an\u0131msatan O\u011fan, &#8220;B\u00fct\u00fcn bunlara bakt\u0131\u011f\u0131m\u0131zda T\u00fcrkiye&#8217;nin burada \u00f6ne \u00e7\u0131kt\u0131\u011f\u0131n\u0131 g\u00f6r\u00fcyoruz. T\u00fcrkiye&#8217;nin burada \u00f6ne \u00e7\u0131kmas\u0131, bundan sonraki s\u00fcre\u00e7te de T\u00fcrkiye&#8217;ye y\u00f6nelik benzer bir tehdidi beraberinde getirebilir. Buna dikkat etmekte fayda vard\u0131r&#8221; dedi.<\/p>\n<p style=\"text-align: justify;\">Usame Bin Ladin&#8217;in \u00f6ld\u00fcr\u00fclmesinin ABD Ba\u015fkan\u0131n\u0131n isminin tarihe farkl\u0131 bir \u015fekilde yaz\u0131lmas\u0131n\u0131 sa\u011flayaca\u011f\u0131 g\u00f6r\u00fc\u015f\u00fcn\u00fc dile getiren O\u011fan, &#8220;Bu operasyondan yola \u00e7\u0131karak, d\u00fcnyada bir\u00e7ok \u00fclke kendi El Kaide&#8217;sine, kendi ter\u00f6ristlerine operasyonlara ba\u015flayabilir. T\u00fcrkiye, \u00f6rne\u011fin Kandil&#8217;e operasyon yapabilir&#8221; diye konu\u015ftu.<\/p>\n<p style=\"text-align: justify;\">T\u00fcrkiye Ekonomi Politikalar\u0131 Ara\u015ft\u0131rma Vakf\u0131 (TEPAV) ter\u00f6r uzman\u0131 Dr. Nihat Ali \u00d6zcan da Bin Ladin&#8217;in \u00f6ld\u00fcr\u00fcld\u00fc\u011f\u00fc operasyonun k\u0131sa d\u00f6nemde Bat\u0131l\u0131 hedeflere y\u00f6nelik ter\u00f6r sald\u0131r\u0131lar\u0131 trendinin y\u00fckselmesine neden olaca\u011f\u0131n\u0131 s\u00f6yledi.<\/p>\n<p style=\"text-align: justify;\">Orta ve uzun vadede ise problemin tamamen \u00e7\u00f6z\u00fcld\u00fc\u011f\u00fcn\u00fc s\u00f6ylemenin m\u00fcmk\u00fcn olmad\u0131\u011f\u0131n\u0131 belirten \u00d6zcan, Ortado\u011fu&#8217;daki istikrars\u0131zl\u0131klar ve geli\u015fmelere bak\u0131ld\u0131\u011f\u0131nda bu t\u00fcr ter\u00f6r \u00f6rg\u00fctlerinin yerelde bir yap\u0131 ortaya \u00e7\u0131karmalar\u0131 i\u00e7in uygun bir ortam buldu\u011funa i\u015faret etti.<\/p>\n<p style=\"text-align: justify;\">Bu ortamda radikal d\u00fc\u015f\u00fcncelerin kolayl\u0131kla yay\u0131labilece\u011fini ifade eden \u00d6zcan, Usame Bin Ladin&#8217;in a\u00e7t\u0131\u011f\u0131 yoldan gidecek insanlar\u0131n bulunmas\u0131n\u0131n \u00e7ok da s\u00fcrpriz olmayaca\u011f\u0131n\u0131 kaydetti.<\/p>\n<p style=\"text-align: justify;\">\u00d6zcan, ABD&#8217;nin orta ve uzun vadede bu t\u00fcr radikal hareketlerin hedefi olmaya devam edece\u011fini s\u00f6yledi.<\/p>\n<p style=\"text-align: justify;\"><a href=\"http:\/\/www.gazeteport.com.tr\/GUNCEL\/NEWS\/GP_897948\" target=\"_blank\">Kaynak : GAZETEPORT<\/a><\/p>\n","protected":false},"excerpt":{"rendered":"<p style=\"text-align: justify;\">\n<p style=\"text-align: justify;\">\u00c7anakkale 18 Mart \u00dcniversitesi Rekt\u00f6r\u00fc Prof. Dr. Sedat La\u00e7iner, El Kaide lideri Usame Bin Ladin&#8217;in \u00f6ld\u00fcr\u00fclmesinden sonra sald\u0131r\u0131lar olabilece\u011fine i\u015faret ederek, T\u00fcrkiye&#8217;de de \u00f6nlem al\u0131nmas\u0131 gerekti\u011fini, &#8220;\u00e7\u00fcnk\u00fc M\u00fcsl\u00fcman \u00fclkelerdeki Bat\u0131 hedeflerinin vurulmas\u0131 daha kolay hedefler oldu\u011funu&#8221; s\u00f6yledi.<\/p>\n","protected":false},"author":1,"featured_media":0,"comment_status":"open","ping_status":"closed","sticky":false,"template":"","format":"standard","meta":{"footnotes":""},"categories":[105],"tags":[],"class_list":["post-31594","post","type-post","status-publish","format-standard","hentry","category-gundem","odd"],"_links":{"self":[{"href":"http:\/\/www.korhanyilmaz.com\/index.php?rest_route=\/wp\/v2\/posts\/31594","targetHints":{"allow":["GET"]}}],"collection":[{"href":"http:\/\/www.korhanyilmaz.com\/index.php?rest_route=\/wp\/v2\/posts"}],"about":[{"href":"http:\/\/www.korhanyilmaz.com\/index.php?rest_route=\/wp\/v2\/types\/post"}],"author":[{"embeddable":true,"href":"http:\/\/www.korhanyilmaz.com\/index.php?rest_route=\/wp\/v2\/users\/1"}],"replies":[{"embeddable":true,"href":"http:\/\/www.korhanyilmaz.com\/index.php?rest_route=%2Fwp%2Fv2%2Fcomments&post=31594"}],"version-history":[{"count":0,"href":"http:\/\/www.korhanyilmaz.com\/index.php?rest_route=\/wp\/v2\/posts\/31594\/revisions"}],"wp:attachment":[{"href":"http:\/\/www.korhanyilmaz.com\/index.php?rest_route=%2Fwp%2Fv2%2Fmedia&parent=31594"}],"wp:term":[{"taxonomy":"category","embeddable":true,"href":"http:\/\/www.korhanyilmaz.com\/index.php?rest_route=%2Fwp%2Fv2%2Fcategories&post=31594"},{"taxonomy":"post_tag","embeddable":true,"href":"http:\/\/www.korhanyilmaz.com\/index.php?rest_route=%2Fwp%2Fv2%2Ftags&post=31594"}],"curies":[{"name":"wp","href":"https:\/\/api.w.org\/{rel}","templated":true}]}}