{"id":31590,"date":"2011-05-02T14:08:58","date_gmt":"2011-05-02T11:08:58","guid":{"rendered":"http:\/\/www.korhanyilmaz.com\/?p=31590"},"modified":"2011-05-02T14:08:58","modified_gmt":"2011-05-02T11:08:58","slug":"kilicdaroglundan-erdogana-agir-soru","status":"publish","type":"post","link":"http:\/\/www.korhanyilmaz.com\/?p=31590","title":{"rendered":"K\u0131l\u0131\u00e7daro\u011flu&#8217;ndan Erdo\u011fan&#8217;a a\u011f\u0131r soru"},"content":{"rendered":"<p style=\"text-align: center;\"><a href=\"http:\/\/www.korhanyilmaz.com\/wp-content\/uploads\/2011\/05\/008.jpg\"  class=\"lightview\"><img loading=\"lazy\" decoding=\"async\" class=\"aligncenter size-full wp-image-31591\" src=\"http:\/\/www.korhanyilmaz.com\/wp-content\/uploads\/2011\/05\/008.jpg\" alt=\"\" width=\"422\" height=\"218\" \/><\/a><\/p>\n<p style=\"text-align: justify;\">Ad\u0131yaman&#8217;da miting d\u00fczenleyen CHP lideri K\u0131l\u0131\u00e7daro\u011flu, eline t\u00fct\u00fcn alarak, &#8221;Bu t\u00fct\u00fcn, Ad\u0131yaman&#8217;\u0131n onurudur. Sen kalkacaks\u0131n Amerikan sigaralar\u0131 sat\u0131ls\u0131n diye T\u00fcrk t\u00fct\u00fcn\u00fcn\u00fc yasaklayacaks\u0131n, bir de kalkacaks\u0131n Rahmetli Ecevit&#8217;e dil uzatacaks\u0131n&#8221; dedi. <!--more--><\/p>\n<p style=\"text-align: justify;\">K\u0131l\u0131\u00e7daro\u011flu, Osmaniye&#8217;deki mitingde ise Erdo\u011fan&#8217;\u0131n miting yapaca\u011f\u0131 &#8220;Devlet Bah\u00e7eli Bulvar\u0131&#8221;n\u0131n ad\u0131n\u0131n afi\u015flerde de\u011fi\u015ftirilmesini ele\u015ftirdi, &#8220;Nas\u0131l oldu da d\u00fcnyan\u0131n en zengin ba\u015fbakanlar\u0131ndan biri oldun?&#8221; diye sordu.<\/p>\n<p style=\"text-align: justify;\">Miting i\u00e7in gitti\u011fi Osmaniye&#8217;nin D\u00fczi\u00e7i il\u00e7esinde gazetecilerin \u0130zmir B\u00fcy\u00fck\u015fehir Belediyesi&#8217;ne yap\u0131lan polis bask\u0131n\u0131yla ilgili sorusu \u00fczerine, &#8220;Kayseri Belediyesi&#8217;nde toplanan r\u00fc\u015fvetlerle ilgili Ba\u015fbakan&#8217;a defter g\u00f6nderdim bi\u015fe yapt\u0131 m\u0131 acaba? dedi.<\/p>\n<p style=\"text-align: justify;\">ADIYAMAN- CHP Genel Ba\u015fkan\u0131 Kemal K\u0131l\u0131\u00e7daro\u011flu, Bug\u00fcn \u00f6nce Ad\u0131yaman&#8217;da sonra Osmaniye&#8217;de d\u00fczenlenen iki ayr\u0131 miting ile h\u00fck\u00fcmete y\u00fcklendi. Ad\u0131yaman&#8217;da &#8221;Mahsuni&#8217;nin bir t\u00fcrk\u00fcs\u00fc var, &#8216;Yoksulun s\u0131rt\u0131ndan doyan doyana&#8217; der. Bunlar yoksulun s\u0131rt\u0131ndan da para kazanmaya al\u0131\u015fm\u0131\u015flar. Ne vicdan ne ahlak var bu politikada. Bu politika, yanda\u015f\u0131 zengin etme politikas\u0131d\u0131r&#8221; diyen K\u0131l\u0131\u00e7daro\u011flu, Osmaniye&#8217;de ise Ba\u015fbakan Erdo\u011fan&#8217;a &#8220;\u0130\u015f\u00e7ilikten geldin, nas\u0131l oldu da d\u00fcnyan\u0131n en zengin ba\u015fbakanlar\u0131ndan biri oldun?&#8221; diye sordu.<\/p>\n<p style=\"text-align: justify;\"><strong>&#8220;PAYIMI \u0130ST\u0130YORUM&#8221; PANKARTINA CEVAP VERD\u0130<\/strong><\/p>\n<p style=\"text-align: justify;\">Alanda as\u0131l\u0131 &#8221;\u00dclkemizin zenginli\u011finden pay\u0131m\u0131 istiyorum&#8221; yaz\u0131l\u0131 pankart\u0131 g\u00f6steren K\u0131l\u0131\u00e7daro\u011flu, &#8221;Size pay verdiler mi? Recep Tayyip Erdo\u011fan Ad\u0131yaman&#8217;a geldi\u011finde rica ediyorum kendisinden, \u0130\u015fsizlik Derne\u011fini ziyaret etsin. H\u00fck\u00fcmetsin sen, Ba\u015fbakans\u0131n, &#8216;i\u015fsizli\u011fi bitirece\u011fim&#8217; diye iktidar oldun. Niye bitiremedin?&#8221; diye konu\u015ftu.<\/p>\n<p style=\"text-align: justify;\">Ba\u015fka illere mevsimlik i\u015f\u00e7i olarak gidenlerin, \u00e7o\u011fu zaman gazetelerde \u00f6l\u00fcm haberlerinin g\u00f6r\u00fcld\u00fc\u011f\u00fcn\u00fc s\u00f6yleyen K\u0131l\u0131\u00e7daro\u011flu, &#8221;O hayatlar\u0131n\u0131 kaybeden evlatlar\u0131n g\u00fcnah\u0131, onlar\u0131 ba\u015fka yerde \u00e7al\u0131\u015fmak zorunda b\u0131rakan bu h\u00fck\u00fcmetin ekonomi politikalar\u0131nad\u0131r&#8221; diye konu\u015ftu.<\/p>\n<p style=\"text-align: justify;\"><strong>&#8221;YED\u0130 S\u00dcLALEN\u0130 ZENG\u0130N EDEN HORTUMLAMA POL\u0130T\u0130KASI&#8221;<\/strong><\/p>\n<p style=\"text-align: justify;\">\u00c7ift\u00e7ilerin de hayat\u0131ndan memnun olmad\u0131\u011f\u0131n\u0131 belirten K\u0131l\u0131\u00e7daro\u011flu, \u015funlar\u0131 s\u00f6yledi:<\/p>\n<p style=\"text-align: justify;\">&#8221;\u00c7ift\u00e7iye d\u00fcnyan\u0131n en pahal\u0131 mazotunu, elektri\u011fini, g\u00fcbresini satars\u0131n, sonra elde \u00fcr\u00fcn\u00fcn de kar\u015f\u0131l\u0131\u011f\u0131n\u0131 vermezsin. Buna hortumlama politikas\u0131 denir. \u00c7ift\u00e7inin al\u0131n terini hortumlama politikas\u0131d\u0131r bu. Ama benim \u00e7ift\u00e7iye s\u00f6z\u00fcm var. Bu \u00fclkede derdi, sorunu olan her yurtta\u015f\u0131n adresi bellidir. Halk\u0131n partisidir o adres. Hakl\u0131n iktidar\u0131nda mazotu 1,5 lira yapaca\u011f\u0131m.<\/p>\n<p style=\"text-align: justify;\">Yeri gelince konu\u015fursun, &#8216;T\u00fcrkiye d\u00fcnyan\u0131n 20. b\u00fcy\u00fck ekonomisinden birisi&#8217; dersin, yedi s\u00fclaleni zengin edersin, b\u00fct\u00fcn hortumcular\u0131 desteklersin, devletin kayna\u011f\u0131n\u0131 \u00e7ar\u00e7ur edersin, \u00e7ift\u00e7iye gelince &#8216;paray\u0131 nereden bulacaks\u0131n?&#8217; diyor. Paray\u0131 bulaca\u011f\u0131z. \u00c7ift\u00e7i \u00fcretiyor \u00e7\u00fcnk\u00fc. \u00c7ift\u00e7iyi destekledi\u011fin zaman, Yunanistan&#8217;dan pamuk getirmezsin, t\u00fct\u00fcn ekilir burada, Amerikan t\u00fct\u00fcn\u00fc kullanmazs\u0131n.&#8221;<\/p>\n<p style=\"text-align: justify;\"><strong>&#8220;AMER\u0130KAN S\u0130GARALARI SATILSIN D\u0130YE&#8230;&#8221;<\/strong><\/p>\n<p style=\"text-align: justify;\">Eline t\u00fct\u00fcn alarak, &#8221;Bu t\u00fct\u00fcn, Ad\u0131yaman&#8217;\u0131n onurudur. Ad\u0131yamanl\u0131n\u0131n al\u0131n teri vard\u0131r bunda&#8221; diye seslenen K\u0131l\u0131\u00e7daro\u011flu, \u015f\u00f6yle devam etti:<\/p>\n<p style=\"text-align: justify;\">&#8221;Sen kalkacaks\u0131n Amerikan sigaralar\u0131 sat\u0131ls\u0131n diye T\u00fcrk t\u00fct\u00fcn\u00fcn\u00fc yasaklayacaks\u0131n, bir de kalkacaks\u0131n Rahmetli Ecevit&#8217;e dil uzatacaks\u0131n. Afyon ekimini yasaklam\u0131\u015flard\u0131, Ecevit ne yapt\u0131? Direndi, &#8216;benim k\u00f6yl\u00fcm bu \u00fclkede afyon da ekecektir, al\u0131n terinin kar\u015f\u0131l\u0131\u011f\u0131n\u0131 alacakt\u0131r. T\u00fct\u00fcn\u00fc Ad\u0131yamanl\u0131 ekecek, biz bunu yapaca\u011f\u0131z. Kar\u015f\u0131l\u0131\u011f\u0131n\u0131 da alacak. Onlar yasak getirecek, biz \u00f6zg\u00fcrl\u00fck getirece\u011fiz. Bizim \u00f6zg\u00fcrl\u00fck anlay\u0131\u015f\u0131m\u0131z sadece d\u00fc\u015f\u00fcnce \u00f6zg\u00fcrl\u00fc\u011f\u00fc de\u011fil. Ayn\u0131 zamanda eme\u011fe, \u00e7ift\u00e7iye \u00f6zg\u00fcrl\u00fck getirece\u011fiz. Kota denen uygulamalara son verece\u011fiz.&#8221;<\/p>\n<p style=\"text-align: justify;\"><strong>&#8220;MAZOTA VERG\u0130, PIRLANTAYA YOK&#8221;<\/strong><\/p>\n<p style=\"text-align: justify;\">&#8220;\u00c7ift\u00e7i karde\u015flerim, bu i\u015fin kayna\u011f\u0131 nereden bulunacak diye merak ediyorlarsa kuyumcular\u0131 bir ziyaret etsinler, ak\u015fam eve giderken e\u015flerine birer p\u0131rlanta y\u00fcz\u00fck als\u0131nlar. \u00c7\u00fcnk\u00fc o p\u0131rlantada vergi yok. Mazotta d\u00fcnyan\u0131n en pahal\u0131 vergisi var. Ba\u015fbakan buraya gelince sorun, deyin ki, &#8216;CHP Genel Ba\u015fkan\u0131 buraya geldi, dedi ki: &#8216;Mazotta d\u00fcnyan\u0131n en pahal\u0131 vergisi var, p\u0131rlantada yok.&#8217; Bakal\u0131m ne diyecek. Ne s\u00f6yler, bir \u015fey s\u00f6yler mi? \u0130nkar ederse size s\u00f6z veriyorum. O Bakanlar Kurulu karar\u0131n\u0131 onun yakas\u0131na ili\u015ftirece\u011fim, \u00f6yle gezsin Anadolu&#8217;yu.&#8221;<\/p>\n<p style=\"text-align: justify;\"><strong>&#8221;YOKSULUN SIRTINDAN DOYAN DOYANA&#8221;<\/strong><\/p>\n<p style=\"text-align: justify;\">K\u0131l\u0131\u00e7daro\u011flu, T\u00fcrkiye&#8217;de yoksullu\u011fun en yo\u011fun ya\u015fand\u0131\u011f\u0131 illerden birinin de Ad\u0131yaman oldu\u011funu belirten K\u0131l\u0131\u00e7daro\u011flu, \u015f\u00f6yle konu\u015ftu:<\/p>\n<p style=\"text-align: justify;\">&#8220;Mahsuni&#8217;nin g\u00fczel bir t\u00fcrk\u00fcs\u00fc var, &#8216;Yoksulun s\u0131rt\u0131ndan doyan doyana&#8217; der. Bunlar yoksulun s\u0131rt\u0131ndan da para kazanmaya al\u0131\u015fm\u0131\u015flar. Yoksulun s\u0131rt\u0131ndan nas\u0131l kazan\u0131yorlar? Bak\u0131yorsunuz o malzemeleri, kendi yanda\u015f \u015firketlerinden, 1 liral\u0131k mal\u0131 5 liraya al\u0131yorlar. Sadece da\u011f\u0131tt\u0131klar\u0131 k\u00f6m\u00fcrden yapt\u0131klar\u0131 yolsuzluk, eski paraya g\u00f6re 1 katrilyonun \u00fcst\u00fcnde. Vicdan var m\u0131, ahlak var m\u0131 bunlarda? Samimi s\u00f6yl\u00fcyorum: Ne vicdan ne ahlak var bu politikada. Bu politika, yanda\u015f\u0131 zengin etme politikas\u0131d\u0131r. Halk\u0131 d\u00fc\u015f\u00fcnm\u00fcyorlar. Yoksullu\u011fu \u00f6nlemek de\u011fil, yoksulu y\u00f6netmek istiyorlar bunlar. &#8216;Herkes yoksul, fakir olsun, 2 kilo makarnaya bana oy versin&#8217; diyorlar. Hat\u0131rl\u0131yorsunuz de\u011fil mi, buzdolab\u0131, \u00e7ama\u015f\u0131r makinesi da\u011f\u0131tt\u0131lar. Ama bir bakt\u0131lar ki, ba\u015flar\u0131na buzdolab\u0131, \u00e7ama\u015f\u0131r makinesi kadar ta\u015f d\u00fc\u015ft\u00fc, orada kaybettiler. Ben halk\u0131ma g\u00fcveniyorum. Halk\u0131m\u0131n sa\u011f duyusuna g\u00fcveniyorum. Bizim politikalar\u0131m\u0131z halk i\u00e7in, halk\u0131 g\u00fc\u00e7lendirmek, halk\u0131n iktidar\u0131n\u0131 sa\u011flamak i\u00e7indir.&#8221;<\/p>\n<p style=\"text-align: justify;\"><strong>&#8220;KOPYA YOKSA \u015e\u0130FRE N\u0130YE VAR?&#8221;<\/strong><\/p>\n<p style=\"text-align: justify;\">Konu\u015fmas\u0131nda YGS&#8217;de ya\u015fanan \u015fifre iddialar\u0131na da de\u011finen K\u0131l\u0131\u00e7daro\u011flu, s\u00f6zlerini \u015f\u00f6yle s\u00fcrd\u00fcrd\u00fc:<\/p>\n<p style=\"text-align: justify;\">&#8221;\u00c7ocuklar\u0131m\u0131z\u0131 \u00fcniversiteye g\u00f6nderece\u011fiz dedim, meydandan bir g\u00fcr\u00fclt\u00fc geldi. Yanda\u015fgilin s\u0131nav\u0131na de\u011finmek istiyorlar. Allah a\u015fk\u0131na, bir anne baba, yemez \u00e7ocu\u011funa yedirir, giymez \u00e7ocu\u011funa giydirir. \u00c7ocu\u011fu okusun daha iyi imkanlar\u0131 olsun, \u00fcniversiteye gitsin, ba\u015far\u0131l\u0131 olsun.<\/p>\n<p style=\"text-align: justify;\">Ama 1 milyon 700 bin \u00e7ocu\u011fun umudunu s\u00f6nd\u00fcrd\u00fcler. S\u0131navda Ad\u0131yaman ka\u00e7\u0131nc\u0131 biliyor musunuz? Sondan \u00fc\u00e7\u00fcnc\u00fc. Ad\u0131yaman sondan \u00fc\u00e7\u00fcnc\u00fc ise bu kadar zeki, \u00e7al\u0131\u015fkan, g\u00fczel insanlar\u0131n oldu\u011fu yer sondan \u00fc\u00e7\u00fcnc\u00fc ise demek ki e\u011fitim sisteminde bir sorun vard\u0131r. Bu s\u0131navlarda da bir sorun var demektir. Biz \u00e7ocuklar\u0131m\u0131za g\u00fcveniyoruz. Efendim demi\u015f ki &#8216;\u015fifre var ama kopya yok.&#8217; Lafa bak\u0131n. Kopya yoksa \u015fifre niye var? Bir de bunu anlat bakal\u0131m. Ayr\u0131ca b\u00fct\u00fcn bunlar\u0131 yapan, daha \u00f6nce bilimsel h\u0131rs\u0131zl\u0131\u011f\u0131 da kan\u0131tlanan birisini getirdiler bu s\u0131nav\u0131 yapacak kurumun ba\u015f\u0131na oturttular. D\u00fcn, 1 May\u0131s&#8217;ta gen\u00e7 \u00e7ocuklar\u0131m\u0131z bir pankart a\u00e7m\u0131\u015flar, &#8216;Cin Ali&#8217;yi istemiyoruz&#8217; diyorlar. Dedim ki &#8216;Cin Ali&#8217;de bir sempati var, bunda o da yok&#8217;. E\u011fer bir adam\u0131n ar damar\u0131 \u00e7atlamad\u0131ysa 1 milyon 700 bin \u00e7ocu\u011fun g\u00fcnah\u0131n\u0131 omuzlar\u0131nda ta\u015f\u0131yamaz. 1 milyon 700 bin \u00e7ocu\u011fumuzun umudunu s\u00f6nd\u00fcrmek, onlara \u015fifreli s\u0131nav yapt\u0131rmak hi\u00e7 kimsenin hakk\u0131 da de\u011fil, yetkisi de de\u011fil. Onlardan bunun hesab\u0131n\u0131 soraca\u011f\u0131z.&#8221;<\/p>\n<p style=\"text-align: justify;\"><strong>&#8221;B\u0130R BULVARIN ADINA SAYGINIZ YOKSA, M\u0130LLETE NASIL SAYGILI OLACAKSINIZ&#8221;<\/strong><\/p>\n<p style=\"text-align: justify;\">K\u0131l\u0131\u00e7daro\u011flu, Osmaniye&#8217;deki Devlet Bah\u00e7eli Meydan\u0131&#8217;nda d\u00fczenlenen mitingde ise, siyaset\u00e7ilerin hep birbirlerine sayg\u0131 duymak zorunda oldu\u011funu belirterek, &#8221;Hepimiz birbirimizi sayg\u0131 ile bakmak zorunday\u0131z, ama sayg\u0131y\u0131 hak edenlere g\u00f6stermek laz\u0131m&#8221; diye konu\u015ftu.<\/p>\n<p style=\"text-align: justify;\">Kendisinden sonra ayn\u0131 yerde bir ba\u015fka miting daha yap\u0131laca\u011f\u0131n\u0131 belirten K\u0131l\u0131\u00e7daro\u011flu, \u015funlar\u0131 s\u00f6yledi:<\/p>\n<p style=\"text-align: justify;\">&#8221;Ama ulusal medyaya yans\u0131d\u0131\u011f\u0131 kadar\u0131yla Devlet Bah\u00e7eli unvan\u0131n\u0131 kullanmadan e\u011fer afi\u015f yap\u0131yorsan\u0131z do\u011fru yapm\u0131yorsunuz demektir. Her \u015feye sayg\u0131 g\u00f6sterece\u011fiz. Buradaki bulvar\u0131n ad\u0131n\u0131 Osmaniyeliler verdiler, onu de\u011fi\u015ftirmeye kimsenin hakk\u0131 da yoktur, yetkisi de yoktur. Bir bulvar\u0131n ad\u0131na sayg\u0131n\u0131z yoksa millete nas\u0131l sayg\u0131l\u0131 olacaks\u0131n\u0131z. Sen koskoca bulvar\u0131n ad\u0131n\u0131 a\u011fz\u0131na almaktan korkuyorsun, afi\u015fine koymaktan korkuyorsun, sonra d\u00f6n\u00fcp &#8216;AK Parti&#8217;yim&#8217; diyorsun. Kimse sana ak olmad\u0131\u011f\u0131n s\u00fcrece AK Parti diyemez. Ak olmak nedir? Ak olmak her yerde, her zaman yurtta\u015f\u0131n hakk\u0131n\u0131 korumakt\u0131r. Ak olmak hortumculara kar\u015f\u0131 \u00e7\u0131kmakt\u0131r, ak olmak vatanda\u015f\u0131 d\u00fc\u015f\u00fcnmektir, ak olmak yanda\u015f\u0131n\u0131n de\u011fil, vatanda\u015f\u0131n\u0131 d\u00fc\u015f\u00fcnmektir. Ak olmak budur.&#8221;<\/p>\n<p style=\"text-align: justify;\"><strong>&#8220;NASIL OLDU DA SEN D\u00dcNYANIN EN ZENG\u0130N BA\u015eBAKANLARINDAN B\u0130R\u0130S\u0130 OLDUN&#8221;<\/strong><\/p>\n<p style=\"text-align: justify;\">Ba\u015fbakan Erdo\u011fan&#8217;n\u0131n daha \u00f6nce sigortal\u0131 i\u015f\u00e7i oldu\u011funu s\u00f6yledi\u011fini an\u0131msatan  K\u0131l\u0131\u00e7daro\u011flu, &#8221;Kim alm\u0131\u015f i\u015fe? Nurettin S\u00f6zen alm\u0131\u015f. O d\u00f6nemin CHP \u0130stanbul Belediye Ba\u015fkan\u0131 alm\u0131\u015f, hi\u00e7 itiraz\u0131m yok. \u0130\u015f\u00e7i olarak geliyorsun, y\u0131rt\u0131k ayakkab\u0131yla siyasete ba\u015fl\u0131yorsun, \u015fimdi nas\u0131l oldu da sen d\u00fcnyan\u0131n en zengin ba\u015fbakanlar\u0131ndan birisi oldun. Peki diyelim ki olur ya baba zengindir, dede zengindir, biraz miras vard\u0131r. Mirasa bak\u0131yoruz; o da yok. O d\u00fcnyal\u0131\u011f\u0131n\u0131 hangi parayla yapt\u0131n?&#8221; dedi.<\/p>\n<p style=\"text-align: justify;\"><strong>BELED\u0130YELERE YAPILAN OPERASYON<\/strong><\/p>\n<p style=\"text-align: justify;\">K\u0131l\u0131\u00e7daro\u011flu, bir gazetecinin, CHP&#8217;li \u0130zmir B\u00fcy\u00fck\u015fehir Belediyesi&#8217;ndeki operasyonu hat\u0131rlatmas\u0131 \u00fczerine, &#8221;Kayseri belediyesinde toplanan r\u00fc\u015fvetlerle ilgili Ba\u015fbakan&#8217;a defter g\u00f6nderdim bir \u015fey yapt\u0131 m\u0131 acaba Ba\u015fbakan?&#8221; diye yan\u0131t verdi.<\/p>\n<p style=\"text-align: justify;\"><a href=\"http:\/\/www.gazeteport.com.tr\/SIYASET\/NEWS\/GP_897771\" target=\"_blank\">Kaynak : GAZETEPORT<\/a><\/p>\n","protected":false},"excerpt":{"rendered":"<p style=\"text-align: center;\">\n<p style=\"text-align: justify;\">Ad\u0131yaman&#8217;da miting d\u00fczenleyen CHP lideri K\u0131l\u0131\u00e7daro\u011flu, eline t\u00fct\u00fcn alarak, &#8221;Bu t\u00fct\u00fcn, Ad\u0131yaman&#8217;\u0131n onurudur. Sen kalkacaks\u0131n Amerikan sigaralar\u0131 sat\u0131ls\u0131n diye T\u00fcrk t\u00fct\u00fcn\u00fcn\u00fc yasaklayacaks\u0131n, bir de kalkacaks\u0131n Rahmetli Ecevit&#8217;e dil uzatacaks\u0131n&#8221; dedi. <\/p>\n","protected":false},"author":1,"featured_media":0,"comment_status":"open","ping_status":"closed","sticky":false,"template":"","format":"standard","meta":{"footnotes":""},"categories":[105],"tags":[],"class_list":["post-31590","post","type-post","status-publish","format-standard","hentry","category-gundem","odd"],"_links":{"self":[{"href":"http:\/\/www.korhanyilmaz.com\/index.php?rest_route=\/wp\/v2\/posts\/31590","targetHints":{"allow":["GET"]}}],"collection":[{"href":"http:\/\/www.korhanyilmaz.com\/index.php?rest_route=\/wp\/v2\/posts"}],"about":[{"href":"http:\/\/www.korhanyilmaz.com\/index.php?rest_route=\/wp\/v2\/types\/post"}],"author":[{"embeddable":true,"href":"http:\/\/www.korhanyilmaz.com\/index.php?rest_route=\/wp\/v2\/users\/1"}],"replies":[{"embeddable":true,"href":"http:\/\/www.korhanyilmaz.com\/index.php?rest_route=%2Fwp%2Fv2%2Fcomments&post=31590"}],"version-history":[{"count":0,"href":"http:\/\/www.korhanyilmaz.com\/index.php?rest_route=\/wp\/v2\/posts\/31590\/revisions"}],"wp:attachment":[{"href":"http:\/\/www.korhanyilmaz.com\/index.php?rest_route=%2Fwp%2Fv2%2Fmedia&parent=31590"}],"wp:term":[{"taxonomy":"category","embeddable":true,"href":"http:\/\/www.korhanyilmaz.com\/index.php?rest_route=%2Fwp%2Fv2%2Fcategories&post=31590"},{"taxonomy":"post_tag","embeddable":true,"href":"http:\/\/www.korhanyilmaz.com\/index.php?rest_route=%2Fwp%2Fv2%2Ftags&post=31590"}],"curies":[{"name":"wp","href":"https:\/\/api.w.org\/{rel}","templated":true}]}}