{"id":31583,"date":"2011-05-02T21:30:17","date_gmt":"2011-05-02T18:30:17","guid":{"rendered":"http:\/\/www.korhanyilmaz.com\/?p=31583"},"modified":"2011-05-02T21:30:17","modified_gmt":"2011-05-02T18:30:17","slug":"arinci-soke-eden-hayir","status":"publish","type":"post","link":"http:\/\/www.korhanyilmaz.com\/?p=31583","title":{"rendered":"Ar\u0131n\u00e7&#8217;\u0131 \u015foke eden &#8216;hay\u0131r&#8217;"},"content":{"rendered":"<p style=\"text-align: justify;\"><a href=\"http:\/\/www.korhanyilmaz.com\/wp-content\/uploads\/2011\/05\/006.jpg\"  class=\"lightview\"><img loading=\"lazy\" decoding=\"async\" class=\"aligncenter size-full wp-image-31584\" src=\"http:\/\/www.korhanyilmaz.com\/wp-content\/uploads\/2011\/05\/006.jpg\" alt=\"\" width=\"414\" height=\"219\" \/><\/a><\/p>\n<p style=\"text-align: justify;\">Ba\u015fbakan Yard\u0131mc\u0131s\u0131 B\u00fclent Ar\u0131n\u00e7, &#8220;Anketlere gerek yok onlara sorun&#8221; dedi\u011fi taksicilere &#8216;memnun musunuz?&#8221; dedi, yan\u0131t &#8216;hay\u0131r&#8217; oldu.<\/p>\n<p style=\"text-align: justify;\">BURSA &#8211; Devlet Bakan\u0131 ve Ba\u015fbakan Yard\u0131mc\u0131s\u0131 B\u00fclent Ar\u0131n\u00e7, &#8221;\u015eimdi 100 tane anket \u015firketine &#8216;Bu se\u00e7imleri kim kazanacak&#8217; diye anket yapt\u0131rmaya gerek yok. Bursa&#8217;n\u0131n i\u00e7inde on tane taksiye binin, on tane taksi \u015fof\u00f6r\u00fcne sorun; &#8216;Nas\u0131l gidiyor i\u015fler, Nas\u0131l g\u00f6r\u00fcyorsun durumu?&#8217; Onundan ald\u0131\u011f\u0131n\u0131z cevap size neticeyi g\u00f6sterir&#8221; dedi. <!--more--><\/p>\n<p style=\"text-align: justify;\">Ar\u0131n\u00e7, Bursa \u015eof\u00f6rler ve Otomobilciler Esnaf\u0131 Odas\u0131n\u0131n, \u0130l Milli E\u011fitim M\u00fcd\u00fcrl\u00fc\u011f\u00fc ile d\u00fczenledi\u011fi &#8221;Ya\u015fam Boyu E\u011fitim&#8221; seminerine kat\u0131ld\u0131.<\/p>\n<p style=\"text-align: justify;\">Bursa Esnaf ve Sanatkarlar Odalar\u0131 Birli\u011fi (BESOB) binas\u0131ndaki seminerde ticari taksi ve dolmu\u015f s\u00fcr\u00fcc\u00fcleriyle bir araya gelen Ar\u0131n\u00e7, burada yapt\u0131\u011f\u0131 konu\u015fmada, bir s\u00fcredir BESOB Ba\u015fkan\u0131 Arif Tak&#8217;\u0131 ziyaret etmek istedi\u011fini, Vali \u015eahabettin Harput&#8217;un bu projeden bahsetmesi \u00fczerine &#8221;ko\u015farak geldi\u011fini&#8221; s\u00f6yledi.<\/p>\n<p style=\"text-align: justify;\">Bir hizmet i\u00e7i e\u011fitim gibi taksici ve dolmu\u015f\u00e7u esnaf\u0131n\u0131n mesle\u011fini icra ederken hangi konulara dikkat etmesi gerekti\u011fi, &#8221;Ne yaparsak daha iyi olur?&#8221;, &#8221;Nas\u0131l Bursa&#8217;ya daha \u00e7ok yard\u0131mc\u0131 olabiliriz?&#8221;, &#8221;M\u00fc\u015fteri ili\u015fkilerinde ne kadar daha verimli olabiliriz?&#8221; gibi konularda Milli E\u011fitim M\u00fcd\u00fcrl\u00fc\u011f\u00fc ile m\u00fc\u015fterek b\u00f6yle bir \u00e7al\u0131\u015fman\u0131n \u00e7ok faydal\u0131 oldu\u011funu ifade eden Ar\u0131n\u00e7, di\u011fer meslek mensuplar\u0131 i\u00e7in de bu t\u00fcr \u00e7al\u0131\u015fmalar\u0131n yap\u0131lmas\u0131 gerekti\u011fini kaydetti.<\/p>\n<p style=\"text-align: justify;\">B\u00fclent Ar\u0131n\u00e7, BESOB Ba\u015fkan\u0131 Arif Tak&#8217;\u0131n, Ankara&#8217;da TESK&#8217;in y\u00f6netim kurulunda oldu\u011funu an\u0131msatarak, &#8221;Kendileri beni ziyaret ederler. Ben de onlar\u0131 ziyaret ediyorum. Daha \u00f6nce Manisa&#8217;da iken esnaf sanatkarlar birli\u011fimizle \u00e7ok samimi ili\u015fkilerimiz vard\u0131. Yine bu ili\u015fkilerimiz devam ediyor. \u015eimdi b\u00f6ylesi b\u00fcy\u00fck tesise sahip oldu\u011funu g\u00f6rd\u00fcm. &#8216;Bunun gibi be\u015f tane daha var&#8217; dedi. Bu \u00e7ok \u00f6nemli. Ba\u015fka illerde b\u00f6ylesi esnaf\u0131m\u0131za y\u00f6nelik tesisler oldu\u011funu ben bilmiyordum \u015fahsen. Bunu ba\u015fard\u0131\u011f\u0131n\u0131z i\u00e7in Bursam\u0131z\u0131, siz de\u011ferli esnaf karde\u015flerimi tebrik ediyorum&#8221; diye konu\u015ftu.<\/p>\n<p style=\"text-align: justify;\">Esnaf\u0131n, sanatkar ve zanaatkar\u0131n elinin eme\u011fiyle ge\u00e7inen, al\u0131n terini d\u00f6ken, k\u00fc\u00e7\u00fck sermayesiyle karn\u0131n\u0131 doyurmaya, evini ge\u00e7indirmeye \u00e7al\u0131\u015fan temiz insanlar oldu\u011funu ifade eden Ar\u0131n\u00e7, Anadolu&#8217;nun omurgas\u0131n\u0131 esnaf ve sanatkarlar\u0131n olu\u015fturdu\u011funu belirtti.<\/p>\n<p style=\"text-align: justify;\">Ar\u0131n\u00e7, esnaf\u0131n toplumun temel dire\u011fi oldu\u011funu vurgulayarak, &#8221;\u0130nan\u0131n bunu \u00e7ok samimiyetle s\u00f6yl\u00fcyorum, esnaf\u0131m\u0131z tevekk\u00fcl sahibi, m\u00fctevekkil, esnaf\u0131m\u0131z d\u00fcr\u00fcst, esnaf\u0131m\u0131z hay\u0131rsever, esnaf\u0131m\u0131z hamiyetlidir. Yani sizler g\u00fcnl\u00fck kazanc\u0131n\u0131z\u0131n hemen hepsini belki bir hay\u0131r i\u015fi oldu\u011fu zaman verebilecek insanlars\u0131n\u0131z&#8221; de\u011ferlendirmesinde bulundu.<\/p>\n<p style=\"text-align: justify;\">Esnaf ve sanatkar\u0131n, ekme\u011fini kom\u015fusuyla arkada\u015f\u0131yla payla\u015fan, d\u00fcr\u00fcst ve \u00e7al\u0131\u015fkan insanlar oldu\u011funu anlatan Ar\u0131n\u00e7, \u015funlar\u0131 s\u00f6yledi:<\/p>\n<p style=\"text-align: justify;\">&#8221;Taksicilik, dolmu\u015f\u00e7uluk zor zanaat. Biliyoruz, ya\u015f\u0131yoruz ama siz bunu yap\u0131yorsunuz. Taksicilik ayn\u0131 zamanda barometre gibidir. Ne demek barometre gibi? Biz siyaset\u00e7iyiz. \u015eimdi 100 tane anket \u015firketine &#8216;Bu se\u00e7imleri kim kazanacak?&#8217; diye anket yapt\u0131rmaya gerek yok. Bursa&#8217;n\u0131n i\u00e7inde on tane taksiye binin, on tane taksi \u015fof\u00f6r\u00fcne sorun, &#8216;Nas\u0131l gidiyor i\u015fler, nas\u0131l g\u00f6r\u00fcyorsun durumu?&#8230;&#8217; Onundan ald\u0131\u011f\u0131n\u0131z cevap size neticeyi g\u00f6sterir. Belediye ba\u015fkanlar\u0131 hi\u00e7 anket yapt\u0131rmas\u0131nlar. Tedbil-i k\u0131yafet etsinler, on tane taksiye binsinler, &#8216;Karde\u015fim, bu belediye ba\u015fkan\u0131 ne yap\u0131yor? Nas\u0131l, memnun musun?&#8221; diye sorsunlar, yemin ediyorum size y\u00fczde 100&#8217;d\u00fcr, kesin netice \u00e7\u0131kar.&#8221;<\/p>\n<p style=\"text-align: justify;\">Bu s\u0131rada salondaki taksi ve dolmu\u015f \u015fof\u00f6rlerinin, &#8221;Hay\u0131r&#8221; demesi \u00fczerine Ar\u0131n\u00e7, &#8221;O ayr\u0131. Ben \u015fimdi size sormuyorum yahu. Dertlisiniz galiba. Sormam\u0131\u015f olay\u0131m&#8221; diye espri yapt\u0131. Bunun \u00fczerine salondaki s\u00fcr\u00fcc\u00fcler Ar\u0131n\u00e7&#8217;\u0131 alk\u0131\u015flad\u0131.<\/p>\n<p style=\"text-align: justify;\">2007 se\u00e7imlerinden \u00f6nce b\u00f6yle bir \u015fey yapt\u0131\u011f\u0131n\u0131, zaman zaman da bu uygulamay\u0131 tekrarlad\u0131\u011f\u0131n\u0131 dile getiren Ar\u0131n\u00e7, \u015f\u00f6yle devam etti:<\/p>\n<p style=\"text-align: justify;\">&#8221;Bir taksiye bindim, \u015fof\u00f6re dedim ki &#8216;Nas\u0131l g\u00f6r\u00fcyorsun durumu?&#8217; yan\u0131t &#8216;Efendim ben filana verece\u011fim&#8217; oldu. &#8216;Neden onlara vereceksin&#8217; diye sordum, bizi kastediyor, &#8216;Ya Allah&#8217;tan kork. Ben Ba\u015fbakan&#8217;\u0131n gitti\u011fi hastaneye gidip tedavi olabiliyorum. Ge\u00e7mi\u015fte b\u00f6yle bir \u015fey yoktu. Ne hastaneler bizi kabul eder, ne elimize ila\u00e7lar verilir, ne de doktor y\u00fcz\u00fc g\u00f6r\u00fcrd\u00fck. Ama \u015fimdi ben gidip istedi\u011fim hastanede tedavi olabiliyorum, muayene olabiliyorum. Verece\u011fim yer belli&#8217; yan\u0131t\u0131n\u0131 verdi. Verece\u011fi yer belli oldu, y\u00fczde 47 ald\u0131k. Taksiciler toplumun nabz\u0131n\u0131 \u00e7ok iyi tutarlar.&#8221;<\/p>\n<p style=\"text-align: justify;\">Ba\u015fbakan Yard\u0131mc\u0131s\u0131 Ar\u0131n\u00e7, taksici esnaf\u0131yla her zaman dost, arkada\u015f olacaklar\u0131n\u0131, sorunlar\u0131yla yak\u0131ndan ilgileneceklerini ifade ederek, &#8221;Bunu burada s\u00f6ylemiyorum. Her yerde s\u00f6yledi\u011fim i\u00e7in burada da tekrarl\u0131yorum&#8221; dedi.<\/p>\n<p style=\"text-align: justify;\">Salona girerken, bir \u015fof\u00f6r esnaf\u0131n\u0131n Ba\u015fbakan Erdo\u011fan&#8217;\u0131n \u0130stanbul&#8217;da taksici esnaf\u0131yla yapt\u0131\u011f\u0131 toplant\u0131y\u0131 sordu\u011funu dile getiren Ar\u0131n\u00e7, \u015f\u00f6yle devam etti:<\/p>\n<p style=\"text-align: justify;\">&#8221;Duydum hatta, eski model bir arabayla gitti o toplant\u0131ya. Ama orada olmad\u0131\u011f\u0131m i\u00e7in ne s\u00f6yledi\u011fini bilmiyorum. Ama \u015funu biliyorum, Say\u0131n Ba\u015fbakan\u0131m\u0131z taksici esnaf\u0131na ne vaat ettiyse ben de onu size vaat ediyorum. Korsanlarla m\u00fccadele mi eyvallah&#8230; O ne s\u00f6ylediyse biz ona sahip \u00e7\u0131kar\u0131z. \u0130stanbul&#8217;daki taksici esnaf\u0131 neyse Bursa&#8217;daki de o. Bursa&#8217;daki neyse Ni\u011fde&#8217;deki de o. Kayseri&#8217;deki de o. Zaten toplumun i\u00e7inde bulundu\u011fu \u015fartlar bellidir. Aln\u0131n\u0131z\u0131n teri, eme\u011finizin kar\u015f\u0131l\u0131\u011f\u0131n\u0131 mutlaka g\u00f6r\u00fcn. E\u015finizle \u00e7ocuklar\u0131n\u0131zla in\u015fallah huzur i\u00e7inde bu cennet vatanda ya\u015fay\u0131n. Tek istedi\u011fimiz budur. Bug\u00fcn T\u00fcrkiye&#8217;de taksici, -belki biraz daha az olmak kayd\u0131yla- dolmu\u015f\u00e7u esnaf\u0131n\u0131n son y\u0131llarda maalesef giderek artan bir can g\u00fcvenli\u011fi sorunu var. \u00d6zellikle b\u00fcy\u00fck \u015fehirlerde taksicilere kar\u015f\u0131 ahlaks\u0131z, k\u00f6t\u00fc, \u00e7irkin insanlar\u0131n yapt\u0131\u011f\u0131 baz\u0131 olaylar\u0131 duyuyoruz. Bunlara kar\u015f\u0131 da \u015f\u00fcphesiz tedbirler al\u0131nacak. Emniyetimiz bu konuda \u00e7ok gayretli. Ba\u015fka yap\u0131labilecek tedbirler varsa onlar\u0131 da hep beraber kararla\u015ft\u0131raca\u011f\u0131z.&#8221;<\/p>\n<p style=\"text-align: justify;\">Ar\u0131n\u00e7, bir \u015fof\u00f6r esnaf\u0131n\u0131n, &#8221;Ha\u015fim \u0130\u015fcan Caddesi&#8217;nde otob\u00fcslere ayr\u0131lan \u015feritten gitti\u011fimizde ceza yiyoruz. Bunun \u00e7\u00f6z\u00fcm\u00fcn\u00fc istiyoruz&#8221; demesi \u00fczerine Ar\u0131n\u00e7, yard\u0131mc\u0131lar\u0131na &#8221;bir \u00e7aresini bulal\u0131m&#8221; talimat\u0131n\u0131 verdi.<\/p>\n<p style=\"text-align: justify;\">Konu\u015fmas\u0131n\u0131n ard\u0131ndan BESOB Ba\u015fkan\u0131 Arif Tak ile makam\u0131nda bir s\u00fcre g\u00f6r\u00fc\u015fen Ar\u0131n\u00e7, daha sonra Fomara Meydan\u0131&#8217;ndaki se\u00e7im b\u00fcrosuna ge\u00e7ti.<\/p>\n<p style=\"text-align: justify;\"><a href=\"http:\/\/www.gazeteport.com.tr\/SIYASET\/NEWS\/GP_897950\" target=\"_blank\">Kaynak : GAZETEPORT<\/a><\/p>\n","protected":false},"excerpt":{"rendered":"<p style=\"text-align: justify;\">\n<p style=\"text-align: justify;\">Ba\u015fbakan Yard\u0131mc\u0131s\u0131 B\u00fclent Ar\u0131n\u00e7, &#8220;Anketlere gerek yok onlara sorun&#8221; dedi\u011fi taksicilere &#8216;memnun musunuz?&#8221; dedi, yan\u0131t &#8216;hay\u0131r&#8217; oldu.<\/p>\n<p style=\"text-align: justify;\">BURSA &#8211; Devlet Bakan\u0131 ve Ba\u015fbakan Yard\u0131mc\u0131s\u0131 B\u00fclent Ar\u0131n\u00e7, &#8221;\u015eimdi 100 tane anket \u015firketine &#8216;Bu se\u00e7imleri kim kazanacak&#8217; diye anket yapt\u0131rmaya gerek yok. Bursa&#8217;n\u0131n i\u00e7inde on tane taksiye binin, on tane <\/p>\n","protected":false},"author":1,"featured_media":0,"comment_status":"open","ping_status":"closed","sticky":false,"template":"","format":"standard","meta":{"footnotes":""},"categories":[105],"tags":[],"class_list":["post-31583","post","type-post","status-publish","format-standard","hentry","category-gundem","odd"],"_links":{"self":[{"href":"http:\/\/www.korhanyilmaz.com\/index.php?rest_route=\/wp\/v2\/posts\/31583","targetHints":{"allow":["GET"]}}],"collection":[{"href":"http:\/\/www.korhanyilmaz.com\/index.php?rest_route=\/wp\/v2\/posts"}],"about":[{"href":"http:\/\/www.korhanyilmaz.com\/index.php?rest_route=\/wp\/v2\/types\/post"}],"author":[{"embeddable":true,"href":"http:\/\/www.korhanyilmaz.com\/index.php?rest_route=\/wp\/v2\/users\/1"}],"replies":[{"embeddable":true,"href":"http:\/\/www.korhanyilmaz.com\/index.php?rest_route=%2Fwp%2Fv2%2Fcomments&post=31583"}],"version-history":[{"count":0,"href":"http:\/\/www.korhanyilmaz.com\/index.php?rest_route=\/wp\/v2\/posts\/31583\/revisions"}],"wp:attachment":[{"href":"http:\/\/www.korhanyilmaz.com\/index.php?rest_route=%2Fwp%2Fv2%2Fmedia&parent=31583"}],"wp:term":[{"taxonomy":"category","embeddable":true,"href":"http:\/\/www.korhanyilmaz.com\/index.php?rest_route=%2Fwp%2Fv2%2Fcategories&post=31583"},{"taxonomy":"post_tag","embeddable":true,"href":"http:\/\/www.korhanyilmaz.com\/index.php?rest_route=%2Fwp%2Fv2%2Ftags&post=31583"}],"curies":[{"name":"wp","href":"https:\/\/api.w.org\/{rel}","templated":true}]}}