{"id":31575,"date":"2011-05-03T08:25:36","date_gmt":"2011-05-03T05:25:36","guid":{"rendered":"http:\/\/www.korhanyilmaz.com\/?p=31575"},"modified":"2011-05-03T08:25:36","modified_gmt":"2011-05-03T05:25:36","slug":"yargitay-baskanligina-surpriz-aday","status":"publish","type":"post","link":"http:\/\/www.korhanyilmaz.com\/?p=31575","title":{"rendered":"Yarg\u0131tay ba\u015fkanl\u0131\u011f\u0131na s\u00fcrpriz aday"},"content":{"rendered":"<p style=\"text-align: justify;\"><a href=\"http:\/\/www.korhanyilmaz.com\/wp-content\/uploads\/2011\/05\/004.jpg\"  class=\"lightview\"><img loading=\"lazy\" decoding=\"async\" class=\"aligncenter size-full wp-image-31576\" src=\"http:\/\/www.korhanyilmaz.com\/wp-content\/uploads\/2011\/05\/004.jpg\" alt=\"\" width=\"360\" height=\"248\" \/><\/a><\/p>\n<p style=\"text-align: justify;\">Yarg\u0131tay B\u00fcy\u00fck Genel Kurulu, Yarg\u0131tay Ba\u015fsavc\u0131s\u0131 se\u00e7iminin ard\u0131ndan ba\u015fsavc\u0131vekilleri se\u00e7imini de tamamlarken 2 Haziran&#8217;da yap\u0131lacak Yarg\u0131tay Ba\u015fkanl\u0131\u011f\u0131 se\u00e7imi \u00f6ncesinde kulisler hareketlendi. Adaylardan biri, Yarg\u0131tay Ba\u015fsavc\u0131l\u0131\u011f\u0131 g\u00f6revini Hasan Erbil&#8217;e devretmeye haz\u0131rlanan Abdurrahman Yal\u00e7\u0131nkaya.<!--more--><\/p>\n<p style=\"text-align: justify;\">Y\u00fcksek yarg\u0131da se\u00e7im heyecan\u0131 b\u00fct\u00fcn h\u0131z\u0131yla s\u00fcr\u00fcyor. Yarg\u0131tay Ba\u015fsavc\u0131l\u0131\u011f\u0131\u2019na Yarg\u0131tay 6. Ceza Dairesi \u00dcyesi Hasan Erbil\u2019in atanmas\u0131n\u0131n ard\u0131ndan d\u00fcn de Ba\u015fsavc\u0131vekilli\u011fi se\u00e7imi yap\u0131ld\u0131. Se\u00e7imlere d\u00f6rt \u00fcye resmi aday oldu. Ba\u015fsavc\u0131vekili aday belirleme se\u00e7iminde 5. Ceza Dairesi \u00fcyesi Mehmet Ekmek\u00e7i 291 oy al\u0131rken, 11. Ceza Dairesi \u00fcyesi Kubilay Ta\u015fdemir 139 oy, 2. Ceza Dairesi \u00dcyesi Ali Muhlis Karaka\u015f 126 oy, Metin Kaya da 116 oy ald\u0131.<\/p>\n<p style=\"text-align: justify;\">Aday olmamas\u0131na ra\u011fmen bilgisi d\u0131\u015f\u0131nda aday g\u00f6sterilen Yarg\u0131tay 8. Ceza Dairesi \u00fcyesi Hamdi Yaver Aktan da \u00fc\u00e7 oy ald\u0131. Aktan Yarg\u0131tay Ba\u015fkanl\u0131\u011f\u0131\u2019na dilek\u00e7e vererek K\u00f6\u015fk\u2019e g\u00f6nderilecek listeden isminin \u00e7\u0131kart\u0131lmas\u0131n\u0131 istedi. Ancak Yarg\u0131tay Ba\u015fkanl\u0131\u011f\u0131, Aktan\u2019\u0131n talebini dikkate almad\u0131.<\/p>\n<p style=\"text-align: justify;\"><strong>9. Daire\u2019ye Ezen se\u00e7ildi<\/strong><\/p>\n<p style=\"text-align: justify;\">Bo\u015f bulunan Dan\u0131\u015ftay Dokuzuncu Daire Ba\u015fkanl\u0131\u011f\u0131 i\u00e7in de Dan\u0131\u015ftay Genel Kurulu\u2019nda se\u00e7im yap\u0131ld\u0131. Se\u00e7imler sonucunda ayn\u0131 dairenin \u00fcyesi Emine I\u015f\u0131n Ezen yeni ba\u015fkan se\u00e7ildi. 2004-2008 aras\u0131nda HSYK yedek \u00fcyeli\u011fi yapan Ezen, Ankara Hukuk Fak\u00fcltesi mezunu.<\/p>\n<p style=\"text-align: justify;\">Yarg\u0131daki se\u00e7im heyecan\u0131 haziran ay\u0131nda da devam edecek. Yarg\u0131tay Ba\u015fkan\u0131 Hasan Gerek\u00e7er ve Dan\u0131\u015ftay Ba\u015fkan\u0131 Mustafa Birden\u2019in g\u00f6rev s\u00fcreleri doluyor.<\/p>\n<p style=\"text-align: justify;\">Hasan Ger\u00e7eker\u2019in koltu\u011funa \u015fimdiden adaylar \u00e7\u0131kmaya ba\u015flad\u0131. En dikkat \u00e7eken isimse halen Yarg\u0131tay Ba\u015fsavc\u0131l\u0131\u011f\u0131 g\u00f6revini s\u00fcrd\u00fcren Abdurrahman Yal\u00e7\u0131nkaya oldu. Ayr\u0131ca halen Yarg\u0131tay 6. Hukuk Dairesi Ba\u015fkan\u0131 Naz\u0131m Kaynak ve Yarg\u0131tay 5. Ceza Dairesi Ba\u015fkan\u0131 Ahmet Ceylani Tu\u011frul yeni Yarg\u0131tay Ba\u015fkan\u0131 olmak i\u00e7in kulis \u00e7al\u0131\u015fmalar\u0131na ba\u015flad\u0131. Se\u00e7imlerde en y\u00fcksek oyu alan ki\u015fi herhangi bir makam\u0131n onamas\u0131na gerek kalmadan yeni Yarg\u0131tay Ba\u015fkan\u0131 oluyor.<\/p>\n<p style=\"text-align: justify;\"><a href=\"http:\/\/www.radikal.com.tr\/Radikal.aspx?aType=RadikalDetayV3&amp;ArticleID=1048088&amp;Date=03.05.2011&amp;CategoryID=77\" target=\"_blank\">Kaynak : Radikal<\/a><\/p>\n","protected":false},"excerpt":{"rendered":"<p style=\"text-align: justify;\">\n<p style=\"text-align: justify;\">Yarg\u0131tay B\u00fcy\u00fck Genel Kurulu, Yarg\u0131tay Ba\u015fsavc\u0131s\u0131 se\u00e7iminin ard\u0131ndan ba\u015fsavc\u0131vekilleri se\u00e7imini de tamamlarken 2 Haziran&#8217;da yap\u0131lacak Yarg\u0131tay Ba\u015fkanl\u0131\u011f\u0131 se\u00e7imi \u00f6ncesinde kulisler hareketlendi. Adaylardan biri, Yarg\u0131tay Ba\u015fsavc\u0131l\u0131\u011f\u0131 g\u00f6revini Hasan Erbil&#8217;e devretmeye haz\u0131rlanan Abdurrahman Yal\u00e7\u0131nkaya.<\/p>\n","protected":false},"author":1,"featured_media":0,"comment_status":"open","ping_status":"closed","sticky":false,"template":"","format":"standard","meta":{"footnotes":""},"categories":[105],"tags":[],"class_list":["post-31575","post","type-post","status-publish","format-standard","hentry","category-gundem","odd"],"_links":{"self":[{"href":"http:\/\/www.korhanyilmaz.com\/index.php?rest_route=\/wp\/v2\/posts\/31575","targetHints":{"allow":["GET"]}}],"collection":[{"href":"http:\/\/www.korhanyilmaz.com\/index.php?rest_route=\/wp\/v2\/posts"}],"about":[{"href":"http:\/\/www.korhanyilmaz.com\/index.php?rest_route=\/wp\/v2\/types\/post"}],"author":[{"embeddable":true,"href":"http:\/\/www.korhanyilmaz.com\/index.php?rest_route=\/wp\/v2\/users\/1"}],"replies":[{"embeddable":true,"href":"http:\/\/www.korhanyilmaz.com\/index.php?rest_route=%2Fwp%2Fv2%2Fcomments&post=31575"}],"version-history":[{"count":0,"href":"http:\/\/www.korhanyilmaz.com\/index.php?rest_route=\/wp\/v2\/posts\/31575\/revisions"}],"wp:attachment":[{"href":"http:\/\/www.korhanyilmaz.com\/index.php?rest_route=%2Fwp%2Fv2%2Fmedia&parent=31575"}],"wp:term":[{"taxonomy":"category","embeddable":true,"href":"http:\/\/www.korhanyilmaz.com\/index.php?rest_route=%2Fwp%2Fv2%2Fcategories&post=31575"},{"taxonomy":"post_tag","embeddable":true,"href":"http:\/\/www.korhanyilmaz.com\/index.php?rest_route=%2Fwp%2Fv2%2Ftags&post=31575"}],"curies":[{"name":"wp","href":"https:\/\/api.w.org\/{rel}","templated":true}]}}