{"id":3155,"date":"2009-02-07T13:19:15","date_gmt":"2009-02-07T11:19:15","guid":{"rendered":"http:\/\/www.korhanyilmaz.com\/?p=3155"},"modified":"2009-02-07T13:19:15","modified_gmt":"2009-02-07T11:19:15","slug":"erdogana-tosun-yaniti","status":"publish","type":"post","link":"http:\/\/www.korhanyilmaz.com\/?p=3155","title":{"rendered":"Erdo\u011fan&#039;a Tosun yan\u0131t\u0131"},"content":{"rendered":"<p style=\"text-align: center;\"><img loading=\"lazy\" decoding=\"async\" class=\"aligncenter size-full wp-image-3156\" title=\"Erdo\u011fan'a Tosun yan\u0131t\u0131 \" src=\"http:\/\/www.korhanyilmaz.com\/wp-content\/uploads\/2009\/02\/070220091302194189583.jpg\" alt=\"Erdo\u011fan'a Tosun yan\u0131t\u0131 \" width=\"376\" height=\"240\" \/><\/p>\n<p style=\"text-align: center;\">\n<p style=\"text-align: justify;\"><strong><span style=\"color: #000000;\">&#8220;Ba\u015fbakan o\u011flunun hangi \u015firkette \u00e7al\u0131\u015ft\u0131\u011f\u0131n\u0131 benden \u00f6\u011frendi&#8221;<\/span><\/strong><\/p>\n<p style=\"text-align: justify;\">K\u0131l\u0131\u00e7daro\u011flu, partisinin \u0130stanbul Se\u00e7im Merkezinde kendisine destek i\u00e7in Ankara&#8217;dan gelen 40 CHP&#8217;li milletvekiliyle bir araya geldi.<\/p>\n<p style=\"text-align: justify;\">CHP \u0130stanbul \u0130l Ba\u015fkan\u0131 G\u00fcrsel Tekin ve CHP Genel Sekreter Yard\u0131mc\u0131s\u0131 Mehmet Sevigen&#8217;in de kat\u0131ld\u0131\u011f\u0131 toplant\u0131da konu\u015fan CHP Grup Ba\u015fkan Vekili Kemal Anadol, se\u00e7im \u00e7al\u0131\u015fmalar\u0131na katk\u0131da bulunabilmek ve CHP&#8217;nin b\u00fcy\u00fck yar\u0131\u015f\u0131nda K\u0131l\u0131\u00e7daro\u011flu&#8217;na yararl\u0131 olabilmek i\u00e7in iki g\u00fcnl\u00fck bir program d\u00fczenlediklerini s\u00f6yledi.<\/p>\n<p style=\"text-align: justify;\">K\u0131l\u0131\u00e7daro\u011flu&#8217;nun, Ba\u015fbakan Recep Tayyip Erdo\u011fan&#8217;a y\u00f6neltti\u011fi &#8220;Ekrem Tosun kimdir?&#8221; sorusuna Tosun&#8217;dan bir a\u00e7\u0131klama geldi\u011fini hat\u0131rlatarak, &#8220;Tosun, Ba\u015fbakan&#8217;\u0131n o\u011fluyla ortakl\u0131\u011f\u0131n\u0131 do\u011frulad\u0131. <!--more-->Ama bunun hukuk d\u0131\u015f\u0131 bir yolu olmad\u0131\u011f\u0131n\u0131 s\u00f6yledi&#8221; s\u00f6zlerine kar\u015f\u0131l\u0131k, Kemal K\u0131l\u0131\u00e7daro\u011flu, Ekrem Tosun&#8217;un ne s\u00f6yleyip, ne s\u00f6ylemedi\u011finin kendisini ilgilendirmedi\u011fini belirterek, \u015funlar\u0131 kaydetti:<\/p>\n<p style=\"text-align: justify;\">&#8220;Beni ilgilendiren temel konu \u015fuydu, Ba\u015fbakan&#8217;\u0131n ailesinin, yine kendisine \u00e7ok yak\u0131n bir i\u015f adam\u0131yla yapt\u0131\u011f\u0131 ortakl\u0131kt\u0131. Bu ortakl\u0131\u011f\u0131 Bilal Necmettin Erdo\u011fan ad\u0131 g\u00f6r\u00fcnmesin diye vekaletle birisi imzal\u0131yor. Ba\u015fbakan&#8217;\u0131n o\u011flu, ad\u0131n\u0131 ni\u00e7in gizleme ihtiyac\u0131 i\u00e7inde olur? Say\u0131n Ba\u015fbakan herhalde bir ger\u00e7e\u011fi daha \u00f6\u011frendi. O\u011flunun hangi \u015firkete ortak oldu\u011funu benden \u00f6\u011frenmi\u015f oluyor b\u00f6ylece. Ba\u015fbakan, &#8216;Tan\u0131m\u0131yorum&#8217; dedi. Ben de kendisine tan\u0131tt\u0131m. E\u011fer Ba\u015fbakan, ek bilgi de isterse yine kendisine ek bilgi de vermeye haz\u0131r\u0131m.&#8221;<\/p>\n<p style=\"text-align: justify;\"><strong>B\u0130TMED\u0130, DEVAMI GELECEK<\/strong><\/p>\n<p style=\"text-align: justify;\">K\u0131l\u0131\u00e7daro\u011flu, &#8220;Yani bu polemik art\u0131k bitti mi?&#8221; sorusuna kar\u015f\u0131l\u0131k, &#8220;Tosun polemi\u011fi bitmedi. Daha bunun devam\u0131 gelecek. S\u00f6yl\u00fcyorum ki birileri gece rahat uyumas\u0131n. K\u00f6r kuru\u015fa tenezz\u00fcl eden adamlardan hesap soraca\u011f\u0131z. Bu bir defa kesin&#8230;&#8221; dedi.<\/p>\n<p style=\"text-align: center;\"><img loading=\"lazy\" decoding=\"async\" class=\"size-full wp-image-3157 alignnone\" title=\" \" src=\"http:\/\/www.korhanyilmaz.com\/wp-content\/uploads\/2009\/02\/070220091302544738142_3.jpg\" alt=\"070220091302544738142_3\" width=\"300\" height=\"191\" \/><\/p>\n<h2 style=\"text-align: justify;\">Merak edilen isim ortaya \u00e7\u0131kt\u0131<\/h2>\n<p style=\"text-align: justify;\"><strong><span style=\"color: #000000;\">Tosun polemi\u011fi ilgin\u00e7 ortakl\u0131\u011f\u0131 ortaya \u00e7\u0131kard\u0131<\/span><\/strong><\/p>\n<p style=\"text-align: justify;\">Erdo\u011fan, Ekrem Tosun i\u00e7in &#8220;Tan\u0131m\u0131yorum&#8221; dedi. K\u0131l\u0131\u00e7daro\u011flu \u0131srar edince Tosun&#8217;un yapt\u0131\u011f\u0131 a\u00e7\u0131klama ilgin\u00e7 bir ortakl\u0131\u011f\u0131 g\u00f6zler \u00f6n\u00fcne serdi. Bilal Erdo\u011fan ile yengesinin Atagold \u015firketine ortak oldu\u011fu ortaya \u00e7\u0131kt\u0131<\/p>\n<p style=\"text-align: justify;\">CHP&#8217;nin \u0130stanbul B\u00fcy\u00fck\u015fehir Belediye Ba\u015fkan aday\u0131 Kemal K\u0131l\u0131\u00e7daro\u011flu, \u00fc\u00e7 g\u00fcn \u00f6nce bir TV kanal\u0131nda, &#8220;Ba\u015fbakan&#8217;a soruyorum. Ekrem Tosun&#8217;u tan\u0131yor mu&#8221; diye bir soru y\u00f6neltti. Bu ilgin\u00e7 soruya Ba\u015fbakan&#8217;dan cevap d\u00fcn geldi.<\/p>\n<p style=\"text-align: justify;\">Erdo\u011fan d\u00fcn, AKP \u0130l Ba\u015fkanlar\u0131 toplant\u0131s\u0131nda, konuya de\u011findi ve K\u0131l\u0131\u00e7daro\u011flu&#8217;nu yalan s\u00f6ylemekle su\u00e7lad\u0131:<\/p>\n<p style=\"text-align: justify;\">&#8220;Bug\u00fcn gazetelerin bir tanesinde g\u00f6rd\u00fcm. &#8216;Filanca&#8217; diyor &#8216;Ba\u015fbakan&#8217;\u0131n nesidir?&#8217; Ben bilmiyorum kimdir, nedir. S\u00f6yle bakay\u0131m ben de bir tan\u0131\u015fay\u0131m. B\u00f6yle iftira olur mu? Bir isim koymu\u015f, &#8216;Filanca, Ba\u015fbakan&#8217;\u0131n nesidir?&#8217; Ben ne bileyim ya. Tan\u0131m\u0131yorum, bilmiyorum. Ne kan\u0131mda, ne nesebimde hi\u00e7 tan\u0131d\u0131\u011f\u0131m, bildi\u011fim birisi de\u011fildir.&#8221;<\/p>\n<p style=\"text-align: justify;\">&#8216;<strong>O\u011fluna sorsun&#8217;<\/strong><\/p>\n<p style=\"text-align: justify;\">Bu a\u00e7\u0131klaman\u0131n hemen ard\u0131ndan K\u0131l\u0131\u00e7daro\u011flu, Ekrem Tosun&#8217;la ilgili ilk kez ayr\u0131nt\u0131 verdi. K\u0131l\u0131\u00e7daro\u011flu, &#8220;Say\u0131n Ba\u015fbakan tan\u0131m\u0131yorsa o\u011flu Necmettin Bilal Erdo\u011fan&#8217;\u0131 \u00e7a\u011f\u0131r\u0131p Ekrem Tosun&#8217;u tan\u0131y\u0131p tan\u0131mad\u0131\u011f\u0131n\u0131 sorabilir. E\u011fer bu olana\u011f\u0131 yoksa \u00e7ok iyi tan\u0131d\u0131\u011f\u0131 bir i\u015fadam\u0131 var. Cihan Kamer&#8217;i \u00e7a\u011f\u0131r\u0131p Tosun&#8217;u tan\u0131y\u0131p tan\u0131mad\u0131\u011f\u0131n\u0131 sorabilir&#8221; dedi..<\/p>\n<p style=\"text-align: justify;\"><strong>Tosun&#8217;dan a\u00e7\u0131klama<\/strong><\/p>\n<p style=\"text-align: justify;\">Polemik b\u00fcy\u00fcrken, tart\u0131\u015fman\u0131n oda\u011f\u0131ndaki isim olan Ekrem Tosun&#8217;dan da yaz\u0131l\u0131 a\u00e7\u0131klama geldi. A\u00e7\u0131klamada \u015f\u00f6yle denildi: &#8220;1995&#8217;ten beri Atasay Grubu \u015firketlerinin Mali M\u00fc\u015favirli\u011fi g\u00f6revini y\u00fcr\u00fctmekteyim. Bug\u00fcne kadar, ne Say\u0131n Ba\u015fbakan ne K\u0131l\u0131\u00e7daro\u011flu ne de herhangi bir siyasiyle tan\u0131\u015f\u0131kl\u0131\u011f\u0131m olmu\u015ftur&#8230; K\u0131l\u0131\u00e7daro\u011flu&#8217;nun elindeki belge ve bilginin \u00f6zetinin \u015fu oldu\u011funu tahmin etmekteyim: Mali M\u00fc\u015favirli\u011fini y\u00fcr\u00fctt\u00fc\u011f\u00fcm \u015firketlerden birisi, Bilal Erdo\u011fan, Sema Erdo\u011fan, Atasay Kamer, Simay Kamer ve \u00c7i\u011fdem Kamer&#8217;in ortak oldu\u011fu Atagold&#8217;dur. \u015eirket y\u0131ll\u0131k genel kurul toplant\u0131lar\u0131nda temsille s\u0131n\u0131rl\u0131 olmak kayd\u0131yla, kendilerinin yurtd\u0131\u015f\u0131nda ya\u015f\u0131yor olmalar\u0131ndan dolay\u0131 Say\u0131n Bilal Erdo\u011fan ve Sema Erdo\u011fan ad\u0131na oy kullanmaktay\u0131m.&#8221;<\/p>\n<p style=\"text-align: justify;\"><strong>\u00c7ocuklar\u0131n i\u015fbirli\u011fi<\/strong><\/p>\n<p style=\"text-align: justify;\">Bu s\u00fcrpriz a\u00e7\u0131klama ilgin\u00e7 bir ortakl\u0131\u011f\u0131 ortaya \u00e7\u0131kard\u0131. A\u00e7\u0131klamaya g\u00f6re Ba\u015fbakan Erdo\u011fan&#8217;\u0131n o\u011flu Bilal Erdo\u011fan ve b\u00fcy\u00fck o\u011flu Burak Erdo\u011fan&#8217;\u0131n e\u015fi Sema Erdo\u011fan Atagold&#8217;un orta\u011f\u0131. Atagold Kuyumculuk Ticaret A.\u015e.&#8217;nin kurulu\u015f tarihi 1995. Ancak \u015firkete 2006 y\u0131l\u0131nda Bilal ve Sema Erdo\u011fan ortak oldu\u011fu belirtiliyor. Ba\u015fbakan ve arkada\u015f\u0131 Cihan Kamer, \u00e7ocuklara bir i\u015fyeri a\u00e7al\u0131m d\u00fc\u015f\u00fcncesiyle bu \u015firket ortakl\u0131\u011f\u0131n\u0131n ger\u00e7ekle\u015fti\u011fi ileri s\u00fcr\u00fcl\u00fcyor.<\/p>\n<p style=\"text-align: justify;\">Cihan Kamer&#8217;in e\u015fi \u00c7i\u011fdem Kamer&#8217;e ait hisselerin bir b\u00f6l\u00fcm\u00fc Bilal Erdo\u011fan ve Sema Erdo\u011fan&#8217;a devrediliyor. Bilal ve Sema&#8217;n\u0131n oranlar\u0131 y\u00fczde 25&#8217;erden y\u00fczde 50. Kamer ailesinden \u015firkete 3 ki\u015fi var. Cihan Kamer&#8217;in e\u015fi \u00c7i\u011fdem Kamer, o\u011flu Atasay Kamer ve k\u0131z\u0131 Simay Kamer. Bunlar da y\u00fczde 50 hisseyi \u00fc\u00e7e b\u00f6lm\u00fc\u015f durumdalar. \u015eirketin 2007 y\u0131l\u0131 vergi \u00f6ncesi k\u00e2r\u0131 ise 46 bin YTL.<\/p>\n<p style=\"text-align: justify;\"><strong>Ticaret sicildeki ortakl\u0131k<\/strong><\/p>\n<p style=\"text-align: justify;\">Ticaret Sicil Gazetesi&#8217;ndeki bilgilere gelince&#8230; Atagold Kuyumculuk Ticaret A\u015e ile ilgili ilk kay\u0131t 1995 y\u0131l\u0131na dayan\u0131yor. \u015eirket ile ilgili detayl\u0131 bilgiye ise 2004 y\u0131l\u0131nda ula\u015f\u0131labiliyor. 500 bin YTL sermayeli \u015firketin merkezi Bah\u00e7elievler g\u00f6r\u00fcn\u00fcyor. 13A\u011fustos 2007 tarihine kadar \u015firkette bir de\u011fi\u015fiklik olmuyor. Bu tarihte \u00c7i\u011fdem Kamer \u015firketin y\u00f6netim kurumu \u00fcyeli\u011fine se\u00e7iliyor. 29 Mart 2008 tarihinde ise \u015firketin y\u00f6netim kurulu \u00fcyeleri aras\u0131na Erdo\u011fan&#8217;\u0131n gelini Sema Erdo\u011fan da giriyor. \u00c7\u00fcnk\u00fc bu tarihte \u00c7i\u011fdem Kamer &#8216;\u00f6zel nedenlerden dolay\u0131&#8217; y\u00f6netim kurulu \u00fcyeli\u011finden ayr\u0131l\u0131yor.<\/p>\n<p style=\"text-align: justify;\"><strong>\u00c7ocuklar\u0131n\u0131n alt\u0131nlar\u0131n\u0131 bozmu\u015ftu<\/strong><\/p>\n<p style=\"text-align: justify;\">Erdo\u011fan&#8217;a yak\u0131nl\u0131\u011f\u0131 ile bilinen Atasay Holding&#8217;in sahibi Cihan Kamer (44), Denizlili kuyumcu bir ailenin \u00e7ocu\u011fu. G\u00fcndeme ilk kez 2002 y\u0131l\u0131nda, Erdo\u011fan&#8217;\u0131n mal varl\u0131\u011f\u0131 a\u00e7\u0131klamas\u0131yla geldi. Erdo\u011fan AKP&#8217;yi kurduktan sonra, &#8220;mal varl\u0131\u011f\u0131mdaki art\u0131\u015f, \u00e7ocuklar\u0131m\u0131n s\u00fcnnetinde hediye edilen alt\u0131nlardan kaynaklan\u0131yor. Bu alt\u0131nlar\u0131 Atasay Kuyumculuk&#8217;ta bozdurdum&#8221; demi\u015fti. Erdo\u011fan&#8217;\u0131n yurtd\u0131\u015f\u0131 gezilerinde uzun y\u0131llar yan\u0131nda yer alan Cihan Kamer; Atasay, Asgold, Atagold gibi \u015firketlerin sahibi. Kamer&#8217;in alt\u0131n \u015firketlerinin y\u0131ll\u0131k cirosu bir 796 milyon TL. \u015eirketlerin 127 ma\u011fazas\u0131 bulunuyor. \u0130hracata y\u00f6nelen \u015firketin ABD, Dubai ve bir\u00e7ok Avrupa&#8217;da ofisleri bulunuyor. Kamer, enerji ve in\u015faat alan\u0131nda da faaliyette bulunuyor. Dubaili orta\u011f\u0131yla kurdu\u011fu EMAAR ile k\u0131sa s\u00fcre \u00f6nce yollar\u0131n\u0131 ay\u0131rd\u0131.<\/p>\n<p style=\"text-align: justify;\"><span style=\"color: #999999;\">Kaynak : Vatan Gazetesi<\/span><\/p>\n<p style=\"text-align: justify;\">\n","protected":false},"excerpt":{"rendered":"<p style=\"text-align: center;\">\n<p style=\"text-align: center;\">\n<p style=\"text-align: justify;\">&#8220;Ba\u015fbakan o\u011flunun hangi \u015firkette \u00e7al\u0131\u015ft\u0131\u011f\u0131n\u0131 benden \u00f6\u011frendi&#8221;<\/p>\n<p style=\"text-align: justify;\">K\u0131l\u0131\u00e7daro\u011flu, partisinin \u0130stanbul Se\u00e7im Merkezinde kendisine destek i\u00e7in Ankara&#8217;dan gelen 40 CHP&#8217;li milletvekiliyle bir araya geldi.<\/p>\n<p style=\"text-align: justify;\">CHP \u0130stanbul \u0130l Ba\u015fkan\u0131 G\u00fcrsel Tekin ve CHP Genel Sekreter Yard\u0131mc\u0131s\u0131 Mehmet Sevigen&#8217;in de kat\u0131ld\u0131\u011f\u0131 toplant\u0131da konu\u015fan CHP Grup Ba\u015fkan <\/p>\n","protected":false},"author":1,"featured_media":0,"comment_status":"open","ping_status":"closed","sticky":false,"template":"","format":"standard","meta":{"footnotes":""},"categories":[105],"tags":[],"class_list":["post-3155","post","type-post","status-publish","format-standard","hentry","category-gundem","odd"],"_links":{"self":[{"href":"http:\/\/www.korhanyilmaz.com\/index.php?rest_route=\/wp\/v2\/posts\/3155","targetHints":{"allow":["GET"]}}],"collection":[{"href":"http:\/\/www.korhanyilmaz.com\/index.php?rest_route=\/wp\/v2\/posts"}],"about":[{"href":"http:\/\/www.korhanyilmaz.com\/index.php?rest_route=\/wp\/v2\/types\/post"}],"author":[{"embeddable":true,"href":"http:\/\/www.korhanyilmaz.com\/index.php?rest_route=\/wp\/v2\/users\/1"}],"replies":[{"embeddable":true,"href":"http:\/\/www.korhanyilmaz.com\/index.php?rest_route=%2Fwp%2Fv2%2Fcomments&post=3155"}],"version-history":[{"count":0,"href":"http:\/\/www.korhanyilmaz.com\/index.php?rest_route=\/wp\/v2\/posts\/3155\/revisions"}],"wp:attachment":[{"href":"http:\/\/www.korhanyilmaz.com\/index.php?rest_route=%2Fwp%2Fv2%2Fmedia&parent=3155"}],"wp:term":[{"taxonomy":"category","embeddable":true,"href":"http:\/\/www.korhanyilmaz.com\/index.php?rest_route=%2Fwp%2Fv2%2Fcategories&post=3155"},{"taxonomy":"post_tag","embeddable":true,"href":"http:\/\/www.korhanyilmaz.com\/index.php?rest_route=%2Fwp%2Fv2%2Ftags&post=3155"}],"curies":[{"name":"wp","href":"https:\/\/api.w.org\/{rel}","templated":true}]}}