{"id":31508,"date":"2011-05-01T21:14:00","date_gmt":"2011-05-01T18:14:00","guid":{"rendered":"http:\/\/www.korhanyilmaz.com\/?p=31508"},"modified":"2011-05-01T21:14:00","modified_gmt":"2011-05-01T18:14:00","slug":"zanadan-erdogana-kredin-tukendi","status":"publish","type":"post","link":"http:\/\/www.korhanyilmaz.com\/?p=31508","title":{"rendered":"Zana&#8217;dan Erdo\u011fan&#8217;a: &#8220;Kredin t\u00fckendi&#8221;"},"content":{"rendered":"<p style=\"text-align: center;\"><a href=\"http:\/\/www.korhanyilmaz.com\/wp-content\/uploads\/2011\/05\/128.jpg\"  class=\"lightview\"><img loading=\"lazy\" decoding=\"async\" class=\"aligncenter size-full wp-image-31509\" src=\"http:\/\/www.korhanyilmaz.com\/wp-content\/uploads\/2011\/05\/128.jpg\" alt=\"\" width=\"315\" height=\"212\" \/><\/a><\/p>\n<p style=\"text-align: justify;\">Diyarbak\u0131r&#8217;\u0131n Silvan il\u00e7esinde, siyasi ve askeri operasyonlar\u0131n durdurulmas\u0131 amac\u0131yla d\u00fczenlenen mitingde konu\u015fan BDP&#8217;nin destekledi\u011fi ba\u011f\u0131ms\u0131z milletvekili aday\u0131 Leyla Zana, Ba\u015fbakan Erdo\u011fan&#8217;a &#8220;K\u00fcrt halk\u0131n\u0131n sana verdi\u011fi kredi t\u00fckendi&#8221; diye seslendi. <!--more--><\/p>\n<p style=\"text-align: justify;\">Zana, &#8220;Y\u0131k\u0131c\u0131 olma, istersen tarihe ad\u0131n\u0131 alt\u0131n harflerle de yazd\u0131r\u0131rs\u0131n, istersen de di\u011ferleri gibi \u00e7\u00fcr\u00fcy\u00fcp gidersin, her \u015fey senin elinde. Tank\u0131n\u0131, polisini geri \u00e7ek. E\u011fer K\u00fcrt halk\u0131 ta\u015f atarsa sorumlulu\u011fu bana aittir. B\u0131\u00e7ak kemi\u011fe dayand\u0131. Ne sen ne de partin bu halktan b\u00fcy\u00fck de\u011fildir&#8221; dedi.<\/p>\n<p style=\"text-align: justify;\">BDP&#8217;nin destekle\u011fi Diyarbak\u0131r milletvekili aday\u0131 Leyla Zana, Silvan il\u00e7esi Yolaras\u0131 mevkiinde ara\u00e7 konvoyu e\u015fli\u011finde binlerce partili taraf\u0131ndan kar\u015f\u0131land\u0131.<\/p>\n<p style=\"text-align: justify;\">Ana dilde e\u011fitim, y\u00fczde 10 baraj\u0131n\u0131n kald\u0131r\u0131lmas\u0131, siyasi tutuklular\u0131n serbest b\u0131rak\u0131lmas\u0131 ile askeri ve siyasi operasyonlar\u0131n durdurulmas\u0131 amac\u0131yla haz\u0131rlanan pankartlar\u0131n a\u00e7\u0131ld\u0131\u011f\u0131 mitingde, Zana&#8217;n\u0131n konu\u015fmas\u0131 s\u0131k s\u0131k alk\u0131\u015f, z\u0131lg\u0131t ve slo\u011fanlarla kesildi.<\/p>\n<p style=\"text-align: justify;\">&#8220;Art\u0131k b\u0131\u00e7ak kemi\u011fe dayand\u0131&#8221; diyen Zana, Ba\u015fbakan Erdo\u011fan&#8217;a seslenerek, &#8220;Ne sen nede parti bu halkta b\u00fcy\u00fck de\u011fil. K\u00fcrt Halk\u0131n\u0131n sana verdi\u011fi kredi t\u00fckendi. Bu \u00fclkede \u00e7ok karanl\u0131k \u015feyler var ki bu sorunun \u00e7\u00f6z\u00fclmesi istenmiyor. Delila&#8217;n\u0131n ruhu, \u015eiyar&#8217;\u0131n sesi ve Mazlum&#8217;un direni\u015fi ile sizi selaml\u0131yor ve emek g\u00fcn\u00fc olan 1 May\u0131s\u0131n\u0131z\u0131 kutluyorum&#8221; dedi.<\/p>\n<p style=\"text-align: justify;\">Ayakkab\u0131lar\u0131n\u0131 \u00e7\u0131kard\u0131ktan sonra konu\u015fmaya ba\u015flayan Zana, &#8220;20 y\u0131l sonra yine kar\u015f\u0131n\u0131za \u00e7\u0131kt\u0131m. Neden ayakkab\u0131lar\u0131m\u0131 \u00e7\u0131kard\u0131m? \u00c7\u00fcnk\u00fc bu g\u00fc\u00e7, k\u00f6yl\u00fcn\u00fcn, kad\u0131n\u0131n, emek\u00e7inin ve direni\u015fin g\u00fcc\u00fcd\u00fcr. 20 y\u0131l \u00f6nce nas\u0131lsam 20 y\u0131l sonra da ayn\u0131 inan\u00e7lay\u0131m. Kafam\u0131 her yast\u0131\u011fa koydu\u011fumda akl\u0131ma da\u011fdaki gen\u00e7ler gelir. Ge\u00e7mi\u015fte yapt\u0131klar\u0131mdan pi\u015fman m\u0131y\u0131m? Hay\u0131r. \u00c7\u00fcnk\u00fc bu dava onurlu bir davad\u0131r. \u00d6zg\u00fcrl\u00fc\u011f\u00fc i\u00e7in y\u00fcr\u00fcyen bir halk, Allah kat\u0131nda da halk\u0131n\u0131n kat\u0131nda da onurludur&#8221; dedi.<\/p>\n<p style=\"text-align: justify;\"><strong>Asker ve polisi su\u00e7lad\u0131<\/strong><\/p>\n<p style=\"text-align: justify;\">Zana, &#8220;Polis de asker de diktat\u00f6rd\u00fcr. Bu \u00fclkede kim ba\u015fa ge\u00e7mi\u015fse, &#8216;Bu \u00fclkenin sahibiyim&#8217; diyor. Ba\u015fbakan&#8217;a sesleniyorum; Bug\u00fcne kadar ba\u015fa ge\u00e7enlerin hepsi yak\u0131p y\u0131kt\u0131. Sen y\u0131k\u0131c\u0131 olma, sen istersen tarihe ad\u0131n\u0131 alt\u0131n harflerle de yazd\u0131r\u0131rs\u0131n, istersen de di\u011ferleri gibi \u00e7\u00fcr\u00fcy\u00fcp gidersin, her \u015fey senin elinde. Tank\u0131n\u0131, polisini geri \u00e7ek. E\u011fer K\u00fcrt Halk\u0131 ta\u015f atarsa sorumlulu\u011fu bana aittir. Bu halk art\u0131k, &#8216;Zindanlar\u0131n kap\u0131s\u0131 a\u00e7\u0131ls\u0131n, da\u011fdaki gen\u00e7ler insin ve halk\u0131 i\u00e7in siyaset yaps\u0131n&#8217; istiyor. Bu sorun \u00e7\u00f6z\u00fclmedi\u011fi s\u00fcrece bu korku hep b\u00fcy\u00fcyecek. AKP&#8217;deki K\u00fcrtlere de sesleniyorum; Halk\u0131n\u0131z\u0131n yan\u0131nda yer almal\u0131s\u0131n\u0131z&#8221; dedi.<\/p>\n<p style=\"text-align: justify;\"><a href=\"http:\/\/www.cnnturk.com\/2011\/turkiye\/05\/01\/zanadan.erdogana.kredin.tukendi\/615157.0\/index.html\" target=\"_blank\">Kaynak : CNN T\u00dcRK<\/a><\/p>\n","protected":false},"excerpt":{"rendered":"<p style=\"text-align: center;\">\n<p style=\"text-align: justify;\">Diyarbak\u0131r&#8217;\u0131n Silvan il\u00e7esinde, siyasi ve askeri operasyonlar\u0131n durdurulmas\u0131 amac\u0131yla d\u00fczenlenen mitingde konu\u015fan BDP&#8217;nin destekledi\u011fi ba\u011f\u0131ms\u0131z milletvekili aday\u0131 Leyla Zana, Ba\u015fbakan Erdo\u011fan&#8217;a &#8220;K\u00fcrt halk\u0131n\u0131n sana verdi\u011fi kredi t\u00fckendi&#8221; diye seslendi. <\/p>\n","protected":false},"author":1,"featured_media":0,"comment_status":"open","ping_status":"closed","sticky":false,"template":"","format":"standard","meta":{"footnotes":""},"categories":[105],"tags":[],"class_list":["post-31508","post","type-post","status-publish","format-standard","hentry","category-gundem","odd"],"_links":{"self":[{"href":"http:\/\/www.korhanyilmaz.com\/index.php?rest_route=\/wp\/v2\/posts\/31508","targetHints":{"allow":["GET"]}}],"collection":[{"href":"http:\/\/www.korhanyilmaz.com\/index.php?rest_route=\/wp\/v2\/posts"}],"about":[{"href":"http:\/\/www.korhanyilmaz.com\/index.php?rest_route=\/wp\/v2\/types\/post"}],"author":[{"embeddable":true,"href":"http:\/\/www.korhanyilmaz.com\/index.php?rest_route=\/wp\/v2\/users\/1"}],"replies":[{"embeddable":true,"href":"http:\/\/www.korhanyilmaz.com\/index.php?rest_route=%2Fwp%2Fv2%2Fcomments&post=31508"}],"version-history":[{"count":0,"href":"http:\/\/www.korhanyilmaz.com\/index.php?rest_route=\/wp\/v2\/posts\/31508\/revisions"}],"wp:attachment":[{"href":"http:\/\/www.korhanyilmaz.com\/index.php?rest_route=%2Fwp%2Fv2%2Fmedia&parent=31508"}],"wp:term":[{"taxonomy":"category","embeddable":true,"href":"http:\/\/www.korhanyilmaz.com\/index.php?rest_route=%2Fwp%2Fv2%2Fcategories&post=31508"},{"taxonomy":"post_tag","embeddable":true,"href":"http:\/\/www.korhanyilmaz.com\/index.php?rest_route=%2Fwp%2Fv2%2Ftags&post=31508"}],"curies":[{"name":"wp","href":"https:\/\/api.w.org\/{rel}","templated":true}]}}