{"id":31502,"date":"2011-05-01T11:21:54","date_gmt":"2011-05-01T08:21:54","guid":{"rendered":"http:\/\/www.korhanyilmaz.com\/?p=31502"},"modified":"2011-05-01T11:21:54","modified_gmt":"2011-05-01T08:21:54","slug":"taksimde-coskulu-kutlama","status":"publish","type":"post","link":"http:\/\/www.korhanyilmaz.com\/?p=31502","title":{"rendered":"Taksim&#8217;de co\u015fkulu kutlama"},"content":{"rendered":"<p style=\"text-align: center;\"><a href=\"http:\/\/www.korhanyilmaz.com\/wp-content\/uploads\/2011\/05\/126.jpg\"  class=\"lightview\"><img loading=\"lazy\" decoding=\"async\" class=\"aligncenter size-full wp-image-31503\" src=\"http:\/\/www.korhanyilmaz.com\/wp-content\/uploads\/2011\/05\/126.jpg\" alt=\"\" width=\"413\" height=\"221\" \/><\/a><\/p>\n<p style=\"text-align: justify;\">Dolmabah\u00e7e&#8217;de olu\u015fturulan T\u00dcRK-\u0130\u015e korteji de D\u0130SK, KESK ve HAK-\u0130\u015e konfederasyonlar\u0131n\u0131n ard\u0131ndan 1 May\u0131s Emek ve Dayan\u0131\u015fma G\u00fcn\u00fc kutlamas\u0131n\u0131n yap\u0131ld\u0131\u011f\u0131 Taksim Meydan\u0131&#8217;na giri\u015f yapt\u0131.<!--more--><\/p>\n<p style=\"text-align: justify;\">\u0130STANBUL &#8211; CHP ve HAS Parti&#8217;nin de aralar\u0131nda bulundu\u011fu siyasi parti ve \u00e7e\u015fitli sivil toplum kurulu\u015flar\u0131 temsilci ve \u00fcyelerinin de yer ald\u0131\u011f\u0131 T\u00dcRK-\u0130\u015e konfederasyonu korteji, G\u00fcm\u00fc\u015fsuyu&#8217;nda olu\u015fturulan polis noktas\u0131nda gerekli aramalardan ge\u00e7irildikten sonra alana girdi.<\/p>\n<p style=\"text-align: justify;\">Bu arada, 1 May\u0131s Emek ve Dayan\u0131\u015fma G\u00fcn\u00fc kutlamalar\u0131 kapsam\u0131nda Taksim Meydan\u0131&#8217;ndaki The Marmara Oteli \u00f6n\u00fcne k\u00fcrs\u00fc haz\u0131rland\u0131. K\u00fcrs\u00fcn\u00fcn \u00fczerine &#8221;Emek, Bar\u0131\u015f, Demokrasi ve \u00d6zg\u00fcrl\u00fck&#8221; ile K\u00fcrt\u00e7e ve T\u00fcrk\u00e7e olarak &#8221;Ya\u015fas\u0131n 1 May\u0131s&#8221; yaz\u0131lar\u0131 bulunan pankartlar as\u0131ld\u0131. Ayr\u0131ca Atat\u00fcrk K\u00fclt\u00fcr Merkezi \u00f6n\u00fcnde vin\u00e7lerden &#8221;T\u00fcm i\u015f\u00e7i ve emek\u00e7ilerin bayram\u0131n\u0131 kutlar\u0131z&#8221;, The Marmara Oteli \u00f6n\u00fcnde de &#8221;1 May\u0131s&#8221; yazan b\u00fcy\u00fck boy pankartlar yer ald\u0131.<\/p>\n<p style=\"text-align: justify;\">Alanda yer alan i\u015f\u00e7ilerin t\u00f6reni rahat izleyebilmeleri ve duyabilmeleri i\u00e7in 2 b\u00fcy\u00fck boy LED ekran\u0131n yan\u0131 s\u0131ra k\u00fcrs\u00fcn\u00fcn konuldu\u011fu g\u00fczergah boyunca vin\u00e7lere ses d\u00fczeni as\u0131ld\u0131\u011f\u0131 g\u00f6r\u00fcld\u00fc.<\/p>\n<p style=\"text-align: justify;\">Meydan\u0131n i\u00e7inde polis g\u00f6rev almazken, meydan\u0131 \u00e7evreleyen t\u00fcm binalar\u0131n \u00e7at\u0131 katlar\u0131nda polis kameras\u0131 ve keskin ni\u015fanc\u0131lar konu\u015fland\u0131r\u0131ld\u0131.<\/p>\n<p style=\"text-align: justify;\">Taksim Meydan\u0131&#8217;nda KESK taraf\u0131ndan \u00fczerinde &#8221;Devrim&#8221; yazan u\u00e7urtma u\u00e7urulurken, t\u00f6ren ba\u015flamadan da k\u00fcrs\u00fcden &#8221;1 May\u0131s Mar\u015f\u0131&#8221; \u00e7al\u0131nd\u0131.<\/p>\n<p style=\"text-align: justify;\">T\u00f6reni izlemek \u00fczere \u00e7ok say\u0131da canl\u0131 yay\u0131n arac\u0131 ve bas\u0131n mensubu da Gezi Park\u0131&#8217;nda yerini ald\u0131. Ayr\u0131ca konfederasyonlar\u0131n y\u00fcr\u00fcyece\u011fi g\u00fczergah ile meydan ve \u00e7evresine de seyyar tuvaletler konuldu.<\/p>\n<p style=\"text-align: justify;\">T\u00f6ren boyunca Timur Sel\u00e7uk&#8217;un &#8221;1 May\u0131s&#8221;, Ruhi Su Dostlar Korosu &#8221;\u0130\u015f\u00e7i Mar\u015f\u0131&#8221;, Mo\u011follar&#8217;\u0131n &#8221;Bir \u015fey yapmal\u0131&#8221;, Ahmet Kaya&#8217;n\u0131n &#8221;Grev&#8221;, Grup Yorum&#8217;un &#8221;Avusturya \u0130\u015f\u00e7i Mar\u015f\u0131&#8221; ile &#8221;H\u00fcrriyet Mar\u015f\u0131&#8221;, Kaz\u0131m Koyuncu&#8217;nun &#8221;Hayde&#8221;, Karde\u015f T\u00fcrk\u00fcler&#8217;in &#8221;Bur\u00e7ak Tarlas\u0131&#8221; t\u00fcrk\u00fc ve mar\u015flar\u0131yla Naz\u0131m Hikmet&#8217;in &#8221;Hava Toprak gibi&#8221; \u015fiiri okundu.<\/p>\n<p style=\"text-align: justify;\">Taksim Meydan\u0131&#8217;nda konfederasyon kortejlerinin yerini almalar\u0131n\u0131n ard\u0131ndan k\u00fcrs\u00fcden 1 May\u0131s&#8217;\u0131n T\u00fcrkiye&#8217;de kutlanmas\u0131n\u0131n yasal s\u00fcreci ve bu s\u00fcre\u00e7 i\u00e7indeki yasaklar ve bunun kald\u0131r\u0131lmas\u0131 i\u00e7in verilen m\u00fccadele anlat\u0131ld\u0131.<\/p>\n<p style=\"text-align: justify;\"><a href=\"http:\/\/www.korhanyilmaz.com\/wp-content\/uploads\/2011\/05\/127.jpg\"  class=\"lightview\"><img loading=\"lazy\" decoding=\"async\" class=\"aligncenter size-full wp-image-31504\" src=\"http:\/\/www.korhanyilmaz.com\/wp-content\/uploads\/2011\/05\/127.jpg\" alt=\"\" width=\"449\" height=\"231\" \/><\/a><\/p>\n<p style=\"text-align: justify;\"><strong>CUMHUR\u0130YET ANITI&#8217;NDAK\u0130 \u00d6NLEMLER<\/strong><\/p>\n<p style=\"text-align: justify;\">\u00d6te yandan, ilgisiz ki\u015filerin giri\u015flerinin engellenmesi amac\u0131yla Cumhuriyet An\u0131t\u0131&#8217;n\u0131n \u00e7evresi g\u00fcvenlik kuvvetlerince 3 s\u0131ra bariyerle \u00e7evrildi. An\u0131t\u0131n alt k\u0131s\u0131mlar\u0131ndaki mermerlere de an\u0131ta \u00e7\u0131k\u0131\u015flar\u0131n engellenmesi amac\u0131yla ya\u011f s\u00fcr\u00fcld\u00fc. Bu \u00f6nlemlere ra\u011fmen baz\u0131 ki\u015filerin ellerindeki d\u00f6viz ve flamalarla an\u0131ta t\u0131rmand\u0131klar\u0131 ve kutlamay\u0131 buradan izledikleri g\u00f6r\u00fcld\u00fc.<\/p>\n<p style=\"text-align: justify;\">Halk\u0131n Kurtulu\u015f Partisi ad\u0131na bir grup gen\u00e7 de an\u0131ta Hikmet K\u0131v\u0131lc\u0131ml\u0131&#8217;n\u0131n posterini asmak istedi. Konfederasyon g\u00f6revlilerinin kortejler alana girmeden pankart asman\u0131n yasak oldu\u011fu yolundaki uyar\u0131lar\u0131 \u00fczerine pankart indirildi. Ancak ayn\u0131 pankart, daha sonra an\u0131ta as\u0131ld\u0131.<\/p>\n<p style=\"text-align: justify;\">Bu arada, Tepeba\u015f\u0131&#8217;nda olu\u015fturulan KESK korteji de Tarlaba\u015f\u0131 Bulvar\u0131 \u00fczerinde Taksim&#8217;e ula\u015fmak \u00fczere y\u00fcr\u00fc\u015f\u00fc\u015fe ge\u00e7ti. Kortejde, BDP \u0130stanbul Milletvekili Sebahat Tuncel ile milletvekili aday\u0131 S\u0131rr\u0131 S\u00fcreyya \u00d6nder de yer ald\u0131.<\/p>\n<p style=\"text-align: justify;\">Bas\u0131n mensuplar\u0131n\u0131n sorular\u0131n\u0131 yan\u0131tlayan Tuncel, &#8221;\u0130\u015f\u00e7i s\u0131n\u0131f\u0131n\u0131n g\u00f6sterdi\u011fi direni\u015f ve m\u00fccadeleyle yasaklanan Taksim&#8217;i ge\u00e7en sene geri ald\u0131k. Ge\u00e7en y\u0131l oldu\u011fu gibi bu sene de 1 May\u0131s&#8217;\u0131 bayram havas\u0131nda kutlayaca\u011f\u0131z&#8221; dedi.<\/p>\n<p style=\"text-align: justify;\">\u00d6nder de &#8221;T\u00fcm i\u015f\u00e7ilerin ve emek\u00e7ilerin bayram\u0131 kutlu olsun. 1 May\u0131s&#8217;\u0131n bizim a\u00e7\u0131m\u0131zdan 2 \u00f6nemi var. Malum 1 May\u0131s i\u015f\u00e7i bayram\u0131, bu u\u011furda verdi\u011fimiz m\u00fccadeleyi kazand\u0131k. Taksim, i\u015f\u00e7ilere kapat\u0131lm\u0131\u015ft\u0131, direne direne geri ald\u0131k. \u0130kinci \u00f6nemi de di\u011fer sivil toplum kurulu\u015flar\u0131yla birlikte bir arada bayram\u0131m\u0131z\u0131 kutluyoruz&#8221; diye konu\u015ftu.<\/p>\n<p style=\"text-align: justify;\">Grup, Beyo\u011flu Polis Merkezi \u00f6n\u00fcnde olu\u015fturulan arama noktas\u0131ndan ge\u00e7erek, Taksim Meydan\u0131&#8217;na ula\u015ft\u0131.<\/p>\n<p style=\"text-align: justify;\">\u00d6te yandan, Taksim Mete Caddesi \u00fczerinde olu\u015fturulan ve y\u00fcr\u00fc\u015fe ge\u00e7en HAK-\u0130\u015e konfederasyonu korteji de Taksim Meydan\u0131&#8217;na girdi. Alana gelen HAK-\u0130\u015e Genel Ba\u015fkan\u0131 Mahmut Arslan, grubu selamlad\u0131.<\/p>\n<p style=\"text-align: justify;\">Yol boyunca &#8221;Ya\u015fas\u0131n 1 May\u0131s&#8221; slogan\u0131 atan ve ellerinde \u00e7e\u015fitli d\u00f6vizler ta\u015f\u0131yan kortejde bulunan Gebze Belediyesi mehteran tak\u0131m\u0131, \u00e7e\u015fitli mehter mar\u015flar\u0131 seslendirdi.<\/p>\n<p style=\"text-align: justify;\">\u015ei\u015fli&#8217;den y\u00fcr\u00fcy\u00fc\u015fe ge\u00e7en ve aralar\u0131nda DSP&#8217;nin de bulundu\u011fu \u00e7e\u015fitli siyasi parti ve sivil toplum \u00f6rg\u00fctleri \u00fcyelerinin de kat\u0131l\u0131m\u0131yla olu\u015fturulan D\u0130SK korteji de sloganlar ve \u015fark\u0131lar e\u015fli\u011finde y\u00fcr\u00fcyerek Harbiye&#8217;ye ula\u015ft\u0131. Burada Askeri M\u00fcze \u00f6n\u00fcnde olu\u015fturulan g\u00fcvenlik noktas\u0131ndan ge\u00e7en kortej, alana giri\u015f yapt\u0131. Kabata\u015f&#8217;tan gelen \u00e7e\u015fitli sendikalara \u00fcye gruplar da G\u00fcm\u00fc\u015fsuyu&#8217;nda olu\u015fturulan arama noktalar\u0131ndan ge\u00e7erek, Taksim Meydan\u0131&#8217;ndaki yerlerini ald\u0131.<\/p>\n<p style=\"text-align: justify;\"><a href=\"http:\/\/www.gazeteport.com.tr\/GUNCEL\/NEWS\/GP_897058\" target=\"_blank\">Kaynak : GAZETEPORT<\/a><\/p>\n","protected":false},"excerpt":{"rendered":"<p style=\"text-align: center;\">\n<p style=\"text-align: justify;\">Dolmabah\u00e7e&#8217;de olu\u015fturulan T\u00dcRK-\u0130\u015e korteji de D\u0130SK, KESK ve HAK-\u0130\u015e konfederasyonlar\u0131n\u0131n ard\u0131ndan 1 May\u0131s Emek ve Dayan\u0131\u015fma G\u00fcn\u00fc kutlamas\u0131n\u0131n yap\u0131ld\u0131\u011f\u0131 Taksim Meydan\u0131&#8217;na giri\u015f yapt\u0131.<\/p>\n","protected":false},"author":1,"featured_media":0,"comment_status":"open","ping_status":"closed","sticky":false,"template":"","format":"standard","meta":{"footnotes":""},"categories":[105],"tags":[],"class_list":["post-31502","post","type-post","status-publish","format-standard","hentry","category-gundem","odd"],"_links":{"self":[{"href":"http:\/\/www.korhanyilmaz.com\/index.php?rest_route=\/wp\/v2\/posts\/31502","targetHints":{"allow":["GET"]}}],"collection":[{"href":"http:\/\/www.korhanyilmaz.com\/index.php?rest_route=\/wp\/v2\/posts"}],"about":[{"href":"http:\/\/www.korhanyilmaz.com\/index.php?rest_route=\/wp\/v2\/types\/post"}],"author":[{"embeddable":true,"href":"http:\/\/www.korhanyilmaz.com\/index.php?rest_route=\/wp\/v2\/users\/1"}],"replies":[{"embeddable":true,"href":"http:\/\/www.korhanyilmaz.com\/index.php?rest_route=%2Fwp%2Fv2%2Fcomments&post=31502"}],"version-history":[{"count":0,"href":"http:\/\/www.korhanyilmaz.com\/index.php?rest_route=\/wp\/v2\/posts\/31502\/revisions"}],"wp:attachment":[{"href":"http:\/\/www.korhanyilmaz.com\/index.php?rest_route=%2Fwp%2Fv2%2Fmedia&parent=31502"}],"wp:term":[{"taxonomy":"category","embeddable":true,"href":"http:\/\/www.korhanyilmaz.com\/index.php?rest_route=%2Fwp%2Fv2%2Fcategories&post=31502"},{"taxonomy":"post_tag","embeddable":true,"href":"http:\/\/www.korhanyilmaz.com\/index.php?rest_route=%2Fwp%2Fv2%2Ftags&post=31502"}],"curies":[{"name":"wp","href":"https:\/\/api.w.org\/{rel}","templated":true}]}}