{"id":31498,"date":"2011-05-01T09:11:46","date_gmt":"2011-05-01T06:11:46","guid":{"rendered":"http:\/\/www.korhanyilmaz.com\/?p=31498"},"modified":"2011-05-01T09:11:46","modified_gmt":"2011-05-01T06:11:46","slug":"yanlis-cok-ali-bey-yok","status":"publish","type":"post","link":"http:\/\/www.korhanyilmaz.com\/?p=31498","title":{"rendered":"Yanl\u0131\u015f \u00e7ok, Ali Bey yok&#8230;"},"content":{"rendered":"<p style=\"text-align: justify;\"><a href=\"http:\/\/www.korhanyilmaz.com\/wp-content\/uploads\/2011\/05\/125.jpg\"  class=\"lightview\"><img loading=\"lazy\" decoding=\"async\" class=\"size-full wp-image-31499 aligncenter\" src=\"http:\/\/www.korhanyilmaz.com\/wp-content\/uploads\/2011\/05\/125.jpg\" alt=\"\" width=\"307\" height=\"236\" \/><\/a><\/p>\n<p style=\"text-align: justify;\">KPSS E\u011fitim Bilimleri S\u0131nav\u0131\u2019nda ortaya \u00e7\u0131kan kopya skandal\u0131n\u0131n ard\u0131ndan d\u00f6nemin \u00d6SYM Ba\u015fkan\u0131 Prof. Dr. \u00dcnal Yar\u0131ma\u011fan\u2019\u0131n istifa etmesi \u00fczerine ge\u00e7ti\u011fimiz eyl\u00fcl ay\u0131nda g\u00f6reve gelen Prof. Dr. Ali Demir\u2019in d\u00f6nemindeki yanl\u0131\u015flar, skandallar zincirine d\u00f6n\u00fc\u015ft\u00fc. <!--more--><\/p>\n<p style=\"text-align: justify;\">Zincirin son halkas\u0131 YGS\u2019de \u00f6z\u00fcrl\u00fcler s\u0131n\u0131f\u0131nda girenlerin puanlar\u0131n\u0131n yanl\u0131\u015f hesaplanmas\u0131nda oldu. Ancak Demir, iddialar kar\u015f\u0131s\u0131nda hi\u00e7 ortaya \u00e7\u0131kmad\u0131, a\u00e7\u0131klama yapmad\u0131. \u0130\u015fte Prof. Demir d\u00f6neminin s\u0131nav hatalar\u0131:<\/p>\n<p style=\"text-align: justify;\"><strong>YGS\u2019de \u015fifreli kitap\u00e7\u0131k<\/strong><\/p>\n<p style=\"text-align: justify;\">Zincirin ilk halkas\u0131, 27 Mart\u2019ta yap\u0131lan yakla\u015f\u0131k 1 milyon 700 bin \u00f6\u011frencinin kat\u0131ld\u0131\u011f\u0131 YGS\u2019de matematik testindeki sorular\u0131n \u015fifreyle \u00e7\u00f6z\u00fcld\u00fc\u011f\u00fc iddias\u0131yd\u0131. Demir, 1 Nisan\u2019da ortaya \u00e7\u0131kan iddialar\u0131 \u00f6nce yalanlad\u0131.<\/p>\n<p style=\"text-align: justify;\">3 Nisan\u2019da ise bas\u0131n toplant\u0131s\u0131 d\u00fczenleyerek, sadece bas\u0131na da\u011f\u0131t\u0131lan kopyalarda sorular\u0131n belli bir algoritma ile \u00e7\u00f6z\u00fclebilece\u011fini belirterek, ger\u00e7ek adaya kitap\u00e7\u0131klar\u0131nda &#8216;\u015fifre&#8217; olmad\u0131\u011f\u0131n\u0131 s\u00f6yledi. 6 Nisan\u2019da bas\u0131n kurulu\u015flar\u0131n\u0131n Ankara Temsilcileri ile bir araya gelen Demir, bu kez &#8220;Bas\u0131na verilen kitap\u00e7\u0131kta ortaya \u00e7\u0131kan \u00e7ak\u0131\u015fma tamamen METEKSAN\u2019da bilgi i\u015flemde \u00e7al\u0131\u015fan arkada\u015f\u0131m\u0131z\u0131n i\u015fg\u00fczarl\u0131\u011f\u0131&#8221; dedi.<\/p>\n<p style=\"text-align: justify;\">Demir, 13 Nisan\u2019da s\u0131nava girenlere g\u00f6nderdi\u011fi mektupta ise \u201c\u015e\u0131klar kitap\u00e7\u0131kta \u2018sehven\u2019 s\u0131ral\u0131 verildi\u201d diye yazd\u0131. 19 Nisan\u2019da ise soru\u015fturmay\u0131 y\u00fcr\u00fcten Ankara Cumhuriyet Ba\u015fsavc\u0131vekili \u015eadan Sak\u0131nan\u2019a s\u0131nav\u0131n iptali konusunda g\u00f6r\u00fc\u015f\u00fcn\u00fc sordu. Yan\u0131t, \u201cBen kar\u0131\u015fmam. Soru\u015fturmam\u0131za bakar\u0131z\u201d oldu.<\/p>\n<p style=\"text-align: justify;\"><strong>Hatal\u0131 test bast\u0131lar<\/strong><\/p>\n<p style=\"text-align: justify;\">Bu arada aralar\u0131nda Mardin E Tipi Kapal\u0131 Cezaevi\u2019nin de bulundu\u011fu 8 cezaevinde YGS\u2019ye kat\u0131lan 150 aday\u0131n kitap\u00e7\u0131\u011f\u0131nda, Fen Bilimleri testinin hatal\u0131 bas\u0131ld\u0131\u011f\u0131 belirlendi. Ma\u011fdur olan 150 ki\u015fi, d\u00fcn yeniden s\u0131nava girdi. Bu karar, \u201cE\u015fitlik ilkesine ayk\u0131r\u0131. S\u0131nav\u0131n tamam\u0131 iptal edilmeli\u201d tepkilerine neden oldu.<\/p>\n<p style=\"text-align: justify;\"><strong>ALES\u2019e giremediler<\/strong><\/p>\n<p style=\"text-align: justify;\">24 Nisan\u2019da yap\u0131lan Akademik Personel ve Lisans\u00fcst\u00fc E\u011fitimi Giri\u015f S\u0131nav\u0131\u2019nda (ALES) da hatal\u0131 soru kitap\u00e7\u0131\u011f\u0131 bas\u0131ld\u0131. Yedek kitap\u00e7\u0131klar yetmedi\u011fi i\u00e7in, \u0130zmir Dokuz Eyl\u00fcl \u00dcniversitesi\u2019nde 278 aday bu y\u00fczden s\u0131nava giremedi. Bu adaylara da 15 May\u0131s\u2019ta s\u0131nav yap\u0131lacak.<\/p>\n<p style=\"text-align: justify;\"><strong>Puanlamada bile hatalar<\/strong><\/p>\n<p style=\"text-align: justify;\">28 Nisan sabah\u0131 Ankara Cumhuriyet Ba\u015fsavc\u0131l\u0131\u011f\u0131, YGS kitap\u00e7\u0131klar\u0131 \u00fczerinde incelemesini tamamlad\u0131\u011f\u0131n\u0131 a\u00e7\u0131klad\u0131. A\u00e7\u0131klamadan 5 saat sonra s\u0131nav sonu\u00e7lar\u0131, \u00d6SYM\u2019nin internet sitesinden yay\u0131nland\u0131. Bu sefer de \u00f6z\u00fcrl\u00fc s\u0131n\u0131f\u0131nda YGS\u2019ye giren adaylar\u0131n puanlar\u0131n\u0131n yanl\u0131\u015f hesapland\u0131\u011f\u0131 ortaya \u00e7\u0131kt\u0131.<\/p>\n<p style=\"text-align: justify;\">\u00a0T\u00fcrkiye\u2019nin d\u00f6rt bir yan\u0131ndan puan\u0131 hatal\u0131 hesaplanan adaylar, \u00d6SYM\u2019ye ak\u0131n etti. Manisa, Bursa, Adana\u2019dan sonra Eski\u015fehir\u2019de de adaylar\u0131n puanlar\u0131n\u0131n yanl\u0131\u015f hesapland\u0131\u011f\u0131 anla\u015f\u0131ld\u0131.<\/p>\n<p style=\"text-align: justify;\"><a href=\"http:\/\/www.cnnturk.com\/2011\/yazarlar\/05\/01\/yanlis.cok.ali.bey.yok\/615073.0\/index.html\" target=\"_blank\">Kaynak : CNN T\u00dcRK<\/a><\/p>\n","protected":false},"excerpt":{"rendered":"<p style=\"text-align: justify;\">\n<p style=\"text-align: justify;\">KPSS E\u011fitim Bilimleri S\u0131nav\u0131\u2019nda ortaya \u00e7\u0131kan kopya skandal\u0131n\u0131n ard\u0131ndan d\u00f6nemin \u00d6SYM Ba\u015fkan\u0131 Prof. Dr. \u00dcnal Yar\u0131ma\u011fan\u2019\u0131n istifa etmesi \u00fczerine ge\u00e7ti\u011fimiz eyl\u00fcl ay\u0131nda g\u00f6reve gelen Prof. Dr. Ali Demir\u2019in d\u00f6nemindeki yanl\u0131\u015flar, skandallar zincirine d\u00f6n\u00fc\u015ft\u00fc. <\/p>\n","protected":false},"author":1,"featured_media":0,"comment_status":"open","ping_status":"closed","sticky":false,"template":"","format":"standard","meta":{"footnotes":""},"categories":[105],"tags":[],"class_list":["post-31498","post","type-post","status-publish","format-standard","hentry","category-gundem","odd"],"_links":{"self":[{"href":"http:\/\/www.korhanyilmaz.com\/index.php?rest_route=\/wp\/v2\/posts\/31498","targetHints":{"allow":["GET"]}}],"collection":[{"href":"http:\/\/www.korhanyilmaz.com\/index.php?rest_route=\/wp\/v2\/posts"}],"about":[{"href":"http:\/\/www.korhanyilmaz.com\/index.php?rest_route=\/wp\/v2\/types\/post"}],"author":[{"embeddable":true,"href":"http:\/\/www.korhanyilmaz.com\/index.php?rest_route=\/wp\/v2\/users\/1"}],"replies":[{"embeddable":true,"href":"http:\/\/www.korhanyilmaz.com\/index.php?rest_route=%2Fwp%2Fv2%2Fcomments&post=31498"}],"version-history":[{"count":0,"href":"http:\/\/www.korhanyilmaz.com\/index.php?rest_route=\/wp\/v2\/posts\/31498\/revisions"}],"wp:attachment":[{"href":"http:\/\/www.korhanyilmaz.com\/index.php?rest_route=%2Fwp%2Fv2%2Fmedia&parent=31498"}],"wp:term":[{"taxonomy":"category","embeddable":true,"href":"http:\/\/www.korhanyilmaz.com\/index.php?rest_route=%2Fwp%2Fv2%2Fcategories&post=31498"},{"taxonomy":"post_tag","embeddable":true,"href":"http:\/\/www.korhanyilmaz.com\/index.php?rest_route=%2Fwp%2Fv2%2Ftags&post=31498"}],"curies":[{"name":"wp","href":"https:\/\/api.w.org\/{rel}","templated":true}]}}