{"id":31458,"date":"2011-04-30T12:55:37","date_gmt":"2011-04-30T09:55:37","guid":{"rendered":"http:\/\/www.korhanyilmaz.com\/?p=31458"},"modified":"2011-04-30T12:55:37","modified_gmt":"2011-04-30T09:55:37","slug":"1-mayis-bu-yil-bayram-gibi-gececek","status":"publish","type":"post","link":"http:\/\/www.korhanyilmaz.com\/?p=31458","title":{"rendered":"1 May\u0131s bu y\u0131l bayram gibi ge\u00e7ecek!"},"content":{"rendered":"<p style=\"text-align: center;\"><a href=\"http:\/\/www.korhanyilmaz.com\/wp-content\/uploads\/2011\/05\/110.jpg\"  class=\"lightview\"><img loading=\"lazy\" decoding=\"async\" class=\"aligncenter size-full wp-image-31459\" src=\"http:\/\/www.korhanyilmaz.com\/wp-content\/uploads\/2011\/05\/110.jpg\" alt=\"\" width=\"448\" height=\"231\" \/><\/a><\/p>\n<p style=\"text-align: justify;\">D\u0130SK, KESK, TMMOB, TTB ve devrimci \u00f6rg\u00fctlerin, sivil toplum kurulu\u015flar\u0131n\u0131n iki y\u0131ll\u0131k m\u00fccadelesinin ard\u0131ndan Taksim&#8217;in kap\u0131lar\u0131 bu y\u0131l i\u015f\u00e7ilere uzun pazarl\u0131klar sonunda olsa da kendili\u011finden a\u00e7\u0131ld\u0131. T\u00fcrkiye kamu-Sen ise Taksim&#8217;deki 1 May\u0131s&#8217; kutlamalar\u0131na kat\u0131lmayaca\u011f\u0131n\u0131 bildirdi. <!--more--><\/p>\n<p style=\"text-align: justify;\">Yar\u0131n, 1 May\u0131s Taksim alan\u0131nda i\u015f\u00e7ileri dayan\u0131\u015fma ile birlikte birbirinden g\u00fczel konserler ve etkinlikler bekliyor. \u0130\u015fte o program ve y\u00fcr\u00fcy\u00fc\u015f\u00fcn t\u00fcm detaylar\u0131&#8230;<\/p>\n<p style=\"text-align: justify;\">\u0130STANBUL- Havan\u0131n 19-25 derece aras\u0131nda olaca\u011f\u0131 ve g\u00fcn boyu g\u00fcne\u015fli bir g\u00fcn ya\u015fanaca\u011f\u0131 belirtilen \u0130stanbul, 1 May\u0131s \u0130\u015f\u00e7i Bayram\u0131&#8217;na haz\u0131rlan\u0131yor. Yolu Taksim&#8217;e d\u00fc\u015fenlerin g\u00f6z\u00fc bir haftad\u0131r \u00e7evik kuvvet ekiplerinin yollara, caddelere, sokaklara y\u0131\u011fd\u0131\u011f\u0131 barikat y\u0131\u011f\u0131nlar\u0131na tak\u0131lsa da, sendikalar yapt\u0131klar\u0131 a\u00e7\u0131klamada bu 1 May\u0131s&#8217;\u0131n bayram gibi ge\u00e7mesinde kararl\u0131 olduklar\u0131n\u0131n alt\u0131n\u0131 \u00e7izdi.<\/p>\n<p style=\"text-align: justify;\">D\u0130SK, KESK, T\u00fcrk-\u0130\u015f, Memur-Sen, Hak-\u0130\u015f, TMMOB, TTB gibi sendika ve meslek odalar\u0131ndan yap\u0131lan ortak a\u00e7\u0131klamada, emek\u00e7ilerin 2 y\u0131ll\u0131k m\u00fccadelesinin sonunda kazan\u0131lan Taksim Meydan\u0131&#8217;n\u0131n bu y\u0131l \u00f6nceki &#8220;1 May\u0131s&#8221; kutlamalar\u0131ndan farkl\u0131 bir kutlamaya ev sahipli\u011fi yapaca\u011f\u0131 belirtildi. Bu y\u0131l ilk defa Taksim&#8217;de 1 May\u0131s&#8217;a \u015fenli\u011fe haz\u0131rlan\u0131r gibi haz\u0131rlan\u0131ld\u0131\u011f\u0131 vurgulanan a\u00e7\u0131klamada, sahnede \u00e7ok say\u0131da sanat\u00e7\u0131 ve grubun olaca\u011f\u0131 ve alan\u0131 dolduracak y\u00fcz binlerce emek\u00e7inin dayan\u0131\u015fma i\u00e7inde bir g\u00fcn ge\u00e7irece\u011fi kaydedildi.<\/p>\n<p style=\"text-align: justify;\"><strong>&#8220;HAYD\u0130, \u00c7OLUK \u00c7OCUK 1 MAYIS&#8217;A&#8221;<\/strong><\/p>\n<p style=\"text-align: justify;\">&#8220;1 May\u0131s, i\u015f\u00e7i s\u0131n\u0131f\u0131n\u0131n birlik\u2013m\u00fccadele\u2013dayan\u0131\u015fma g\u00fcn\u00fc, Taksim\u2019de d\u00fczenlenen bir g\u00f6steriyle kutlanacak. \u0130\u015f\u00e7iler, emek\u00e7iler, gen\u00e7ler, kad\u0131nlar, emekliler, i\u015fsizler y\u00fcz binlerle Taksim\/1 May\u0131s alan\u0131na akacak&#8221; denilen a\u00e7\u0131klamada, emekten, bar\u0131\u015ftan, halklar\u0131n karde\u015fli\u011finden yana olan herkesin 1 May\u0131s alan\u0131na gelmesi \u00e7a\u011fr\u0131s\u0131nda bulunuldu. A\u00e7\u0131klamada, \u015f\u00f6yle denildi:<\/p>\n<p style=\"text-align: justify;\">&#8220;Ellerimizde pankartlar\u0131m\u0131z, sloganlar\u0131m\u0131z, dillerimizde t\u00fcrk\u00fclerimizle alan\u0131 dolduraca\u011f\u0131z. B\u00fct\u00fcn \u0130stanbul\u2019lular\u0131 bu b\u00fcy\u00fck t\u00fcrk\u00fcye \u00e7oluk \u00e7o\u00e7uk kat\u0131lmaya davet ediyoruz. Y\u00fcreklerini y\u00fcreklerimize katmaya davet ediyoruz. Bizler Bar\u0131\u015f i\u00e7in, \u00f6zg\u00fcrl\u00fck i\u00e7in, demokrasi i\u00e7in, i\u015f i\u00e7in, sava\u015fs\u0131z bir d\u00fcnyada s\u00f6m\u00fcr\u00fcs\u00fcz, bask\u0131s\u0131z, insan onuruna yara\u015f\u0131r bir ya\u015fam i\u00e7in birlikteyiz. Biz \u00f6zg\u00fcrl\u00fck\u00e7\u00fc, e\u015fitlik\u00e7i, sivil demokratik bir anayasa ve yasalar i\u00e7in, inan\u00e7 ve d\u00fc\u015f\u00fcnce \u00f6zg\u00fcrl\u00fc\u011f\u00fc i\u00e7in sesimizi y\u00fckseltiyor, \u00d6zg\u00fcrl\u00fckten, demokrasiden, bar\u0131\u015ftan ve sosyal devletten vazge\u00e7meyece\u011fimizi ilan ediyoruz. Bu taleplerimizi hayk\u0131rmak i\u00e7in Taksim Meydan\u0131&#8217;nda olaca\u011f\u0131z.&#8221;<\/p>\n<p style=\"text-align: justify;\"><strong>\u0130\u015eTE 1 MAYIS PROGRAMI VE Y\u00dcR\u00dcY\u00dc\u015e G\u00dcZERGAHI<\/strong><\/p>\n<p style=\"text-align: justify;\">1 May\u0131s Pazar g\u00fcn\u00fc Taksim Alan\u0131&#8217;na d\u00f6rt koldan y\u00fcr\u00fcnecek.<\/p>\n<p style=\"text-align: justify;\">* Dolmabah\u00e7e taraf\u0131nda toplanan T\u00dcRK-\u0130\u015e &#8211; HAK \u0130\u015e ve MEMUR-SEN ve arkalar\u0131nda bulunan Siyasal Parti, Demokratik Kitle \u00d6rg\u00fctleri G\u00fcm\u00fc\u015fsuyu ve Mete Caddelerinden,<\/p>\n<p style=\"text-align: justify;\">* \u015ei\u015fhane- taraf\u0131ndan gelen KESK ve arkas\u0131ndaki kortej Tarlaba\u015f\u0131 Bulvar\u0131ndan,<\/p>\n<p style=\"text-align: justify;\">* \u015ei\u015fli taraf\u0131ndan gelen D\u0130SK, TMMOB, TTB gibi meslek odalar\u0131 ve arkas\u0131ndaki kortej gezi park\u0131 yan\u0131ndan alana girecek.<\/p>\n<p style=\"text-align: justify;\">Saat 11.00\u2019de Kurum Ba\u015fkanlar\u0131 Kazanc\u0131 Yoku\u015fu&#8217;na \u00e7elenk b\u0131rakacak ve alana giri\u015f ba\u015flayacak.<\/p>\n<p style=\"text-align: justify;\"><strong>RUH\u0130 SU DOSTLAR KOROSU, KARDE\u015e T\u00dcRK\u00dcLER VE GRUP YORUM SAHNEDE<\/strong><\/p>\n<p style=\"text-align: justify;\">1 May\u0131s kutlamalar\u0131 sahneden Ruhi Su Dostlar Korosu&#8217;nun 1 May\u0131s Mar\u015f\u0131&#8217;n\u0131n seslendirmesi ile ba\u015flayacak. \u00c7ok say\u0131da tiyatro sanat\u00e7\u0131s\u0131 da sahneden alana \u015fiirler okuyacak.<\/p>\n<p style=\"text-align: justify;\">Grevdeki direni\u015f\u00e7i i\u015f\u00e7ilerin okuyaca\u011f\u0131 ortak metin sonras\u0131 kurum temsilcileri sunu\u015flar\u0131n\u0131 yapacak. Konu\u015fmalar\u0131n tamamlanmas\u0131ndan sonra ise s\u0131ra konserlere gelecek. &#8220;Halklar\u0131n Karde\u015fli\u011fi&#8221; sloganlar\u0131 olan Karde\u015f T\u00fcrk\u00fcler, Grup Yorum ve Agire Jiyan alandaki emek\u00e7ilerle 1 May\u0131s \u0130\u015f\u00e7i Bayram\u0131&#8217;n\u0131n kutlayacak.<\/p>\n<p style=\"text-align: center;\"><a href=\"http:\/\/www.korhanyilmaz.com\/wp-content\/uploads\/2011\/05\/109.jpg\"  class=\"lightview\"><img loading=\"lazy\" decoding=\"async\" class=\"aligncenter size-full wp-image-31460\" src=\"http:\/\/www.korhanyilmaz.com\/wp-content\/uploads\/2011\/05\/109.jpg\" alt=\"\" width=\"490\" height=\"327\" \/><\/a><\/p>\n<p style=\"text-align: justify;\"><strong>HEDEF TAKS\u0130M&#8217;DE 1 M\u0130LYON K\u0130\u015e\u0130!<\/strong><\/p>\n<p style=\"text-align: justify;\">Yakla\u015f\u0131k 1, 5 ayd\u0131r 1 May\u0131s haz\u0131rl\u0131klar\u0131n\u0131n yap\u0131ld\u0131\u011f\u0131 belirtilen a\u00e7\u0131klamada, hedefin Taksim Alan\u0131&#8217;nda 1 milyon ki\u015fiyle 1 May\u0131s kutlamas\u0131 yapmak oldu\u011fu belitildi. Herkesin sahneyi g\u00f6rebilmesi ve etkinliklere kat\u0131l\u0131m\u0131n\u0131n sa\u011flanmas\u0131 i\u00e7in gereken ses ve g\u00f6r\u00fcnt\u00fc sisteminin kurulaca\u011f\u0131 vurgulanan a\u00e7\u0131klamada, &#8220;Taksim meydan\u0131, gezi park\u0131 ve taksime \u00e7\u0131kan b\u00fct\u00fcn yollar\u0131 i\u00e7ine alacak bir yerle\u015fme planlanm\u0131\u015ft\u0131r. Herkesin bulundu\u011fu yerden sahneyi g\u00f6rece\u011fi g\u00f6r\u00fcnt\u00fc ekranlar\u0131 kurulacakt\u0131r. B\u00fct\u00fcn \u0130stanbul halk\u0131n\u0131 eme\u011fin bayram\u0131na, uluslararas\u0131 birlik\u2013m\u00fccadele\u2013dayan\u0131\u015fma g\u00fcn\u00fcnde tek ses ve tek y\u00fcrek olmaya davet ediyoruz&#8221; denildi.<\/p>\n<p style=\"text-align: justify;\"><strong>T\u00dcRK\u0130YE KAMU-SEN TAKS\u0130M&#8217;DE YOK!<\/strong><\/p>\n<p style=\"text-align: justify;\">1 May\u0131s&#8217;\u0131n hemen \u00f6ncesinde, bug\u00fcn bir a\u00e7\u0131klama yapan T\u00fcrkiye Kamu-Sen ise, ortak bildirideki baz\u0131 c\u00fcmlelere kat\u0131lmad\u0131klar\u0131n\u0131, o c\u00fcmleler bildiriden \u00e7\u0131kar\u0131lmad\u0131\u011f\u0131 i\u00e7in de Taksim&#8217;deki 1 May\u0131s kutlamas\u0131na kat\u0131lmayaca\u011f\u0131n\u0131 a\u00e7\u0131klad\u0131. &#8220;B\u00f6l\u00fcc\u00fc&#8221; dedikleri gruplar\u0131n taleplerinin ortak bildiride yer almas\u0131ndan rahats\u0131zl\u0131k duyduklar\u0131n\u0131 belirten Kamu Sen Genel Te\u015fkilat Sekreteri Fahrettin Yoku\u015f, ayn\u0131 zamanda kendilerinin &#8220;i\u015f\u00e7i&#8221; olmad\u0131klar\u0131n\u0131 &#8220;memur&#8221; olduklar\u0131n\u0131 ve &#8220;s\u0131n\u0131f m\u00fccadelesi&#8221;ne inanmad\u0131klar\u0131n\u0131 bildirdi.<\/p>\n<p style=\"text-align: justify;\"><a href=\"http:\/\/www.gazeteport.com.tr\/GUNCEL\/NEWS\/GP_896761\" target=\"_blank\">Kaynak : GAZETEPORT<\/a><\/p>\n","protected":false},"excerpt":{"rendered":"<p style=\"text-align: center;\">\n<p style=\"text-align: justify;\">D\u0130SK, KESK, TMMOB, TTB ve devrimci \u00f6rg\u00fctlerin, sivil toplum kurulu\u015flar\u0131n\u0131n iki y\u0131ll\u0131k m\u00fccadelesinin ard\u0131ndan Taksim&#8217;in kap\u0131lar\u0131 bu y\u0131l i\u015f\u00e7ilere uzun pazarl\u0131klar sonunda olsa da kendili\u011finden a\u00e7\u0131ld\u0131. T\u00fcrkiye kamu-Sen ise Taksim&#8217;deki 1 May\u0131s&#8217; kutlamalar\u0131na kat\u0131lmayaca\u011f\u0131n\u0131 bildirdi. <\/p>\n","protected":false},"author":1,"featured_media":0,"comment_status":"open","ping_status":"closed","sticky":false,"template":"","format":"standard","meta":{"footnotes":""},"categories":[105],"tags":[],"class_list":["post-31458","post","type-post","status-publish","format-standard","hentry","category-gundem","odd"],"_links":{"self":[{"href":"http:\/\/www.korhanyilmaz.com\/index.php?rest_route=\/wp\/v2\/posts\/31458","targetHints":{"allow":["GET"]}}],"collection":[{"href":"http:\/\/www.korhanyilmaz.com\/index.php?rest_route=\/wp\/v2\/posts"}],"about":[{"href":"http:\/\/www.korhanyilmaz.com\/index.php?rest_route=\/wp\/v2\/types\/post"}],"author":[{"embeddable":true,"href":"http:\/\/www.korhanyilmaz.com\/index.php?rest_route=\/wp\/v2\/users\/1"}],"replies":[{"embeddable":true,"href":"http:\/\/www.korhanyilmaz.com\/index.php?rest_route=%2Fwp%2Fv2%2Fcomments&post=31458"}],"version-history":[{"count":0,"href":"http:\/\/www.korhanyilmaz.com\/index.php?rest_route=\/wp\/v2\/posts\/31458\/revisions"}],"wp:attachment":[{"href":"http:\/\/www.korhanyilmaz.com\/index.php?rest_route=%2Fwp%2Fv2%2Fmedia&parent=31458"}],"wp:term":[{"taxonomy":"category","embeddable":true,"href":"http:\/\/www.korhanyilmaz.com\/index.php?rest_route=%2Fwp%2Fv2%2Fcategories&post=31458"},{"taxonomy":"post_tag","embeddable":true,"href":"http:\/\/www.korhanyilmaz.com\/index.php?rest_route=%2Fwp%2Fv2%2Ftags&post=31458"}],"curies":[{"name":"wp","href":"https:\/\/api.w.org\/{rel}","templated":true}]}}