{"id":31444,"date":"2011-05-01T00:02:35","date_gmt":"2011-04-30T21:02:35","guid":{"rendered":"http:\/\/www.korhanyilmaz.com\/?p=31444"},"modified":"2011-05-01T00:02:35","modified_gmt":"2011-04-30T21:02:35","slug":"isciler-1-mayisa-taksim-iscilere-hazir","status":"publish","type":"post","link":"http:\/\/www.korhanyilmaz.com\/?p=31444","title":{"rendered":"\u0130\u015f\u00e7iler 1 May\u0131s&#8217;a, Taksim i\u015f\u00e7ilere haz\u0131r!"},"content":{"rendered":"<p style=\"text-align: center;\"><a href=\"http:\/\/www.korhanyilmaz.com\/wp-content\/uploads\/2011\/05\/107.jpg\"  class=\"lightview\"><img loading=\"lazy\" decoding=\"async\" class=\"size-full wp-image-31445 aligncenter\" src=\"http:\/\/www.korhanyilmaz.com\/wp-content\/uploads\/2011\/05\/107.jpg\" alt=\"\" width=\"321\" height=\"216\" \/><\/a><\/p>\n<p><center><a href=\"http:\/\/www.korhanyilmaz.com\/mp3\/1mayis.mp3\"><\/a><\/center><\/p>\n<p style=\"text-align: justify;\">\u0130\u015f\u00e7iler, memurlar, emekliler, i\u015fsizler, gen\u00e7ler ve kad\u0131nlar, \u00fclke genelindeki t\u00fcm emek\u00e7iler 1 May\u0131s Emek ve Dayan\u0131\u015fma G\u00fcn\u00fc i\u00e7in Taksim Meydan\u0131&#8217;nda bulu\u015fuyor. 2 y\u0131l aradan sonra ilk defa ge\u00e7en y\u0131l i\u015f\u00e7ilere a\u00e7\u0131lan alanda, bu y\u0131lda kutlamalar\u0131n bayram havas\u0131nda ge\u00e7mesi i\u00e7in haz\u0131rl\u0131klar tamamland\u0131. 1 milyona yak\u0131n kat\u0131l\u0131m\u0131n beklendi\u011fi kutlamalarda 39 bine yak\u0131n polis g\u00f6rev yapacak.<!--more--><\/p>\n<p style=\"text-align: justify;\">\u0130\u015f\u00e7i ve memur konfederasyonlar\u0131yla, sivil toplum \u00f6rg\u00fctleri 1 May\u0131s haz\u0131rl\u0131klar\u0131n\u0131 tamamlad\u0131. T\u00fcrk \u0130\u015f, Hak \u0130\u015f, D\u0130SK, Memur Sen, KESK, TMMOB, TTB ve TEB&#8217;in temsil edildi\u011fi 1 May\u0131s Tertip Komitesi bir a\u00e7\u0131klama yaparak, i\u015f\u00e7i bayram\u0131n\u0131n \u0130stanbul Taksim&#8217;deki kutlamalar\u0131 hakk\u0131nda bilgi verdi. T\u00fcrk \u0130\u015f \u0130stanbul 1. B\u00f6lge M\u00fcd\u00fcrl\u00fc\u011f\u00fc&#8217;ndeki toplant\u0131da KESK Genel Sekreteri Kas\u0131m Birtek, 1 May\u0131s meydan\u0131nda polis bulunmayaca\u011f\u0131n\u0131, g\u00fcvenli\u011fi komitenin belirledi\u011fi g\u00f6revlilerin sa\u011flayaca\u011f\u0131n\u0131 s\u00f6yledi. \u00d6te yandan \u0130stanbul Emniyeti, kutlamalar i\u00e7in 38 bin 500 polis g\u00f6revlendirdi. 46 bin metrekarelik Taksim Meydan\u0131&#8217;n\u0131 dolduracak i\u015f\u00e7ilerin g\u00fcvenli\u011fi i\u00e7in \u00e7evre illerden destek kuvvetler gelecek. Ancak polis, kutlama alan\u0131na girmeyecek.<\/p>\n<p style=\"text-align: justify;\"><a href=\"http:\/\/www.korhanyilmaz.com\/wp-content\/uploads\/2011\/05\/108.jpg\"  class=\"lightview\"><img loading=\"lazy\" decoding=\"async\" class=\"size-full wp-image-31446 aligncenter\" src=\"http:\/\/www.korhanyilmaz.com\/wp-content\/uploads\/2011\/05\/108.jpg\" alt=\"\" width=\"368\" height=\"271\" \/><\/a><\/p>\n<p style=\"text-align: justify;\"><span style=\"color: #993300;\"><strong><span style=\"font-size: medium;\">Ortak metin yay\u0131mland\u0131<\/span><\/strong><\/span><\/p>\n<p style=\"text-align: justify;\">Komitenin ald\u0131\u011f\u0131 kararlara g\u00f6re kutlamaya kat\u0131lacak gruplar, d\u00f6rt farkl\u0131 noktadan Taksim Meydan\u0131&#8217;na \u00e7\u0131kacak. T\u00fcrk \u0130\u015f, Hak \u0130\u015f ve Memur Sen&#8217;le CHP, TKP,\u0130\u015f\u00e7i Partisive Halk\u0131n Kurtulu\u015f Partisi gibi gruplar Be\u015fikta\u015f \u0130n\u00f6n\u00fc Stadyumu&#8217;nda toplanacak. Bu gruplar, G\u00fcm\u00fc\u015fsuyu ve Mete caddelerini takip edip Taksim&#8217;e giri\u015f yapacak. \u015ei\u015fhane taraf\u0131ndan gelecek KESK ve arkas\u0131ndaki kortej Tarlaba\u015f\u0131 Bulvar\u0131&#8217;ndan, \u015ei\u015fli taraf\u0131ndan gelen D\u0130SK, meslek odalar\u0131 ve arkas\u0131ndaki kortej Taksim Gezi Park\u0131 yan\u0131ndan alana girecek. SDP, Eme\u011fin Partisi ve BDP Tarlaba\u015f\u0131&#8217;ndan ge\u00e7erek Beyo\u011flu \u0130l\u00e7e Emniyet M\u00fcd\u00fcrl\u00fc\u011f\u00fc&#8217;nde kurulan arama noktas\u0131ndan i\u00e7eri al\u0131nacak. Dergi gruplar\u0131, halk evleri gibi gruplar ise Mecidiyek\u00f6y y\u00f6n\u00fcnden alana girecek. T\u00f6ren, tertip komitesinin 11.00&#8217;de Kazanc\u0131 Yoku\u015fu ve Taksim An\u0131t\u0131&#8217;na \u00e7elenk b\u0131rakmas\u0131 ve sayg\u0131 duru\u015fuyla ba\u015flayacak. Ruhi Su Dostlar Korosu ve sanat\u00e7\u0131lar 1 May\u0131s Mar\u015f\u0131&#8217;n\u0131 seslendirecek. Karde\u015f T\u00fcrk\u00fcler, Grup Yorum ve Agire Jiyan m\u00fczik dinletisi sunacak.<\/p>\n<p style=\"text-align: justify;\"><strong><span style=\"font-size: medium; color: #993300;\">Yola \u00e7\u0131kacaklar dikkat!<\/span><\/strong><\/p>\n<p style=\"text-align: justify;\">\u0130stanbul Emniyet M\u00fcd\u00fcrl\u00fc\u011f\u00fc, 1 May\u0131s etkinliklerinde kapal\u0131 olacak g\u00fczerg\u00e2hlar\u0131 a\u00e7\u0131klad\u0131.<\/p>\n<p style=\"text-align: justify;\">Taksim Meydan\u0131&#8217;nda 1 May\u0131s&#8217;ta d\u00fczenlenecek etkinlikler s\u00fcresince baz\u0131 cadde ve g\u00fczerg\u00e2hlar kontroll\u00fc olarak trafi\u011fe kapat\u0131lacak.<\/p>\n<p style=\"text-align: justify;\">\u0130stanbul Emniyet M\u00fcd\u00fcrl\u00fc\u011f\u00fc&#8217;nden yap\u0131lan yaz\u0131l\u0131 a\u00e7\u0131klamaya g\u00f6re, 1 May\u0131s Pazar g\u00fcn\u00fc etkinlik bitimine kadar Yolcuzade \u0130skender Caddesi&#8217;nden gelen ak\u0131m, \u015ei\u015fhane Meydan\u0131&#8217;ndan Ok\u00e7u Musa Caddesi ve Bankalar Caddesi istikametine y\u00f6nlendirilecek. Abide-i H\u00fcrriyet Caddesi&#8217;ne ak\u0131m verilmeyecek, ak\u0131m H\u00fcrriyettepe I\u015f\u0131klar&#8217;dan Cevahir Otel istikametine aktar\u0131lacak.<\/p>\n<p style=\"text-align: justify;\">Dar\u00fclaceze&#8217;den H\u00fcrriyettepe I\u015f\u0131klar y\u00f6n\u00fcne gelen ak\u0131mla Bomonti Dere&#8217;den gelen ak\u0131m Cevahir Oteli \u00f6n\u00fcnden tekrar Dar\u00fclaceze Caddesi&#8217;ne ya da Bomonti y\u00f6n\u00fcne verilecek.<\/p>\n<p style=\"text-align: justify;\">Mecidiyek\u00f6y&#8217;den Halaskargazi Caddesi&#8217;ne ak\u0131m verilmeyecek, ak\u0131m Esentepe istikametine g\u00f6nderilecek. \u015ei\u015fli y\u00f6n\u00fcne gitmek isteyen s\u00fcr\u00fcc\u00fcler, Ergenekon ve Kurtulu\u015f caddeleriyle Dolapdere&#8217;ye y\u00f6nlendirilecek. Dolmabah\u00e7e&#8217;den G\u00fcm\u00fc\u015fsuyu&#8217;na ve K\u00fc\u00e7\u00fck\u00e7iftlik&#8217;e ak\u0131m verilmeyecek ve gelen ak\u0131m sahil y\u00f6n\u00fcnden Karak\u00f6y&#8217;e verilecek.<\/p>\n<p style=\"text-align: justify;\">Adilbaba (Ma\u00e7ka Taksi) y\u00f6n\u00fcnden gelen ak\u0131m Te\u015fvikiye Caddesi&#8217;ne y\u00f6nlendirilecek, Te\u015fvikiye Caddesi&#8217;nden Mete Caddesi&#8217;ne \u00e7\u0131kan t\u00fcnel kapal\u0131 tutulacak. Per\u015fembe Pazar\u0131 ve Unkapan\u0131&#8217;ndan gelen ak\u0131m \u015ei\u015fhane&#8217;den kesilip Kas\u0131mpa\u015fa y\u00f6n\u00fcne y\u00f6nlendirilecek, Tarlaba\u015f\u0131 Bulvar\u0131na ak\u0131m verilmeyecek. Kas\u0131mpa\u015fa&#8217;dan gelen ak\u0131m Unkapan\u0131 ve Per\u015fembe Pazar\u0131&#8217;na mecburi olarak y\u00f6nlendirilecek.<\/p>\n<p style=\"text-align: justify;\">Dolapdere&#8217;den Yedikuyular-Divan istikametine ak\u0131m verilmeyecek, Dolapdere Kav\u015fa\u011f\u0131ndan (U) d\u00f6n\u00fc\u015f\u00fc yapt\u0131r\u0131lacak. Dolapdere Caddesi&#8217;nden \u00d6mer Hayyam Caddesi&#8217;ne ak\u0131m verilmeyecek.<\/p>\n<p style=\"text-align: justify;\">Te\u015fvikiye Caddesi&#8217;nden gelen ak\u0131m Ni\u015fanta\u015f\u0131 Kav\u015fa\u011f\u0131&#8217;ndan Rumeli Caddesine verilmeyip, Vali Kona\u011f\u0131 alt ba\u015fa y\u00f6nlendirilecek. S\u00fcleyman Seba Caddesi&#8217;nden gelen ak\u0131m Bay\u0131ld\u0131m Caddesi&#8217;ne verilmeyip, Te\u015fvikiye Caddesi&#8217;ne aktar\u0131lacak.<\/p>\n<p style=\"text-align: justify;\">Bo\u011fazkesen Caddesi trafi\u011fe kapat\u0131lacak, gelen ak\u0131m Karak\u00f6y istikametine mecburi y\u00f6n yap\u0131lacak. Mebusan Yoku\u015fu trafi\u011fe kapat\u0131lacak, Karak\u00f6y istikametine do\u011fru mecburi y\u00f6n olacak.<\/p>\n<p style=\"text-align: justify;\">S\u0131raselviler Caddesi&#8217;nden gelen ak\u0131m Cihangir Firuza\u011fa Meydan\u0131&#8217;ndan kesilerek, Bo\u011fazkesen istikametine y\u00f6nlendirilecek. Ayr\u0131ca, Atat\u00fcrk Bulvar\u0131 Rag\u0131p G\u00fcm\u00fc\u015fpala ayr\u0131m\u0131-Rag\u0131p G\u00fcm\u00fc\u015fpala Caddesi Unkapan\u0131 ayr\u0131m\u0131-Kad\u0131k\u00f6y \u0130skelesi \u00f6n\u00fc Galata ayr\u0131m\u0131-Rag\u0131p G\u00fcm\u00fc\u015fpala Caddesi Galata K\u00f6pr\u00fcs\u00fc ayr\u0131m\u0131 ihtiya\u00e7 halinde kapat\u0131lacak. E-5 Kuzey ve G\u00fcneyden Mecidiyek\u00f6y Giri\u015f kat\u0131l\u0131mlar\u0131 ihtiya\u00e7 halinde kapat\u0131lacak.<\/p>\n<p style=\"text-align: justify;\"><span style=\"text-decoration: underline;\">Trafi\u011fe kapal\u0131 olan caddeler ise \u015f\u00f6yle:<\/span><\/p>\n<p style=\"text-align: justify;\">&#8221;Mecidiyek\u00f6y Ortaklar&#8217;dan itibaren Halaskargazi Caddesi, Cumhuriyet Caddesi, Yedikuyular Caddesi, Tarlaba\u015f\u0131 Bulvar\u0131, S\u0131raselviler Caddesi, G\u00fcm\u00fc\u015fsuyu Caddesi, Ta\u015fk\u0131\u015fla Caddesi, Ta\u015fk\u0131\u015fla T\u00fcnel, Rumeli Caddesi ve Abd\u00fclhak Hamit Caddesi.&#8221;<\/p>\n<p style=\"text-align: justify;\">Bu arada, miting alan\u0131 yak\u0131n\u0131ndaki Taksim \u0130lkyard\u0131m ve Alman hastanelerine gelen ambulans ve hastalar Karak\u00f6y Firuza\u011fa y\u00f6n\u00fcn\u00fc kullanacak.<\/p>\n<p style=\"text-align: justify;\"><a href=\"http:\/\/www.t24.com.tr\/isciler-1-mayissharp039a-taksim-iscilere-hazir\/haber\/142311.aspx\" target=\"_blank\">Kaynak : T24<\/a><\/p>\n","protected":false},"excerpt":{"rendered":"<p style=\"text-align: center;\">\n<\/p>\n<p style=\"text-align: justify;\">\u0130\u015f\u00e7iler, memurlar, emekliler, i\u015fsizler, gen\u00e7ler ve kad\u0131nlar, \u00fclke genelindeki t\u00fcm emek\u00e7iler 1 May\u0131s Emek ve Dayan\u0131\u015fma G\u00fcn\u00fc i\u00e7in Taksim Meydan\u0131&#8217;nda bulu\u015fuyor. 2 y\u0131l aradan sonra ilk defa ge\u00e7en y\u0131l i\u015f\u00e7ilere a\u00e7\u0131lan alanda, bu y\u0131lda kutlamalar\u0131n bayram havas\u0131nda ge\u00e7mesi i\u00e7in haz\u0131rl\u0131klar tamamland\u0131. 1 milyona yak\u0131n kat\u0131l\u0131m\u0131n beklendi\u011fi kutlamalarda 39 bine <\/p>\n","protected":false},"author":1,"featured_media":0,"comment_status":"open","ping_status":"closed","sticky":false,"template":"","format":"standard","meta":{"footnotes":""},"categories":[105],"tags":[],"class_list":["post-31444","post","type-post","status-publish","format-standard","hentry","category-gundem","odd"],"_links":{"self":[{"href":"http:\/\/www.korhanyilmaz.com\/index.php?rest_route=\/wp\/v2\/posts\/31444","targetHints":{"allow":["GET"]}}],"collection":[{"href":"http:\/\/www.korhanyilmaz.com\/index.php?rest_route=\/wp\/v2\/posts"}],"about":[{"href":"http:\/\/www.korhanyilmaz.com\/index.php?rest_route=\/wp\/v2\/types\/post"}],"author":[{"embeddable":true,"href":"http:\/\/www.korhanyilmaz.com\/index.php?rest_route=\/wp\/v2\/users\/1"}],"replies":[{"embeddable":true,"href":"http:\/\/www.korhanyilmaz.com\/index.php?rest_route=%2Fwp%2Fv2%2Fcomments&post=31444"}],"version-history":[{"count":0,"href":"http:\/\/www.korhanyilmaz.com\/index.php?rest_route=\/wp\/v2\/posts\/31444\/revisions"}],"wp:attachment":[{"href":"http:\/\/www.korhanyilmaz.com\/index.php?rest_route=%2Fwp%2Fv2%2Fmedia&parent=31444"}],"wp:term":[{"taxonomy":"category","embeddable":true,"href":"http:\/\/www.korhanyilmaz.com\/index.php?rest_route=%2Fwp%2Fv2%2Fcategories&post=31444"},{"taxonomy":"post_tag","embeddable":true,"href":"http:\/\/www.korhanyilmaz.com\/index.php?rest_route=%2Fwp%2Fv2%2Ftags&post=31444"}],"curies":[{"name":"wp","href":"https:\/\/api.w.org\/{rel}","templated":true}]}}