{"id":31418,"date":"2011-04-30T09:40:51","date_gmt":"2011-04-30T06:40:51","guid":{"rendered":"http:\/\/www.korhanyilmaz.com\/?p=31418"},"modified":"2011-04-30T09:40:51","modified_gmt":"2011-04-30T06:40:51","slug":"zanzibarla-fotograf-dansi","status":"publish","type":"post","link":"http:\/\/www.korhanyilmaz.com\/?p=31418","title":{"rendered":"Zanzibar&#8217;la foto\u011fraf dans\u0131"},"content":{"rendered":"<p style=\"text-align: justify;\"><a href=\"http:\/\/www.korhanyilmaz.com\/wp-content\/uploads\/2011\/04\/1052.jpg\"  class=\"lightview\"><img loading=\"lazy\" decoding=\"async\" class=\"aligncenter size-full wp-image-31419\" src=\"http:\/\/www.korhanyilmaz.com\/wp-content\/uploads\/2011\/04\/1052.jpg\" alt=\"\" width=\"398\" height=\"236\" \/><\/a><\/p>\n<p style=\"text-align: justify;\">Cumhurba\u015fkan\u0131 Abdullah G\u00fcl, d\u00fcn resmi ziyaret kapsam\u0131nda T\u00fcrkiye&#8217;de bulunan Zanzibar Cumhurba\u015fkan\u0131 Ali Muhammed \u015eeyn&#8217;i \u00c7ankaya K\u00f6\u015fk\u00fc&#8217;nde kabul etti.<\/p>\n<p style=\"text-align: justify;\">Cumhurba\u015fkan\u0131 Abdullah G\u00fcl, Zanzibar Cumhurba\u015fkan\u0131 Ali Muhammed \u015eeyn&#8217;i \u00c7ankaya K\u00f6\u015fk\u00fc&#8217;nde kabul etti. Gazetecilere poz verilirken renkli kareler de ortaya \u00e7\u0131kt\u0131.<!--more--><\/p>\n<p style=\"text-align: justify;\"><a href=\"http:\/\/www.korhanyilmaz.com\/wp-content\/uploads\/2011\/04\/1062.jpg\"  class=\"lightview\"><img loading=\"lazy\" decoding=\"async\" class=\"aligncenter size-full wp-image-31420\" title=\"\" src=\"http:\/\/www.korhanyilmaz.com\/wp-content\/uploads\/2011\/04\/1062.jpg\" alt=\"\" width=\"420\" height=\"280\" \/><\/a><\/p>\n<p style=\"text-align: justify;\">G\u00fcl ve \u015eeyn, B\u00fcy\u00fck \u015eeref Kap\u0131s\u0131 \u00f6n\u00fcnde gazetecilere poz verdi. Cumhurba\u015fkan\u0131 konu\u011funa foto\u011fraflar \u00e7ekilirken yard\u0131mc\u0131 oldu, ortaya renkli kareler \u00e7\u0131kt\u0131. G\u00fcl ve \u015eeyn daha sonra heyetleraras\u0131 g\u00f6r\u00fc\u015fmeye ge\u00e7ti. K\u00f6\u015fk&#8217;\u00fcn d\u00fcnk\u00fc bir di\u011fer konu\u011fu da Dan\u0131\u015ftay Ba\u015fkan\u0131 Mustafa Birden oldu. \u00c7ankaya K\u00f6\u015fk\u00fc&#8217;nde bas\u0131na kapal\u0131 yap\u0131lan kabul, yakla\u015f\u0131k 30 dakika s\u00fcrd\u00fc.<\/p>\n<p style=\"text-align: justify;\">\u015eeyn ise G\u00fcl&#8217;\u00fcn ard\u0131ndan Meclis Ba\u015fkan\u0131 Mehmet Ali \u015eahin ile g\u00f6r\u00fc\u015ft\u00fc.<\/p>\n<p style=\"text-align: justify;\"><a href=\"http:\/\/www.milliyet.com.tr\/zanzibar-la-fotograf-dansi\/siyaset\/sondakika\/30.04.2011\/1384372\/default.htm\" target=\"_blank\">Kaynak : Milliyet<\/a><\/p>\n","protected":false},"excerpt":{"rendered":"<p style=\"text-align: justify;\">\n<p style=\"text-align: justify;\">Cumhurba\u015fkan\u0131 Abdullah G\u00fcl, d\u00fcn resmi ziyaret kapsam\u0131nda T\u00fcrkiye&#8217;de bulunan Zanzibar Cumhurba\u015fkan\u0131 Ali Muhammed \u015eeyn&#8217;i \u00c7ankaya K\u00f6\u015fk\u00fc&#8217;nde kabul etti.<\/p>\n<p style=\"text-align: justify;\">Cumhurba\u015fkan\u0131 Abdullah G\u00fcl, Zanzibar Cumhurba\u015fkan\u0131 Ali Muhammed \u015eeyn&#8217;i \u00c7ankaya K\u00f6\u015fk\u00fc&#8217;nde kabul etti. Gazetecilere poz verilirken renkli kareler de ortaya \u00e7\u0131kt\u0131.<\/p>\n","protected":false},"author":1,"featured_media":0,"comment_status":"open","ping_status":"closed","sticky":false,"template":"","format":"standard","meta":{"footnotes":""},"categories":[105],"tags":[],"class_list":["post-31418","post","type-post","status-publish","format-standard","hentry","category-gundem","odd"],"_links":{"self":[{"href":"http:\/\/www.korhanyilmaz.com\/index.php?rest_route=\/wp\/v2\/posts\/31418","targetHints":{"allow":["GET"]}}],"collection":[{"href":"http:\/\/www.korhanyilmaz.com\/index.php?rest_route=\/wp\/v2\/posts"}],"about":[{"href":"http:\/\/www.korhanyilmaz.com\/index.php?rest_route=\/wp\/v2\/types\/post"}],"author":[{"embeddable":true,"href":"http:\/\/www.korhanyilmaz.com\/index.php?rest_route=\/wp\/v2\/users\/1"}],"replies":[{"embeddable":true,"href":"http:\/\/www.korhanyilmaz.com\/index.php?rest_route=%2Fwp%2Fv2%2Fcomments&post=31418"}],"version-history":[{"count":0,"href":"http:\/\/www.korhanyilmaz.com\/index.php?rest_route=\/wp\/v2\/posts\/31418\/revisions"}],"wp:attachment":[{"href":"http:\/\/www.korhanyilmaz.com\/index.php?rest_route=%2Fwp%2Fv2%2Fmedia&parent=31418"}],"wp:term":[{"taxonomy":"category","embeddable":true,"href":"http:\/\/www.korhanyilmaz.com\/index.php?rest_route=%2Fwp%2Fv2%2Fcategories&post=31418"},{"taxonomy":"post_tag","embeddable":true,"href":"http:\/\/www.korhanyilmaz.com\/index.php?rest_route=%2Fwp%2Fv2%2Ftags&post=31418"}],"curies":[{"name":"wp","href":"https:\/\/api.w.org\/{rel}","templated":true}]}}