{"id":31414,"date":"2011-04-30T19:32:39","date_gmt":"2011-04-30T16:32:39","guid":{"rendered":"http:\/\/www.korhanyilmaz.com\/?p=31414"},"modified":"2011-04-30T19:32:39","modified_gmt":"2011-04-30T16:32:39","slug":"tarafin-balyoz-iddiasina-gonulden-yanit","status":"publish","type":"post","link":"http:\/\/www.korhanyilmaz.com\/?p=31414","title":{"rendered":"Taraf&#8217;\u0131n &#8220;Balyoz&#8221; iddias\u0131na G\u00f6n\u00fcl&#8217;den yan\u0131t"},"content":{"rendered":"<div style=\"width: 273px\" class=\"wp-caption aligncenter\"><a href=\"http:\/\/www.korhanyilmaz.com\/wp-content\/uploads\/2011\/04\/1042.jpg\"  class=\"lightview\"><img loading=\"lazy\" decoding=\"async\" src=\"http:\/\/www.korhanyilmaz.com\/wp-content\/uploads\/2011\/04\/1042.jpg\" alt=\"\" width=\"263\" height=\"250\" \/><\/a><p class=\"wp-caption-text\">Milli Savunma Bakan\u0131 Vecdi G\u00f6n\u00fcl<\/p><\/div>\n<p style=\"text-align: justify;\">Milli Savunma Bakan\u0131 Vecdi G\u00f6n\u00fcl, Taraf gazetesinde yer alan Balyoz davas\u0131 san\u0131klar\u0131yla ilgili kanun maddesinde de\u011fi\u015fiklik yap\u0131ld\u0131\u011f\u0131 iddias\u0131yla ilgili, &#8220;Balyoz&#8217;a hizmet edildi\u011fi iddias\u0131 var. Bu de\u011fi\u015fiklik yap\u0131ld\u0131\u011f\u0131nda askerlerin tamam\u0131 askeri mahkemelerde muhakeme ediliyordu. Olmayan davaya hizmet olmaz&#8221; dedi. <!--more--><\/p>\n<p style=\"text-align: justify;\">Bakan G\u00f6n\u00fcl, Antalya&#8217;daki se\u00e7im \u00e7al\u0131\u015fmalar\u0131 kapsam\u0131nda partisinin Manavgat il\u00e7e te\u015fkilat\u0131n\u0131 ziyaret ederek, partililerle bir araya geldi.<\/p>\n<p style=\"text-align: justify;\">Burada gazetecilere a\u00e7\u0131klama yapan Milli Savunma Bakan\u0131 Vecdi G\u00f6n\u00fcl, bug\u00fcn bir gazetede, &#8220;Balyoz davas\u0131 san\u0131klar\u0131 lehine kanun maddesinde de\u011fi\u015fiklik yap\u0131ld\u0131\u011f\u0131na&#8221; y\u00f6nelik haber bulundu\u011funu belirterek, \u015funlar\u0131 s\u00f6yledi:<\/p>\n<p style=\"text-align: justify;\">&#8220;Bir gazetede 65. maddedeki de\u011fi\u015fiklik ile Balyoz&#8217;a hizmet edildi\u011fi iddias\u0131 var. Bu de\u011fi\u015fiklik yap\u0131ld\u0131\u011f\u0131nda askerlerin tamam\u0131 askeri mahkemelerde muhakeme ediliyordu. Olmayan davaya hizmet olmaz. Bakanl\u0131\u011f\u0131m\u0131zca bas\u0131n a\u00e7\u0131klamas\u0131 olarak bunu duyuruyoruz ama ilk a\u00e7\u0131klamay\u0131 bizzat buradan yap\u0131yorum. Kanun maddesi b\u00fct\u00fcn bakanl\u0131klar\u0131n g\u00f6r\u00fc\u015fleri al\u0131narak haz\u0131rlanm\u0131\u015f. Askerler aras\u0131nda adaleti sa\u011flamaktan, askerler i\u00e7in avantaj haline gelen bir maddeyi d\u00fczeltmekten ba\u015fka amac\u0131 yoktur.&#8221;<\/p>\n<p style=\"text-align: justify;\">Gazetecilerin bu konudaki sorular\u0131 \u00fczerine de G\u00f6n\u00fcl, a\u00e7\u0131klamas\u0131n\u0131 \u015f\u00f6yle s\u00fcrd\u00fcrd\u00fc: &#8220;De\u011fi\u015fikli\u011fin &#8216;Balyoz san\u0131klar\u0131n\u0131 kurtarmak i\u00e7in yap\u0131ld\u0131\u011f\u0131&#8217; iddia ediliyor. O zaman Balyoz davas\u0131 diye kendisini adland\u0131rd\u0131\u011f\u0131 dava yoktu. Kald\u0131 ki o tarihte askerlerin tamam\u0131 askeri mahkemelerde muhakeme edilirdi. Sivil mahkemeye gidi\u015f ondan 1,5 sene \u00f6nceki kanun de\u011fi\u015fikli\u011fiyle yap\u0131ld\u0131.<\/p>\n<p style=\"text-align: justify;\">Olmayan bir davan\u0131n san\u0131klar\u0131n\u0131 nas\u0131l kurtaraca\u011f\u0131z? Bu kanunu haz\u0131rlayanlar veya tasla\u011f\u0131n\u0131 haz\u0131rlayanlar, &#8216;ileride askerler sivil mahkemelerde muhakeme edilirler&#8217; diye keramet sahibi miydiler? Elbette de\u011fil. O zaman ki hukuk d\u00fczenine g\u00f6re haz\u0131rland\u0131. A\u00e7\u0131lan davan\u0131n b\u00f6yle bir kanun de\u011fi\u015fikli\u011fiyle hi\u00e7bir alakas\u0131 olmaz. Dava a\u00e7\u0131ld\u0131ktan sonra kanunu de\u011fi\u015ftirseydik hakl\u0131yd\u0131lar.<\/p>\n<p style=\"text-align: justify;\">Tekrar s\u00f6yl\u00fcyorum, dava a\u00e7\u0131ld\u0131ktan sonra kanunu de\u011fi\u015ftirseydik ama esastan gene hakl\u0131 de\u011filler ama &#8216;b\u00f6yle bir de\u011fi\u015fiklik yap\u0131ld\u0131&#8217; diye hakl\u0131 olabilirler. Ama ortada olmayan bir davaya ve o davaya kar\u015f\u0131 tertip iddias\u0131 var. Tamamen dayanaktan yoksun, tamamen hayal mahsul\u00fc. Bakanl\u0131k daha teferruatl\u0131 a\u00e7\u0131klama yapacak.&#8221;<\/p>\n<p style=\"text-align: justify;\"><a href=\"http:\/\/www.cnnturk.com\/2011\/turkiye\/04\/30\/tarafin.balyoz.iddiasina.gonulden.yanit\/615061.0\/index.html\" target=\"_blank\">Kaynak : CNN T\u00dcRK<\/a><\/p>\n","protected":false},"excerpt":{"rendered":"<p class=\"wp-caption-text\">Milli Savunma Bakan\u0131 Vecdi G\u00f6n\u00fcl<\/p>\n<p style=\"text-align: justify;\">Milli Savunma Bakan\u0131 Vecdi G\u00f6n\u00fcl, Taraf gazetesinde yer alan Balyoz davas\u0131 san\u0131klar\u0131yla ilgili kanun maddesinde de\u011fi\u015fiklik yap\u0131ld\u0131\u011f\u0131 iddias\u0131yla ilgili, &#8220;Balyoz&#8217;a hizmet edildi\u011fi iddias\u0131 var. Bu de\u011fi\u015fiklik yap\u0131ld\u0131\u011f\u0131nda askerlerin tamam\u0131 askeri mahkemelerde muhakeme ediliyordu. Olmayan davaya hizmet olmaz&#8221; dedi. <\/p>\n","protected":false},"author":1,"featured_media":0,"comment_status":"open","ping_status":"closed","sticky":false,"template":"","format":"standard","meta":{"footnotes":""},"categories":[105],"tags":[],"class_list":["post-31414","post","type-post","status-publish","format-standard","hentry","category-gundem","odd"],"_links":{"self":[{"href":"http:\/\/www.korhanyilmaz.com\/index.php?rest_route=\/wp\/v2\/posts\/31414","targetHints":{"allow":["GET"]}}],"collection":[{"href":"http:\/\/www.korhanyilmaz.com\/index.php?rest_route=\/wp\/v2\/posts"}],"about":[{"href":"http:\/\/www.korhanyilmaz.com\/index.php?rest_route=\/wp\/v2\/types\/post"}],"author":[{"embeddable":true,"href":"http:\/\/www.korhanyilmaz.com\/index.php?rest_route=\/wp\/v2\/users\/1"}],"replies":[{"embeddable":true,"href":"http:\/\/www.korhanyilmaz.com\/index.php?rest_route=%2Fwp%2Fv2%2Fcomments&post=31414"}],"version-history":[{"count":0,"href":"http:\/\/www.korhanyilmaz.com\/index.php?rest_route=\/wp\/v2\/posts\/31414\/revisions"}],"wp:attachment":[{"href":"http:\/\/www.korhanyilmaz.com\/index.php?rest_route=%2Fwp%2Fv2%2Fmedia&parent=31414"}],"wp:term":[{"taxonomy":"category","embeddable":true,"href":"http:\/\/www.korhanyilmaz.com\/index.php?rest_route=%2Fwp%2Fv2%2Fcategories&post=31414"},{"taxonomy":"post_tag","embeddable":true,"href":"http:\/\/www.korhanyilmaz.com\/index.php?rest_route=%2Fwp%2Fv2%2Ftags&post=31414"}],"curies":[{"name":"wp","href":"https:\/\/api.w.org\/{rel}","templated":true}]}}