{"id":31409,"date":"2011-04-30T15:48:24","date_gmt":"2011-04-30T12:48:24","guid":{"rendered":"http:\/\/www.korhanyilmaz.com\/?p=31409"},"modified":"2011-04-30T15:48:24","modified_gmt":"2011-04-30T12:48:24","slug":"apo%e2%80%99yu-peygamber-ilan-edenlerle-isimiz-olmaz","status":"publish","type":"post","link":"http:\/\/www.korhanyilmaz.com\/?p=31409","title":{"rendered":"&#8216;Apo\u2019yu peygamber ilan edenlerle i\u015fimiz olmaz!&#8217;"},"content":{"rendered":"<p style=\"text-align: justify;\"><a href=\"http:\/\/www.korhanyilmaz.com\/wp-content\/uploads\/2011\/04\/1032.jpg\"  class=\"lightview\"><img loading=\"lazy\" decoding=\"async\" class=\"aligncenter size-full wp-image-31410\" src=\"http:\/\/www.korhanyilmaz.com\/wp-content\/uploads\/2011\/04\/1032.jpg\" alt=\"\" width=\"420\" height=\"210\" \/><\/a><\/p>\n<p style=\"text-align: justify;\">AK Parti Genel Ba\u015fkan\u0131 ve Ba\u015fbakan Recep Tayyip Erdo\u011fan, &#8220;A\u00e7\u0131k konu\u015fuyorum bak\u0131n. Apo\u2019yu peygamber ilan edenlerle bizim i\u015fimiz olamaz&#8221; dedi.<\/p>\n<p style=\"text-align: justify;\">Erdo\u011fan, Mu\u015f Belediye Meydan\u0131\u2019nda vatanda\u015flara hitap etti. <!--more--><\/p>\n<p style=\"text-align: justify;\">Kendisinin bu \u00fclkede 74 milyon vatanda\u015f\u0131n hepsini ayn\u0131 \u015fekilde sevdi\u011fini ve sevmeye devam edece\u011fini vurgulayan Erdo\u011fan, &#8220;Benim i\u00e7in art\u0131k bu \u00fclkede K\u00fcrt sorunu bitmi\u015ftir. Art\u0131k bu \u00fclkede benim K\u00fcrt karde\u015flerimin sorunu vard\u0131r ama K\u00fcrt sorunu yoktur&#8221; diye konu\u015ftu.<\/p>\n<p style=\"text-align: justify;\">K\u00fcrt vatanda\u015flar\u0131n sorunlar\u0131 neyse bu \u00e7\u00f6zmek i\u00e7in hizmetkar olduklar\u0131n\u0131 belirten Ba\u015fbakan Erdo\u011fan, Mu\u015f\u2019a yap\u0131lan hizmetlere de\u011findi.<\/p>\n<p style=\"text-align: justify;\">Mu\u015f havaalan\u0131n\u0131n yap\u0131ld\u0131\u011f\u0131n\u0131, Mu\u015f\u2019u di\u011fer \u015fehirlere ba\u011flayan karayollar\u0131n\u0131n hizmete a\u00e7\u0131ld\u0131\u011f\u0131n\u0131 kaydeden Erdo\u011fan, &#8220;Bu yollarla nas\u0131l \u015fehirleri birbirine ba\u011fl\u0131yorsak, 74 milyon vatan evlad\u0131n\u0131n g\u00f6n\u00fcllerini de b\u00f6yle birbirine ba\u011fl\u0131yoruz. Bizim derdimiz budur&#8221; dedi.<\/p>\n<p style=\"text-align: justify;\">Ferhat\u2019\u0131n da\u011flar\u0131 deldi\u011fi gibi da\u011flar\u0131 delerek Mu\u015f ile Bitlis\u2019i t\u00fcnellerle birbirine ba\u011flad\u0131klar\u0131n\u0131 anlatan Ba\u015fbakan Erdo\u011fan, bunun bir a\u015fk meselesi oldu\u011funu dile getirdi.<\/p>\n<p style=\"text-align: justify;\">&#8220;Bu b\u00f6l\u00fcnme kampanyalar\u0131 yapanlara kar\u015f\u0131 bir olunsun, yekv\u00fccut haline gelinsin biz bu i\u015fleri bitiririz. Baz\u0131lar\u0131 bir oyun oynuyor. Bu oyunu beraber bozaca\u011f\u0131z\u2019 diyen Erdo\u011fan, AK Parti\u2019yi kurarken &#8220;Tek millet, tek bayrak, tek vatan, tek millet&#8221; dediklerini hat\u0131rlatt\u0131.<\/p>\n<p style=\"text-align: justify;\">Tek millet derken, milletin T\u00fcrk, K\u00fcrt, Laz, G\u00fcrc\u00fc, \u00c7erkez, Abhaza, Bo\u015fnak ve Romanlardan olu\u015ftu\u011funu s\u00f6yledi.<\/p>\n<p style=\"text-align: justify;\">Ba\u015fbakan Erdo\u011fan, \u015f\u00f6yle konu\u015ftu:<\/p>\n<p style=\"text-align: justify;\">&#8220;Tek bayrak derken, rengi \u015fehit kanlar\u0131ndan olu\u015fuyor. Hilal ba\u011f\u0131ms\u0131zl\u0131\u011f\u0131m\u0131z\u0131, y\u0131ld\u0131z \u015fehitlerimizi ifade ediyor. Bu birilerini niye rahats\u0131z ediyor. Bayraklar\u0131 bayrak yapan \u00fcst\u00fcndeki kand\u0131r. Toprak e\u011fer u\u011frunda \u00f6len varsa vatand\u0131r. Onun i\u00e7in tek vatan diyoruz. Hepimiz bu vatan i\u00e7in var\u0131z. \u0130\u015fte Malazgirt\u2019te Sultan Alparslan&#8230; Unutabilir miyiz? Onunla Anadolu\u2019nun destan\u0131n\u0131 yazd\u0131k. Unutabilir miyiz? \u00d6yleyse ni\u00e7in birileri buralarda ameliyat yapmak istiyor?&#8221;<\/p>\n<p style=\"text-align: justify;\"><strong>&#8220;BU OYUNA GELMEYECE\u011e\u0130Z&#8221;<\/strong><\/p>\n<p style=\"text-align: justify;\">Kendisinin milletin efendisi de\u011fil, hizmetkar\u0131 oldu\u011funu vurgulayan Ba\u015fbakan Erdo\u011fan, bunun b\u00f6yle bilinmesi gerekti\u011fini ifade etti. Halka hizmetin Hakka hizmet oldu\u011funu bildiklerini kaydeden Erdo\u011fan, bu yola b\u00f6yle koyulduklar\u0131n\u0131 dile getirdi.<\/p>\n<p style=\"text-align: justify;\">Ba\u015fbakan Erdo\u011fan, \u015funlar\u0131 s\u00f6yledi:<\/p>\n<p style=\"text-align: justify;\">&#8220;Birli\u011fimizi zedelemeye gayrete edenler var. Cuma, cuma namaz\u0131 bizim birlik sembollerimizdir. Biz k\u00f6y camileri, k\u00f6y mescitlerinde bile cuma k\u0131lmay\u0131z. \u0130l\u00e7elere veya il merkezlerine gideriz. Niye? \u00c7\u00fcnk\u00fc birlik ve beraberlik orada olu\u015fur. \u015eimdi ter\u00f6r \u00f6rg\u00fct\u00fc ne diyor: \u2019Devletin imamlar\u0131n\u0131n arkas\u0131nda namaz k\u0131lmay\u0131n\u2019. Allah Allah&#8230; Ya zaten sizin namazla falan ne alakan\u0131z var? Ter\u00f6r \u00f6rg\u00fct\u00fcn\u00fcn b\u00f6yle bir derdi var m\u0131? A\u00e7\u0131k konu\u015fuyorum bak\u0131n. Apo\u2019yu peygamber ilan edenlerle bizim i\u015fimiz olamaz. Onun i\u00e7in bizi aldatanlara, benim K\u00fcrt karde\u015flerimi aldatanlara kar\u015f\u0131 hep beraber olaca\u011f\u0131z. Onlara 12 Haziran\u2019da sand\u0131kta gereken cevab\u0131 verece\u011fiz. 50 metre \u00f6tede Cuma k\u0131l\u0131n\u0131yor, arka tarafta birileri ayr\u0131ca Cuma k\u0131l\u0131yor. Birileri de onlar\u0131 seyrediyor, bu i\u015fte b\u00f6l\u00fcc\u00fcl\u00fckt\u00fcr, ayr\u0131mc\u0131l\u0131kt\u0131r. Bu oyuna gelmeyece\u011fiz, bu oyunu hep beraber bozaca\u011f\u0131z.&#8221;<\/p>\n<p style=\"text-align: justify;\"><a href=\"http:\/\/haber.gazetevatan.com\/apoyu-peygamber-ilan-edenlerle-isimiz-olmaz\/374372\/9\/Siyaset\" target=\"_blank\">Kaynak : VATAN Gazetesi<\/a><\/p>\n","protected":false},"excerpt":{"rendered":"<p style=\"text-align: justify;\">\n<p style=\"text-align: justify;\">AK Parti Genel Ba\u015fkan\u0131 ve Ba\u015fbakan Recep Tayyip Erdo\u011fan, &#8220;A\u00e7\u0131k konu\u015fuyorum bak\u0131n. Apo\u2019yu peygamber ilan edenlerle bizim i\u015fimiz olamaz&#8221; dedi.<\/p>\n<p style=\"text-align: justify;\">Erdo\u011fan, Mu\u015f Belediye Meydan\u0131\u2019nda vatanda\u015flara hitap etti. <\/p>\n","protected":false},"author":1,"featured_media":0,"comment_status":"open","ping_status":"closed","sticky":false,"template":"","format":"standard","meta":{"footnotes":""},"categories":[105],"tags":[],"class_list":["post-31409","post","type-post","status-publish","format-standard","hentry","category-gundem","odd"],"_links":{"self":[{"href":"http:\/\/www.korhanyilmaz.com\/index.php?rest_route=\/wp\/v2\/posts\/31409","targetHints":{"allow":["GET"]}}],"collection":[{"href":"http:\/\/www.korhanyilmaz.com\/index.php?rest_route=\/wp\/v2\/posts"}],"about":[{"href":"http:\/\/www.korhanyilmaz.com\/index.php?rest_route=\/wp\/v2\/types\/post"}],"author":[{"embeddable":true,"href":"http:\/\/www.korhanyilmaz.com\/index.php?rest_route=\/wp\/v2\/users\/1"}],"replies":[{"embeddable":true,"href":"http:\/\/www.korhanyilmaz.com\/index.php?rest_route=%2Fwp%2Fv2%2Fcomments&post=31409"}],"version-history":[{"count":0,"href":"http:\/\/www.korhanyilmaz.com\/index.php?rest_route=\/wp\/v2\/posts\/31409\/revisions"}],"wp:attachment":[{"href":"http:\/\/www.korhanyilmaz.com\/index.php?rest_route=%2Fwp%2Fv2%2Fmedia&parent=31409"}],"wp:term":[{"taxonomy":"category","embeddable":true,"href":"http:\/\/www.korhanyilmaz.com\/index.php?rest_route=%2Fwp%2Fv2%2Fcategories&post=31409"},{"taxonomy":"post_tag","embeddable":true,"href":"http:\/\/www.korhanyilmaz.com\/index.php?rest_route=%2Fwp%2Fv2%2Ftags&post=31409"}],"curies":[{"name":"wp","href":"https:\/\/api.w.org\/{rel}","templated":true}]}}