{"id":31403,"date":"2011-04-30T18:16:43","date_gmt":"2011-04-30T15:16:43","guid":{"rendered":"http:\/\/www.korhanyilmaz.com\/?p=31403"},"modified":"2011-04-30T18:16:43","modified_gmt":"2011-04-30T15:16:43","slug":"bunlarin-acligi-tehlikelidir","status":"publish","type":"post","link":"http:\/\/www.korhanyilmaz.com\/?p=31403","title":{"rendered":"Bunlar\u0131n a\u00e7l\u0131\u011f\u0131 tehlikelidir"},"content":{"rendered":"<p style=\"text-align: justify;\"><a href=\"http:\/\/www.korhanyilmaz.com\/wp-content\/uploads\/2011\/04\/1022.jpg\"  class=\"lightview\"><img loading=\"lazy\" decoding=\"async\" class=\"aligncenter size-full wp-image-31404\" src=\"http:\/\/www.korhanyilmaz.com\/wp-content\/uploads\/2011\/04\/1022.jpg\" alt=\"\" width=\"385\" height=\"198\" \/><\/a><\/p>\n<p style=\"text-align: justify;\">CHP Genel Ba\u015fkan\u0131 Kemal K\u0131l\u0131\u00e7daro\u011flu, &#8221;(Her \u00fcniversiteyi bitiren i\u015f bulacak diye bir \u015fey yok) diyen bir ki\u015fi 21. y\u00fczy\u0131lda T\u00fcrkiye Cumhuriyeti&#8217;nde ba\u015fbakanl\u0131k koltu\u011funda oturuyor. 12 Haziran&#8217;da b\u00fct\u00fcn i\u015fsizlere sesleniyorum, \u00f6zellikle de i\u015f bulamayan \u00fcniversitelilere sesleniyorum. Size &#8216;i\u015f bulmasan\u0131z da olur&#8217; diyen bir Ba\u015fbakana ders vermeye haz\u0131r m\u0131s\u0131n\u0131z?&#8221; dedi.<!--more--><\/p>\n<p style=\"text-align: justify;\">HATAY &#8211; K\u0131l\u0131\u00e7daro\u011flu, Hatay&#8217;da, U\u011fur Mumcu Meydan\u0131&#8217;nda d\u00fczenlenen mitingde s\u00f6zlerine &#8221;G\u00f6r\u00fcyorum ki siz haz\u0131rs\u0131n\u0131z, Kemal karde\u015finiz de haz\u0131r. Beraber y\u00fcr\u00fcyece\u011fiz, beraber m\u00fccadele edece\u011fiz ve inan\u0131n g\u00fcc\u00fcm\u00fcz\u00fc birle\u015ftirdi\u011fimiz zaman haramilerin iktidar\u0131n\u0131 y\u0131k\u0131p halk\u0131n iktidar\u0131n\u0131 koruyaca\u011f\u0131z, kararl\u0131y\u0131m bu konuda&#8221; diyerek ba\u015flad\u0131.<\/p>\n<p style=\"text-align: justify;\">Hatay&#8217;\u0131n T\u00fcrkiye&#8217;nin en g\u00fczel co\u011frafyalar\u0131ndan birisi oldu\u011funu; ancak son 9 y\u0131lda kan kaybetti\u011fini savunan K\u0131l\u0131\u00e7daro\u011flu, halka, &#8221;Hatay&#8217;da i\u015fsizlik var m\u0131?&#8221; sorusunu \u00fc\u00e7 kez sorup, &#8221;evet&#8221; cevab\u0131 al\u0131nca, &#8221;Bunu s\u00f6yleyin ki belki Ankara&#8217;dan Recep Bey duyar da bu memlekette i\u015fsiz oldu\u011funu \u00f6\u011frenir&#8221; dedi.<\/p>\n<p style=\"text-align: justify;\">K\u0131l\u0131\u00e7daro\u011flu, Ba\u015fbakan Recep Tayyip Erdo\u011fan&#8217;\u0131n s\u00f6zlerini hat\u0131rlatarak, \u015funlar\u0131 s\u00f6yledi:<\/p>\n<p style=\"text-align: justify;\">&#8221;(Her \u00fcniversiteyi bitiren i\u015f bulacak diye bir \u015fey yok) diyen bir ki\u015fi 21. y\u00fczy\u0131lda T\u00fcrkiye Cumhuriyeti&#8217;nde ba\u015fbakanl\u0131k koltu\u011funda oturuyor. 12 Haziran&#8217;da b\u00fct\u00fcn i\u015fsizlere sesleniyorum, \u00f6zellikle de i\u015f bulamayan \u00fcniversitelilere sesleniyorum. Size &#8216;i\u015f bulmasan\u0131z da olur&#8217; diyen bir Ba\u015fbakana ders vermeye haz\u0131r m\u0131s\u0131n\u0131z? E\u011fer ba\u015fka bir \u00fclkede ba\u015fbakan bunu s\u00f6yleseydi, b\u0131rak\u0131n iktidarda kalmay\u0131 o g\u00fcn oturdu\u011fu koltuktan ayr\u0131l\u0131rd\u0131. Bunlar koltu\u011fa yap\u0131\u015ft\u0131lar, ayr\u0131l\u0131rlar m\u0131? Ama halk\u0131n g\u00fcc\u00fc var. Halk\u0131n g\u00fcc\u00fcyle onlar\u0131 12 Haziran&#8217;da indirece\u011fiz biz.&#8221;<\/p>\n<p style=\"text-align: justify;\">CHP&#8217;nin ilkelerinde ayr\u0131l\u0131k, gayr\u0131l\u0131k olmad\u0131\u011f\u0131n\u0131 vurgulayan K\u0131l\u0131\u00e7daro\u011flu, &#8221;Yurtta\u015flar\u0131m\u0131z\u0131 birle\u015ftirmek, onlar\u0131 karde\u015f havas\u0131 i\u00e7inde bar\u0131\u015f co\u011frafyas\u0131nda ya\u015fatmak, herkesin kazand\u0131\u011f\u0131, herkesin \u00fcretti\u011fi, al\u0131n teri d\u00f6kt\u00fc\u011f\u00fc, evine ekmek g\u00f6t\u00fcrd\u00fc\u011f\u00fc bir T\u00fcrkiye yaratmak istiyoruz. Hedefimiz bu bizim. Bu hedefi sa\u011flamak i\u00e7in \u00f6nce herkesin karn\u0131n\u0131n doymas\u0131 laz\u0131m&#8221; diye konu\u015ftu.<\/p>\n<p style=\"text-align: justify;\">K\u0131l\u0131\u00e7daro\u011flu, 21. y\u00fczy\u0131l\u0131n T\u00fcrkiye&#8217;sine yoksullu\u011fun yak\u0131\u015fmad\u0131\u011f\u0131n\u0131 ifade ederek, &#8221;2,5 ayl\u0131k bir bebek, K\u00fcbra bebek annesinin kuca\u011f\u0131nda a\u00e7l\u0131ktan \u00f6l\u00fcyorsa bu ay\u0131p kime aittir? Kime ait bu ay\u0131p? Bu ay\u0131b\u0131 defterden silece\u011fiz. T\u00fcrkiye&#8217;nin defterinden silece\u011fiz. Herkesin karn\u0131n\u0131n doydu\u011fu yoksullu\u011fun tarihe g\u00f6m\u00fcld\u00fc\u011f\u00fc bir T\u00fcrkiye yarataca\u011f\u0131z. Size vaadimdir bu&#8221; dedi.<\/p>\n<p style=\"text-align: justify;\"><strong>A\u0130LE S\u0130GORTASI<\/strong><\/p>\n<p style=\"text-align: justify;\">K\u0131l\u0131\u00e7daro\u011flu, bu vaadini &#8221;Aile Sigortas\u0131&#8221; ile yerine getirece\u011fini savunarak, \u015funlar\u0131 kaydetti:<\/p>\n<p style=\"text-align: justify;\">&#8221;Aile sigortas\u0131 ile in\u015fallah hi\u00e7bir aile yoksul olmayacak. Hi\u00e7bir ailede \u00e7ocuk, yoksullu\u011fu ya\u015famayacak. Her aileye geliri olmayan veya geliri asgari \u00fccretin alt\u0131nda olan her aileye her ay d\u00fczenli, sosyal devletin korumas\u0131 alt\u0131nda kad\u0131n\u0131n\u0131n banka hesab\u0131na 600 TL para yatacak. Bu T\u00fcrkiye Cumhuriyeti&#8217;nin sosyal devlet anlay\u0131\u015f\u0131nda yapaca\u011f\u0131 en b\u00fcy\u00fck devrimdir. Bu devrimi ger\u00e7ekle\u015ftirece\u011fiz. &#8216;Kad\u0131n\u0131 evde g\u00fc\u00e7l\u00fc, dirayetli, s\u00f6z\u00fc ge\u00e7en, kimseye muhta\u00e7 olmayan konuma getirece\u011fiz&#8217; deyince \u00f6b\u00fcr taraftan Recep Bey ba\u015flad\u0131 &#8221;sen paray\u0131 nereden bulacaks\u0131n?&#8221; diye. Bu \u00fclke zengin \u00fclke. Bu \u00fclkede paran\u0131n yoklu\u011fu, fakir fukara olunca m\u0131 akl\u0131na geliyor. Yedi g\u00f6be\u011fine k\u00f6\u015feyi d\u00f6nd\u00fcrd\u00fcn, fakir fukaraya m\u0131 itiraz ediyorsun?&#8221;<\/p>\n<p style=\"text-align: justify;\">K\u0131l\u0131\u00e7daro\u011flu, &#8221;kendileri i\u00e7in yanda\u015f olmad\u0131\u011f\u0131n\u0131, yurtta\u015f\u0131n oldu\u011funu&#8221; belirterek, &#8221;\u00d6nce vatanda\u015f sonra yine vatanda\u015f var. Size bir \u00f6rnek verece\u011fim. Unutmaman\u0131z gereken bir \u00f6rnek verece\u011fim. Kullanmad\u0131\u011f\u0131n\u0131z do\u011fal gaz\u0131n bedeli olarak 2 milyar 400 milyon dolar para \u00f6dedik. \u00c7\u0131k\u0131p desinler, &#8216;biz 2 milyar 400 milyon dolar \u00f6demedik&#8217; diye, bunu diyebilirler mi? Dedikleri an 2 milyar 400 milyon dolarl\u0131k rakam\u0131 sizin ad\u0131n\u0131za s\u00f6z veriyorum onlar\u0131n yakalar\u0131na ili\u015ftirece\u011fim.<\/p>\n<p style=\"text-align: justify;\">2 milyar 400 milyon dolar paray\u0131 kim \u00f6dedi? Siz sanmay\u0131n Recep Bey \u00f6dedi. Recep Bey&#8217;in cebi dolarlarla dolu, onun tuzu kuru. O paray\u0131 bu millet \u00f6dedi, bu \u00fclkenin yoksul insanlar\u0131 \u00f6dedi. Telefonla konu\u015furken, bula\u015f\u0131k y\u0131karken, ekmek al\u0131rken, peynir al\u0131rken, s\u00fct al\u0131rken, otob\u00fcse binerken her zaman her ortamda \u00f6dediniz. Kullan\u0131lmayan do\u011fal gaz\u0131n bedeli olarak 2 milyar 400 milyon dolar \u00f6dediler. Ben diyorum ki aile sigortas\u0131 getirece\u011fiz, sen de getir beraber getirelim , \u00e7\u0131karal\u0131m bir an \u00f6nce yoksullu\u011fu tarihe g\u00f6melim. \u00c7ocuklar \u00e7\u00f6pte ka\u011f\u0131t toplamas\u0131n. Beyefendinin laf\u0131na bak &#8216;paray\u0131 nereden bulacaks\u0131n&#8217;. Ben paray\u0131 bulurum, paray\u0131 buluruz yeter ki halk i\u00e7in \u00e7al\u0131\u015f, halk i\u00e7in \u00fcret.&#8221;<\/p>\n<p style=\"text-align: justify;\"><strong>\u0130LK 4 AY \u0130\u00c7\u0130NDE YAPACA\u011eIMIZ UYGULAMADAN B\u0130R\u0130S\u0130, \u00c7\u0130FT\u00c7\u0130N\u0130N MAZOTUNUN L\u0130TRES\u0130N\u0130 1,5 L\u0130RA YAPMAK OLACAK<\/strong><\/p>\n<p style=\"text-align: justify;\">CHP Genel Ba\u015fkan\u0131 Kemal K\u0131l\u0131\u00e7daro\u011flu, &#8221;\u0130ktidara geldiklerinde, ilk 4 ay i\u00e7inde yapacaklar\u0131 uygulamadan birisinin, \u00e7ift\u00e7inin mazotunun litresini 1,5 lira yapmak olaca\u011f\u0131n\u0131&#8221; bildirdi.<\/p>\n<p style=\"text-align: justify;\">K\u0131l\u0131\u00e7daro\u011flu, Hatay&#8217;da, U\u011fur Mumcu Meydan\u0131&#8217;nda d\u00fczenlenen mitingdeki konu\u015fmas\u0131nda, alanda bunun bir grubun pankart\u0131na i\u015faret ederek, &#8221;G\u00fczel bir pankart var, akl\u0131m\u0131za gelmezdi ama &#8216;A\u00e7 kurtlar partisinden kurtar\u0131n bizi&#8217; diyor. Vallahi bunlar\u0131n a\u00e7l\u0131\u011f\u0131 \u00e7ok tehlikelidir. Bunlar\u0131n tokluk d\u00f6nemi de \u00e7ok tehlikeli, ye ye doymazlar bunlar&#8221; dedi.<\/p>\n<p style=\"text-align: justify;\">Konu\u015fmas\u0131nda, \u00e7ift\u00e7ilere seslenen K\u0131l\u0131\u00e7daro\u011flu, &#8221;Hatay, ayn\u0131 zamanda bir tar\u0131m kenti, bereketli bir ovas\u0131 var. Amik ovas\u0131 var, orada al\u0131n teri d\u00f6ken sabah\u0131n k\u00f6r\u00fcnde tarlaya giden, trakt\u00f6r\u00fcyle s\u00fcren, m\u00fccadele eden, topra\u011fa kar\u015f\u0131 m\u00fccadele eden var. G\u00fcl gibi ge\u00e7inen \u00e7ift\u00e7ilerimiz var m\u0131, \u00e7ift\u00e7iler hayat\u0131ndan memnun mu?&#8221; diye sordu. &#8221;Hay\u0131r&#8221; cevab\u0131 alan K\u0131l\u0131\u00e7daro\u011flu, \u015f\u00f6yle devam etti:<\/p>\n<p style=\"text-align: justify;\">&#8221;Ama Recep Bey&#8217;e sorarsan\u0131z \u00e7ift\u00e7inin durumu \u00e7ok iyi. Hele hele diyor ki &#8216;neredeyse mazot bedava&#8217; diyor. Fiyat\u0131 \u00e7ok d\u00fc\u015f\u00fck diyor \u00f6yle mi? B\u00fct\u00fcn \u00e7ift\u00e7i karde\u015flerime sesleniyorum; 9 y\u0131lda hayat\u0131ndan memnunsan 12 Haziran&#8217;da git AKP&#8217;ye oy ver, eyvallah ba\u015f\u0131m\u0131n \u00fcst\u00fcnde ama diyorsan ki &#8216;son 9 sene \u00fcretti\u011fim \u00fcr\u00fcn\u00fcn bedelini alamad\u0131m, icral\u0131k oldum, peri\u015fan oldum, bor\u00e7 bata\u011f\u0131na batt\u0131m, ge\u00e7inemiyorum, ekti\u011fim \u00fcr\u00fcn\u00fcn bedelini yani al\u0131n terimin kar\u015f\u0131l\u0131\u011f\u0131n\u0131 alam\u0131yorum&#8217; diyorsan \u00f6n\u00fcnde alt\u0131 ok var, orada yi\u011fit insanlar var, \u00e7al\u0131\u015fan insanlar var, \u00fclkeye hizmet etmek isteyen insanlar var. 12 Haziran&#8217;da sand\u0131\u011fa git m\u00fchr\u00fcn\u00fc alt\u0131 okun alt\u0131na bas ve T\u00fcrkiye&#8217;yi ayd\u0131nl\u0131\u011fa \u00e7\u0131kar, senin de bir katk\u0131n olsun diyoruz.<\/p>\n<p style=\"text-align: justify;\">Hatay&#8217;dan sesleniyorum; T\u00fcrkiye&#8217;deki b\u00fct\u00fcn \u00e7ift\u00e7i karde\u015flerim duysun, iktidara geldi\u011fimizde ilk 4 ay i\u00e7inde yapaca\u011f\u0131m\u0131z uygulamadan birisi, \u00e7ift\u00e7inin mazotunun litresini 1,5 lira yapmak olacak.&#8221;<\/p>\n<p style=\"text-align: justify;\"><strong>&#8221;\u00c7\u0130FT\u00c7\u0130 PER\u0130\u015eAN OLDU&#8221;<\/strong><\/p>\n<p style=\"text-align: justify;\">K\u0131l\u0131\u00e7daro\u011flu, &#8221;\u00e7ift\u00e7i \u00fcretti\u011finin al\u0131n terinin kar\u015f\u0131l\u0131\u011f\u0131n\u0131 alamazken, bir y\u0131lda ithal edilen tar\u0131m \u00fcr\u00fcnlerine verilen paran\u0131n 10 milyar dolar oldu\u011funu&#8221; belirterek, \u015funlar\u0131 kaydetti:<\/p>\n<p style=\"text-align: justify;\">&#8221;Tar\u0131m \u00fcr\u00fcnleri ithalat\u0131 i\u00e7in y\u0131lda 10 milyar dolar \u00f6d\u00fcyoruz. Bunu T\u00fcrk \u00e7ift\u00e7isine de\u011fil, d\u0131\u015far\u0131ya \u00f6d\u00fcyoruz. \u00c7ift\u00e7iye verilen te\u015fvik ne kadar? 6 milyar lira. 6 milyar liran\u0131n 5,5 milyar liras\u0131n\u0131 mazot zamm\u0131 ile geri al\u0131yorlar. Ne kal\u0131yor geriye 500 bin lira kal\u0131yor. \u00c7ift\u00e7i bunu hak etmiyor. D\u00fcnyan\u0131n b\u00fct\u00fcn \u00fclkelerinde \u00e7ift\u00e7i te\u015fvik ediliyor. 9 y\u0131lda onlar k\u00f6\u015feyi d\u00f6nd\u00fcler, \u00e7ift\u00e7i peri\u015fan oldu. 12 haziranda \u00e7ift\u00e7i karde\u015flerimin AKP&#8217;ye vermesi gereken ders var. O ders alt\u0131 okun alt\u0131na evet m\u00fchr\u00fcn\u00fc basmakt\u0131r.&#8221;<\/p>\n<p style=\"text-align: justify;\">K\u0131l\u0131\u00e7daro\u011flu, AK Parti&#8217;nin iktidara gelirken \u00fc\u00e7 \u015feyle m\u00fccadele etme s\u00f6z\u00fc verdi\u011fini belirterek, \u015f\u00f6yle devam etti:<\/p>\n<p style=\"text-align: justify;\">&#8221;Yolsuzluklarla m\u00fccadele edeceklerdi, ettiler mi? Bak\u0131n sevgili dostlar\u0131m, yolda\u015flar\u0131m, karde\u015flerim; Kayseri belediyesinde r\u00fc\u015fvet toplayan bir ki\u015finin el defterini Recep Bey&#8217;e g\u00f6nderdim. Adam r\u00fc\u015fvet toplam\u0131\u015f kimden toplad\u0131\u011f\u0131 var, tarihi var alt\u0131nda, ne kadar toplad\u0131\u011f\u0131 da var, hangi firmalardan, ki\u015filerden toplad\u0131\u011f\u0131 da var. &#8216;Soru\u015fturun&#8217; dedik. Verdi\u011fi cevap, &#8216;defterin fotokopisini ald\u0131k ama alt\u0131nda imzas\u0131 yok toplayan adam\u0131n&#8217; diyor. Biz de diyece\u011fiz ki &#8216;e\u011fer sen o defterin alt\u0131nda imza ar\u0131yorsan otur adam gibi sen imza at&#8217; ve ben eminim defterde imza olsayd\u0131, bu kez &#8216;parmak izi yok&#8217; diyecekti. Parmak izi olsayd\u0131 &#8216;efendim bu imza \u0131slak imza de\u011fildir&#8217; diyecekti. Siz d\u00fcnyada bir r\u00fc\u015fvet defterini g\u00f6r\u00fcp soru\u015fturmamak i\u00e7in gerek\u00e7e arayan bir ba\u015fbakan duydunuz mu?&#8221;<\/p>\n<p style=\"text-align: justify;\">K\u0131l\u0131\u00e7daro\u011flu, iktidara ele\u015ftirisini s\u00fcrd\u00fcrerek, &#8221;B\u00f6yle Ba\u015fbakan olur mu Allah a\u015fk\u0131na? Bunlar diyorlard\u0131 ki &#8216;biz kul hakk\u0131 yiyenlerden hesap soraca\u011f\u0131z&#8217;, bunlar hesap sorarlar m\u0131? Kul hakk\u0131 yiyen hesap soramaz, hesab\u0131 kul hakk\u0131n\u0131 savunanlar sorar. Onun i\u00e7in yola \u00e7\u0131kt\u0131k. Yetim hakk\u0131 yiyenlerden hesab\u0131n\u0131 soraca\u011f\u0131z hi\u00e7 endi\u015feniz olmas\u0131n&#8221; dedi.<\/p>\n<p style=\"text-align: justify;\"><strong>EMEKL\u0130 KESENEKLER\u0130N\u0130 KALDIRMA S\u00d6Z\u00dc<\/strong><\/p>\n<p style=\"text-align: justify;\">CHP Genel Ba\u015fkan\u0131 Kemal K\u0131l\u0131\u00e7daro\u011flu, &#8221;Emekliyi birinci s\u0131n\u0131f yurtta\u015f yapmak, milli gelirden pay vermek benim boynumun borcudur&#8221; dedi.<\/p>\n<p style=\"text-align: justify;\">K\u0131l\u0131\u00e7daro\u011flu, Hatay U\u011fur Mumcu Meydan\u0131&#8217;ndaki mitingde, emeklilere seslenerek, &#8221;Emekliler hayat\u0131ndan memnun mu?&#8221; diye sordu. Kendisini dinleyenlerden &#8221;hay\u0131r&#8221; cevab\u0131 alan K\u0131l\u0131\u00e7daro\u011flu, &#8221;Ama Recep bey diyor ki &#8217;emeklilere o kadar zam yapt\u0131k ki emekliler yaz tatillerini Kanarya Adalar\u0131&#8217;nda ge\u00e7iriyor.&#8217; Ger\u00e7ekten memnun de\u011fil misiniz arkada\u015flar?&#8221; dedi.<\/p>\n<p style=\"text-align: justify;\">&#8221;T\u00fcrkiye B\u00fcy\u00fck Millet Meclisi k\u00fcrs\u00fcs\u00fcnde emekliler ile ilgili sorunu ne zaman g\u00fcndeme getirseler, bir AKP s\u00f6zc\u00fcs\u00fcn\u00fcn \u00e7\u0131k\u0131p, &#8216;AKP emekliye \u015fu kadar zam yapt\u0131, emeklinin durumu \u00e7ok iyi, siz do\u011frular\u0131 s\u00f6ylemiyorsunuz&#8221; dedi\u011fini savunan K\u0131l\u0131\u00e7daro\u011flu, \u015funlar\u0131 s\u00f6yledi:<\/p>\n<p style=\"text-align: justify;\">&#8221;Ben de \u00e7\u0131kt\u0131m, &#8216;her mitingde sizi emeklilere \u015fikayet edece\u011fim&#8217; dedim. Emekliler hayatlar\u0131ndan memnunsa g\u00fcl gibi ge\u00e7iniyorlarsa AKP&#8217;ye oy versinler. Onlar, &#8217;emekli gelir art\u0131\u015f\u0131ndan pay alamayacakt\u0131r&#8217; diye \u00f6zel yasa \u00e7\u0131kard\u0131lar. 5510 say\u0131l\u0131 yasay\u0131 \u00e7\u0131kard\u0131lar. B\u00f6ylece emekli T\u00fcrkiye Cumhuriyeti&#8217;nin ikinci s\u0131n\u0131f yurtta\u015f\u0131 oldu. Hi\u00e7bir zaman hi\u00e7bir oramda hi\u00e7 bir h\u00fck\u00fcmet kanun de\u011fi\u015fmedi\u011fi s\u00fcrece emekliye milli gelir art\u0131\u015f\u0131ndan pay veremez. O kanunu de\u011fi\u015ftirece\u011fiz.<\/p>\n<p style=\"text-align: justify;\">Emekliyi birinci s\u0131n\u0131f yurtta\u015f yapmak, milli gelirden pay vermek benim boynumun borcudur, bunu yapaca\u011f\u0131m. \u0130ntibak yasas\u0131n\u0131 da \u00e7\u0131karaca\u011f\u0131z. CHP d\u0131\u015f\u0131nda hi\u00e7bir siyasal parti bu vaatlerde bulunmuyor. Peki biz, niye bunu s\u00f6yl\u00fcyoruz? Niye vaatte bulunuyoruz? \u00c7\u00fcnk\u00fc, biz insan\u0131m\u0131z\u0131 seviyoruz, \u00e7\u00fcnk\u00fc biz adaletten yanay\u0131z, yarat\u0131lan katma de\u011ferin hak\u00e7a b\u00f6l\u00fc\u015f\u00fclmesinden yanay\u0131z. Bu co\u011frafyada herkesin her semtin her kentin ve \u00fclkenin mutlu olmas\u0131n\u0131 istiyoruz hedefimiz bu bizim.&#8221;<\/p>\n<p style=\"text-align: justify;\"><strong>ESNAFA VE GEN\u00c7LERE<\/strong><\/p>\n<p style=\"text-align: justify;\">K\u0131l\u0131\u00e7daro\u011flu, esnafa seslenirken de, esnaf\u0131n durumunu bildiklerini belirterek, \u015funlar\u0131 kaydetti:<\/p>\n<p style=\"text-align: justify;\">&#8221;Ge\u00e7enlerde, bir grup esnaf arkada\u015fla bir araya geldik, hepsi dertli. Ben size bir olay anlatay\u0131m; diyelim ki emekli oldunuz. Ald\u0131\u011f\u0131n\u0131z para yetmiyor tekrar \u00e7al\u0131\u015facaks\u0131n\u0131z. &#8216;Senin emekli ayl\u0131\u011f\u0131ndan y\u00fczde 15 keserim&#8217; diyor, kesiyor zaten. Bunu kald\u0131rmak da benim boynumun borcu. Esnaf \u00e7al\u0131\u015facak, \u00fcretecek, Allah a\u015fk\u0131na siz hi\u00e7 \u00e7al\u0131\u015fan adam\u0131n cezaland\u0131r\u0131ld\u0131\u011f\u0131 bir \u00fclke g\u00f6rd\u00fcn\u00fcz m\u00fc? Niye cezaland\u0131r\u0131l\u0131rlar esnaf\u0131, ba\u015fka dertleri mi yok bunlar\u0131n. Onun i\u00e7in diyoruz ki; sosyal devleti yeniden aya\u011fa kald\u0131raca\u011f\u0131z, bu co\u011frafyada bir \u00e7ocuk bile yata\u011fa a\u00e7 girmeyecek, herkesin karn\u0131 doyacak, herkes mutlu, huzurlu olacak.&#8221;<\/p>\n<p style=\"text-align: justify;\">Gen\u00e7lerin askerlik s\u00fcresine de de\u011finen K\u0131l\u0131\u00e7daro\u011flu, &#8221;Ben askerlikle ilgili a\u00e7\u0131klama yap\u0131nca Recep Beyi bir tela\u015f ald\u0131. Tela\u015f\u0131 ne? Efendim diyor &#8216;gen\u00e7lerin askerlik s\u00fcresini 15 aydan 9 aya indirirsen peki memleketi kim savunacak?&#8217; \u015eimdi siz cevab\u0131 benden iyi biliyorsunuz de\u011fil mi? Senin o\u011flun 21 g\u00fcn el bebek g\u00fcl bebek gider askerlik yapar, akl\u0131na memleket savunmas\u0131 gelmez, vatanda\u015f\u0131n o\u011flunun askerli\u011fini 15 aydan 9 aya indirece\u011fiz&#8230; Derdine bak, &#8216;memleketi kim savunacak&#8217; diyor. Buradan sesleniyorum, Ey Recep Tayyip Erdo\u011fan, memleketin savunulmas\u0131 i\u00e7in sana ihtiyac\u0131m\u0131z yok, biz gerekirse di\u015fimizle t\u0131rna\u011f\u0131m\u0131zla bu memleketi savunuruz&#8221; dedi.<\/p>\n<p style=\"text-align: justify;\">K\u0131l\u0131\u00e7daro\u011flu, \u00fcniversite gen\u00e7leri i\u00e7in &#8221;\u00dcniversite gen\u00e7lerimiz yaz tatillerinde askerlik yapacak, \u00fcniversite bitince askerlik bitecek&#8221; dedi\u011fini an\u0131msatarak, &#8221;\u00d6nce itiraz ettiler, &#8216;vay olur mu?&#8217; diye. \u00dcniversite gen\u00e7lerimizin yurt sorununu \u00e7\u00f6zece\u011fiz. \u00dcniversite gen\u00e7lerimiz i\u00e7in hem bedelli hem bedelsiz uygulamas\u0131 getirece\u011fiz. Durumu iyi olanlardan bedel alaca\u011f\u0131z, durumu iyi olmayanlardan bedel almaks\u0131z\u0131n biriken askerli\u011fini yapamayan gen\u00e7ler s\u00fcratle tamamlayacaklar. Bedelliden toplad\u0131\u011f\u0131m\u0131zdan da \u00fcniversite gen\u00e7lerimiz i\u00e7in \u00f6\u011frenci yurdu yapaca\u011f\u0131z&#8221; diye konu\u015ftu.<\/p>\n<p style=\"text-align: justify;\">En gen\u00e7 iki y\u0131l i\u00e7inde T\u00fcrkiye&#8217;de, hi\u00e7bir \u00f6\u011frencinin &#8221;benim yurdum yok&#8221; demeyece\u011fini ifade eden K\u0131l\u0131\u00e7daro\u011flu, &#8221;Herkesin yurdu olacak, s\u0131cak so\u011fuk suyu olacak, internet eri\u015fimi olacak, her \u015feyi \u00e7\u00f6zece\u011fiz. Gen\u00e7ler i\u00e7in her t\u00fcrl\u00fc \u00e7abay\u0131 harcayaca\u011f\u0131z&#8221; dedi.<\/p>\n<p style=\"text-align: justify;\"><strong>\u015e\u0130FRE \u0130DD\u0130ALARI<\/strong><\/p>\n<p style=\"text-align: justify;\">K\u0131l\u0131\u00e7daro\u011flu, &#8221;Bunlar\u0131n \u015fifreci oldu\u011funu biliyorduk&#8221; diyerek, \u015f\u00f6yle devam etti:<\/p>\n<p style=\"text-align: justify;\">&#8221;Sonunda kendileri de \u015fifreci olduklar\u0131n\u0131 kabul ettiler. 1 milyon 700 bin liseyi yeni bitiren, gelece\u011fe umutla bakan, ailelerinin umutla bakt\u0131\u011f\u0131, evlatlar\u0131m\u0131za ne yapt\u0131lar? \u00d6nce dediler ki &#8216;efendim bizim s\u0131navlarda \u015fifre mifre yok&#8217; dediler. Sonra &#8216;var ama sehven yap\u0131lm\u0131\u015f&#8217; dediler, sonra \u00e7\u0131kt\u0131lar &#8216;vallahi billahi var&#8217; dediler. &#8216;Var&#8217; diyen de koltu\u011funda oturuyor. 1 milyon 700 bin ailenin ah\u0131 g\u00fcnah\u0131 onlar\u0131n boynundad\u0131r. Hem \u015fifreyi kabul edeceksin hem koltu\u011funda oturacaks\u0131n ve senin de en b\u00fcy\u00fck destek\u00e7in bu \u00fclkenin ba\u015fbakan\u0131 olacak. Ar damar\u0131 \u00e7atlam\u0131\u015f olanlar ancak bunu yaparlar, ahlak kavram\u0131 geli\u015fmemi\u015f olanlar bunu yapar. O \u00e7ocuklara yaz\u0131k g\u00fcnah de\u011fil mi?<\/p>\n<p style=\"text-align: justify;\">Efendim neymi\u015f biz bunu miting alanlar\u0131nda s\u00f6yl\u00fcyoruz, biz o \u00e7ocuklar\u0131 s\u00f6zde istismar ediyormu\u015fuz. Ne zamand\u0131r istismar oldu hak arama. Hakk\u0131n\u0131 aramayan\u0131n ne oldu\u011funu bilmiyorsunuz siz de\u011fil mi? Hakk\u0131n\u0131 aramayan \u015ferefini yitirir der. Hakk\u0131m\u0131z\u0131 arayaca\u011f\u0131z, o gen\u00e7 \u00e7ocuklar da haklar\u0131n\u0131 arayacaklar ve Recep Bey \u00e7\u0131k\u0131p diyor ki &#8216;o \u00e7ocuklar y\u00fcr\u00fcyor ben de onlar\u0131n kar\u015fIs\u0131na 5-10 bin ki\u015fi istersem \u00e7\u0131kar\u0131r\u0131m&#8217; diyor. Y\u00fcre\u011fin varsa \u00e7\u0131kar, sen kim hak aramak kim? Sen hak aramak de\u011fil, hak arayanlara engel oluyorsun. \u00c7\u00fcnk\u00fc senin kafanda hukuk devleti mant\u0131\u011f\u0131 geli\u015fmemi\u015f, hak arama nedir bilmiyorsun sen.&#8221;<\/p>\n<p style=\"text-align: justify;\">K\u0131l\u0131\u00e7daro\u011flu, 12 Haziran&#8217;da hi\u00e7bir devlet kurumumda ta\u015feron i\u015f\u00e7ili\u011fin ya\u015fanmayaca\u011f\u0131n\u0131 belirterek, &#8221;2 milyon ta\u015feron i\u015f\u00e7isine sesleniyorum; sizi \u00f6m\u00fcr boyu asgari \u00fccrete mahkum eden, k\u0131dem tazminat\u0131 hakk\u0131n\u0131z\u0131 elinizden alan, sendikaya \u00fcye olma yasa\u011f\u0131 getiren, 8 saat de\u011fil, 18 saat \u00e7al\u0131\u015fma zorunlulu\u011fu getiren d\u00fczeni y\u0131kmak, halk\u0131n d\u00fczenini, i\u015f\u00e7ilerin emek\u00e7ilerin al\u0131n teri ile kazananlar\u0131n \u00f6zg\u00fcrce ya\u015fayabilece\u011fi sendikaya \u00fcye olabilece\u011fi bir d\u00fczeni getiren tarih 12 Haziran olacak. Destek verin, g\u00fc\u00e7 verin bize diyorum onlara&#8221; dedi.<\/p>\n<p style=\"text-align: justify;\"><strong>MEDYA<\/strong><\/p>\n<p style=\"text-align: justify;\">K\u0131l\u0131\u00e7daro\u011flu, &#8221;CHP iktidar\u0131nda kimsenin telefonlar\u0131n\u0131n dinlenmeyece\u011fini, herkesin hakk\u0131n\u0131 arad\u0131\u011f\u0131, \u00f6zg\u00fcr bir T\u00fcrkiye&#8217;nin olaca\u011f\u0131n\u0131, yanda\u015f medya kavram\u0131n\u0131n tarihe g\u00f6m\u00fclece\u011fini&#8221; belirterek, \u015f\u00f6yle devam etti:<\/p>\n<p style=\"text-align: justify;\">&#8221;Yanda\u015f medyaya &#8216;be\u015f sene musluklar\u0131n\u0131 kesece\u011fiz, gazetecilik yap\u0131yorsan yap diyece\u011fiz. Yoksulun \u00f6dedi\u011fi vergilerden kimse beslenmeyecek. Oturup kalk\u0131p CHP&#8217;ye k\u00fcfrediyorlar. Bizim iktidar\u0131m\u0131zda \u00f6zg\u00fcrce ele\u015ftiri olacak.<\/p>\n<p style=\"text-align: justify;\">Recep Bey, &#8221;biz sana nas\u0131l g\u00fcvenilim&#8221; diyor. Recep Bey sana sesleniyorum; &#8216;sen istersen b\u00fct\u00fcn bakanlar\u0131n\u0131, istedi\u011fin sosyal g\u00fcvenlik uzmanlar\u0131n\u0131, senin istedi\u011fin televizyon kanal\u0131nda senin istedi\u011fin gazetecilerle y\u00fcre\u011fin varsa gel kar\u015f\u0131ma \u00e7\u0131k. Bakal\u0131m sosyal g\u00fcvenlikle ilgili ben ne yapm\u0131\u015f\u0131m, sen ne yapm\u0131\u015fs\u0131n, y\u00fcre\u011fin varsa kar\u015f\u0131ma \u00e7\u0131k. \u00c7\u0131kar m\u0131? \u00c7\u0131kmaz. Recep Tayyip Erdo\u011fan, Kemal K\u0131l\u0131\u00e7daro\u011flu&#8217;nun kar\u015f\u0131s\u0131na \u00e7\u0131kar m\u0131? Ben de biliyorum \u00e7\u0131kamaz, \u00e7\u0131kmas\u0131 i\u00e7in mangal gibi y\u00fcrek olmas\u0131 laz\u0131m. \u00c7\u0131kanlar\u0131n sonunu g\u00f6rd\u00fcn\u00fcz. Varsa SSK&#8217;da yolsuzlu\u011fum niye \u00e7\u0131karm\u0131yorsun? Benim g\u00f6rev yapt\u0131\u011f\u0131m d\u00f6nemi ara\u015ft\u0131rmak i\u00e7in bir m\u00fcfetti\u015f ordusu g\u00f6revlendirdiler, bir \u015fey bulabilir miyiz diye. O m\u00fcfetti\u015fler rapor haz\u0131rlad\u0131, ele\u015ftirecek bir konu bulamad\u0131k diye rapor verdiler. Sen m\u00fcfetti\u015f g\u00f6revlendirdin, m\u00fcfetti\u015f sana rapor verdi. O rapora ra\u011fmen kalk\u0131p beni k\u00f6t\u00fcl\u00fcyorsun sen adam de\u011filsin.<\/p>\n<p style=\"text-align: justify;\">Her \u015feye tahamm\u00fcl ederim ama iftiraya hay\u0131r. \u0130ftira atmak do\u011fru de\u011fil. Biz birisine yolsuzluk yapar diyorsak bildi\u011fimiz vard\u0131r. Belgeyi g\u00f6rmeden, elimizde tutmadan, orijinal\u0131n\u0131 test etmeden konu\u015fmay\u0131z. Onlar gibi iftira atmay\u0131z. Bir \u015fey s\u00f6yl\u00fcyorsak bildi\u011fimiz var. Adam gibi adamsan, kendine g\u00fcveniyorsan \u00e7\u0131kars\u0131n kar\u015f\u0131ma. Nas\u0131l olsa h\u00fck\u00fcmetsin, b\u00fct\u00fcn devletin ar\u015fivi elinde. Sana ba\u015fka soru sormayaca\u011f\u0131m. Ben de biliyorum ki gelemez, y\u00fcre\u011fi yetmez, korkar. Efelendi\u011fine bakmay\u0131n siz.&#8221;<\/p>\n<p style=\"text-align: justify;\">K\u0131l\u0131\u00e7daro\u011flu, konu\u015fmas\u0131n\u0131, &#8221;Hep birlikte 13 Haziran&#8217;dan itibaren yeni bir T\u00fcrkiye in\u015fa edelim&#8221; \u00e7a\u011fr\u0131s\u0131nda bulunarak tamamlad\u0131.<\/p>\n<p style=\"text-align: justify;\">Hatay milletvekilleri adaylar\u0131n\u0131n da tan\u0131t\u0131ld\u0131\u011f\u0131 mitinge, Genel Ba\u015fkan Yard\u0131mc\u0131s\u0131 \u0130zzet \u00c7etin, parti meclisinin baz\u0131 \u00fcyeleri ile milletvekilleri kat\u0131ld\u0131.<\/p>\n<p style=\"text-align: justify;\"><a href=\"http:\/\/www.gazeteport.com.tr\/SIYASET\/NEWS\/GP_896953\" target=\"_blank\">Kaynak : GAZETEPORT<\/a><\/p>\n","protected":false},"excerpt":{"rendered":"<p style=\"text-align: justify;\">\n<p style=\"text-align: justify;\">CHP Genel Ba\u015fkan\u0131 Kemal K\u0131l\u0131\u00e7daro\u011flu, &#8221;(Her \u00fcniversiteyi bitiren i\u015f bulacak diye bir \u015fey yok) diyen bir ki\u015fi 21. y\u00fczy\u0131lda T\u00fcrkiye Cumhuriyeti&#8217;nde ba\u015fbakanl\u0131k koltu\u011funda oturuyor. 12 Haziran&#8217;da b\u00fct\u00fcn i\u015fsizlere sesleniyorum, \u00f6zellikle de i\u015f bulamayan \u00fcniversitelilere sesleniyorum. Size &#8216;i\u015f bulmasan\u0131z da olur&#8217; diyen bir Ba\u015fbakana ders vermeye haz\u0131r m\u0131s\u0131n\u0131z?&#8221; dedi.<\/p>\n","protected":false},"author":1,"featured_media":0,"comment_status":"open","ping_status":"closed","sticky":false,"template":"","format":"standard","meta":{"footnotes":""},"categories":[105],"tags":[],"class_list":["post-31403","post","type-post","status-publish","format-standard","hentry","category-gundem","odd"],"_links":{"self":[{"href":"http:\/\/www.korhanyilmaz.com\/index.php?rest_route=\/wp\/v2\/posts\/31403","targetHints":{"allow":["GET"]}}],"collection":[{"href":"http:\/\/www.korhanyilmaz.com\/index.php?rest_route=\/wp\/v2\/posts"}],"about":[{"href":"http:\/\/www.korhanyilmaz.com\/index.php?rest_route=\/wp\/v2\/types\/post"}],"author":[{"embeddable":true,"href":"http:\/\/www.korhanyilmaz.com\/index.php?rest_route=\/wp\/v2\/users\/1"}],"replies":[{"embeddable":true,"href":"http:\/\/www.korhanyilmaz.com\/index.php?rest_route=%2Fwp%2Fv2%2Fcomments&post=31403"}],"version-history":[{"count":0,"href":"http:\/\/www.korhanyilmaz.com\/index.php?rest_route=\/wp\/v2\/posts\/31403\/revisions"}],"wp:attachment":[{"href":"http:\/\/www.korhanyilmaz.com\/index.php?rest_route=%2Fwp%2Fv2%2Fmedia&parent=31403"}],"wp:term":[{"taxonomy":"category","embeddable":true,"href":"http:\/\/www.korhanyilmaz.com\/index.php?rest_route=%2Fwp%2Fv2%2Fcategories&post=31403"},{"taxonomy":"post_tag","embeddable":true,"href":"http:\/\/www.korhanyilmaz.com\/index.php?rest_route=%2Fwp%2Fv2%2Ftags&post=31403"}],"curies":[{"name":"wp","href":"https:\/\/api.w.org\/{rel}","templated":true}]}}