{"id":3140,"date":"2009-02-01T14:22:35","date_gmt":"2009-02-01T12:22:35","guid":{"rendered":"http:\/\/www.korhanyilmaz.com\/?p=3140"},"modified":"2009-02-01T14:22:35","modified_gmt":"2009-02-01T12:22:35","slug":"sivil-yargi-darbe-gunluklerini-sorusturmaya-korkuyor","status":"publish","type":"post","link":"http:\/\/www.korhanyilmaz.com\/?p=3140","title":{"rendered":"Sivil yarg\u0131 darbe g\u00fcnl\u00fcklerini soru\u015fturmaya korkuyor"},"content":{"rendered":"<p style=\"text-align: center;\"><img loading=\"lazy\" decoding=\"async\" class=\"size-full wp-image-3141 aligncenter\" title=\"010220091041085381564\" src=\"http:\/\/www.korhanyilmaz.com\/wp-content\/uploads\/2009\/02\/010220091041085381564.jpg\" alt=\"010220091041085381564\" width=\"376\" height=\"240\" \/><\/p>\n<p style=\"text-align: justify;\"><strong>2007&#8217;de Nokta&#8217;da yay\u0131nlanan \u00d6zden \u00d6rnek&#8217;in g\u00fcnl\u00fc\u011f\u00fc derginin kapanmas\u0131na neden oldu<\/strong><\/p>\n<p style=\"text-align: justify;\">Darbe g\u00fcnl\u00fc\u011f\u00fc ise tart\u0131\u015f\u0131lmaya devam ediyor. Derginin eski yay\u0131n y\u00f6netmeni Alper G\u00f6rm\u00fc\u015f&#8217;\u00fcn avukat\u0131 emekli askeri hakim \u00dcmit Karda\u015f, Ergenekon&#8217;dan devlet asker ili\u015fkisine kadar bir\u00e7ok konuda \u00e7ok tart\u0131\u015f\u0131lacak iddialarda bulundu.<\/p>\n<p style=\"text-align: justify;\">Ge\u00e7en g\u00fcn Alper G\u00f6rm\u00fc\u015f Taraf gazetesinde, Eski Deniz Kuvvet Komutan\u0131 \u00d6zden \u00d6rnek&#8217;in hakk\u0131nda a\u00e7t\u0131\u011f\u0131 tazminat davas\u0131n\u0131n, a\u00e7an taraf taraf\u0131ndan ilgilenilmedi\u011fi i\u00e7in d\u00fc\u015ft\u00fc\u011f\u00fcn\u00fc yazd\u0131. Yorumu da okuyucuya b\u0131rakt\u0131. Ben de sizin yorumunuzu merak ediyorum.<br \/>\nAlper G\u00f6rm\u00fc\u015f san\u0131k oldu\u011fu \u00d6zden \u00d6rnek&#8217;e iftira ve hakaret davas\u0131ndan beraat etti, biliyorsunuz. Bunu en ba\u015ftan biliyordum, Alper&#8217;e de s\u00f6ylemi\u015ftim, &#8220;Mahkum olmazs\u0131n ama dava istedi\u011fimiz gibi de geli\u015fmez&#8221; diye. <!--more-->Zaten \u00d6zden \u00d6rnek de \u015fikayet\u00e7i oldu\u011funa pi\u015fman olmu\u015ftur. Bence panik oldu ve bu hatay\u0131 yapt\u0131. \u00c7\u00fcnk\u00fc davay\u0131 a\u00e7masa g\u00fcnl\u00fckler haber olarak kalacakt\u0131. \u015eimdi i\u015f g\u00fcncelle\u015fti ve somutla\u015ft\u0131. Bence \u00e7ok b\u00fcy\u00fck bir hatayd\u0131. \u00d6zden \u00d6rnek&#8217;in iddias\u0131 \u015fuydu &#8220;B\u00f6yle bir g\u00fcnl\u00fck yok, bana iftira at\u0131l\u0131yor, hakaret ediliyor.&#8221; Bu tazminat davas\u0131n\u0131 da o davayla beraber a\u00e7m\u0131\u015flard\u0131r. \u0130\u015f \u00e7ok b\u00fcy\u00fcy\u00fcnce, hata yapt\u0131klar\u0131n\u0131 anlad\u0131lar ama i\u015f i\u015ften ge\u00e7mi\u015f oldu. Tazminat davas\u0131 da bu y\u00fczden d\u00fc\u015f\u015f\u00fcn, g\u00fcndemden kaybolsun diye ilgilenmediler.\n<\/p>\n<p style=\"text-align: justify;\">\n<p style=\"text-align: justify;\">Alper G\u00f6rm\u00fc\u015f&#8217;\u00fcn, \u00d6zden \u00d6rnek&#8217;e hakaret davas\u0131ndan beraat etmesi, darbe g\u00fcnl\u00fcklerinin varl\u0131\u011f\u0131yla ilgili nas\u0131l bir sonu\u00e7 ortaya \u00e7\u0131kard\u0131?<br \/>\nBurada bir tutars\u0131zl\u0131k olu\u015fuyor. Darbe g\u00fcnl\u00fckleri yalan da olsa hakaret ve iftira yoktur gibi bir sonu\u00e7 bu. Biz de bu tutars\u0131zl\u0131\u011f\u0131n ortadan kalkmas\u0131 i\u00e7in ispat hakk\u0131 istedik. Birine iftira at\u0131ld\u0131\u011f\u0131 s\u00f6yleniyorsa, san\u0131k bunu ispat hakk\u0131na sahip. Ama mahkeme oralara girmek pek istemiyor. Ne \u015fi\u015f yans\u0131n ne kebap&#8230; \u00c7ok \u00f6nemli gazetecilik yap\u0131lm\u0131\u015f, haber kayna\u011f\u0131n\u0131 a\u00e7\u0131klamak zorunda de\u011fil, o zaman beraat etsin, dava bitsin gibi oldu. Aksi taktirde g\u00fcnl\u00fcklerin varl\u0131\u011f\u0131 ve yoklu\u011fu tart\u0131\u015fmas\u0131 iyice belirgin hale gelecekti. \u00d6zden \u00d6rnek ve onun darbe giri\u015fimleri i\u00e7inde bulundu\u011funu iddia eti\u011fi ki\u015filer a\u00e7\u0131s\u0131ndan riziko bar\u0131nd\u0131r\u0131yordu bu dava.\n<\/p>\n<p style=\"text-align: justify;\"><strong>\u00d6zden \u00d6rnek askerlere de &#8220;g\u00fcnl\u00fck tutun&#8221; diyordu<\/strong><\/p>\n<p style=\"text-align: justify;\">Darbe g\u00fcnl\u00fcklerinin \u00d6zden \u00d6rnek taraf\u0131ndan yaz\u0131ld\u0131\u011f\u0131na dair en b\u00fcy\u00fck kan\u0131t ne? Davay\u0131 temyize g\u00f6t\u00fcrd\u00fcn\u00fcz, iftira at\u0131lmad\u0131\u011f\u0131na dair ispat hakk\u0131 istiyorsunuz.<br \/>\nHerhangi birinin bir ba\u015fkas\u0131 hakk\u0131nda bu kadar kurgulu bir \u015fey yazmas\u0131 \u00e7ok kolay de\u011fil. Hatta m\u00fcmk\u00fcn de de\u011fil. 3 bin sayfadan bahsediyoruz. \u00d6zden \u00d6rnek&#8217;in kendi beyan\u0131 da var, askerlere tavsiye olarak s\u00f6yl\u00fcyor &#8220;G\u00fcnl\u00fck tutun&#8221; diye. Demek ki kendi ya\u015fam\u0131nda b\u00f6yle bir uygulama var. \u00dcstelik Alper 3 bin sayfan\u0131n 60 sayfas\u0131n\u0131 yay\u0131nland\u0131. \u00d6zden \u00d6rnek \u00e7ocuklu\u011fundan, gen\u00e7li\u011finden itibaren g\u00fcnl\u00fck tutmu\u015f, tamamen \u00f6zel ya\u015fam\u0131na ili\u015fkin b\u00fcy\u00fck bir b\u00f6l\u00fcm var. Darbe giri\u015fimleri bizi ilgilendirdi\u011fi i\u00e7in Alper sadece o b\u00f6l\u00fcmleri yay\u0131nlam\u0131\u015f. \u00dczerinde \u00e7ok uzun ve titizlikle \u00e7al\u0131\u015fm\u0131\u015f, tutarl\u0131 olup olmad\u0131\u011f\u0131na ili\u015fkin. Ayr\u0131ca, Bak\u0131rk\u00f6y Cumhuriyet Savc\u0131l\u0131\u011f\u0131 Alper G\u00f6rm\u00fc\u015f hakk\u0131nda soru\u015fturma yaparken, \u00d6zden \u00d6rnek hakk\u0131nda da \u015f\u00fcpheli s\u0131fat\u0131yla, darbe giri\u015fiminde bulunmu\u015f olmas\u0131 konusunda onu \u015f\u00fcpheli bularak, hakk\u0131ndaki soru\u015fturma evrak\u0131n\u0131 Genelkurmay Askeri Savc\u0131l\u0131\u011f\u0131&#8217;na g\u00f6nderdi. \u0130\u015f burada t\u0131kand\u0131 zaten.<\/p>\n<p style=\"text-align: justify;\"><strong>Ne oldu?<\/strong><br \/>\nGenelkurmay Askeri Savc\u0131l\u0131\u011f\u0131 bakt\u0131. Ben de dilek\u00e7e verdim. &#8220;Elinizde yetkisizlik karar\u0131yla gelmi\u015f bir evrak var. Bu evrak gere\u011fi ne yapt\u0131n\u0131z. \u00c7\u00fcnk\u00fc m\u00fcvekkilim a\u00e7\u0131s\u0131ndan bu b\u00fcy\u00fck \u00f6nem ta\u015f\u0131yor. Bizim ispat hakk\u0131m\u0131z var.M\u00fcvekkilim size gelip tan\u0131kl\u0131k yapabilir ve g\u00fcnl\u00fckleri size verebilir&#8221; dedim. &#8220;Askeri ki\u015filer hakk\u0131nda soru\u015fturma yap\u0131lmas\u0131 Genelkurmay Ba\u015fkanl\u0131\u011f\u0131 emrine ba\u011fl\u0131d\u0131r, biz bu evrak\u0131 Genelkurmay Ba\u015fkanl\u0131\u011f\u0131&#8217;na g\u00f6nderdik o y\u00fczden&#8221; diye cevap geldi. Bu sefer yarg\u0131lama a\u015famas\u0131nda Genelkurmay Ba\u015fkanl\u0131\u011f\u0131&#8217;ndan \u00d6zden \u00d6rnek&#8217;le ilgili ne yap\u0131ld\u0131\u011f\u0131n\u0131 sorulmas\u0131n\u0131 talep ettik.\n<\/p>\n<p style=\"text-align: justify;\">\n<p style=\"text-align: justify;\"><strong>Soruldu mu?<\/strong><br \/>\nSoruldu. Gelen cevap &#8220;Bu konuyla ilgili tutarl\u0131 bilgi belge bulunmad\u0131\u011f\u0131ndan hi\u00e7bir \u015fey yap\u0131lmam\u0131\u015ft\u0131r.&#8221; Olay defacto olarak kap\u0131t\u0131lm\u0131\u015f oldu. Asl\u0131nda bu su\u00e7 askeri bir su\u00e7 de\u011fil. Anayasal d\u00fczene m\u00fcdahele sivil su\u00e7.<br \/>\nEmekli asker de art\u0131k sivil oldu\u011fu i\u00e7in zaten ilgili merci sivil yarg\u0131. Ankara Cumhuriyet Savc\u0131l\u0131\u011f\u0131 bu soru\u015fturmay\u0131 yapabilecekken korktuklar\u0131 i\u00e7in kendileri yapabilecekleri soru\u015fturmay\u0131 askere do\u011fru itiyorlar. Askere gidince de bu i\u015fin \u00fcst\u00fcn\u00fc \u00f6rt\u00fcyorlar.\n<\/p>\n<p style=\"text-align: justify;\">\n<p style=\"text-align: justify;\"><strong>Darbe g\u00fcnl\u00fckleri denilen \u015fey sadece bilgisayar \u00e7\u0131kt\u0131s\u0131 ka\u011f\u0131tlar&#8230;<\/strong><\/p>\n<p style=\"text-align: justify;\">Neredeyse iki sene olacak, darbe g\u00fcnl\u00fckleri ortaya \u00e7\u0131kal\u0131. O tarihten beri eski Deniz Kuvvetleri Komutan\u0131 \u00d6zden \u00d6rnek&#8217;i g\u00f6rebilen bir gazeteci yok san\u0131r\u0131m. Herkes gibi ben de g\u00f6r\u00fc\u015fmeyi birka\u00e7 kez denedim. \u00c7\u00fcnk\u00fc \u00d6zden \u00d6rnek&#8217;i merak etti\u011fim kadar kimseyi merak etmiyorum uzun zamand\u0131r. O y\u00fczden \u00dcmit Karda\u015f&#8217;la r\u00f6portaj yapmaya karar verince \u00d6zden \u00d6rnek&#8217;in avukat\u0131 Din\u00e7er Eskiyerli&#8217;yi de arad\u0131m. Belki ondan bir \u015feyler \u00f6\u011frenebilirdim. Din\u00e7er Bey &#8220;R\u00f6portaj yapmam bilgi veririm, ne \u00f6\u011frenmek istiyorsan\u0131z bana faks \u00e7ekin dedi.&#8221; Faks\u0131 \u00e7ektim. Din\u00e7er Bey arad\u0131, &#8220;Kar\u015f\u0131l\u0131kl\u0131 g\u00f6r\u00fc\u015febiliriz&#8221; dedi. Ofisinde bulu\u015ftuk. &#8220;Teybe kay\u0131t etmeyin, not al\u0131n&#8221; dedi. Kimi anlatt\u0131klar\u0131na &#8220;Bunlar kay\u0131td\u0131\u015f\u0131&#8221; dedi. Okudu\u011funuzda anlayaca\u011f\u0131n\u0131z gibi insan\u0131 \u00d6zden \u00d6rnek&#8217; merak etmekten kurtaracak hi\u00e7bir \u015fey s\u00f6ylemedi.<\/p>\n<p style=\"text-align: justify;\">G\u00fcnl\u00fckleri Nokta Dergisine kimin verdi\u011fini biliyor musunuz? Bu konuda hi\u00e7 ara\u015ft\u0131rma yapt\u0131n\u0131z m\u0131?<br \/>\nHay\u0131r, hi\u00e7 yapmad\u0131k. \u00d6yle g\u00fcnl\u00fckler olmad\u0131\u011f\u0131 i\u00e7in ara\u015ft\u0131rma da yapmad\u0131k.<\/p>\n<p style=\"text-align: justify;\">Peki hangi \u00e7\u0131lg\u0131n, 3 bin sayfa bir ba\u015fka ki\u015fi hakk\u0131nda, sanki kendi tutuyormu\u015f gibi g\u00fcnl\u00fck yazabilir ki? \u00d6zden \u00d6rnek&#8217;in g\u00fcnl\u00fc\u011f\u00fc deniyor, ad\u0131n\u0131 kim kullan\u0131yor diye merak etmediniz mi hi\u00e7?<br \/>\nMerak etmedik.<\/p>\n<p style=\"text-align: justify;\">Darbe iddialar\u0131 60 sayfal\u0131k b\u00f6l\u00fcm\u00fc. Geri kalan\u0131 neyle ilgili peki? G\u00fcnl\u00fc\u011f\u00fc mutlaka okumu\u015fsunuzdur?<br \/>\nOkudum. \u00d6zden \u00d6rnek de mutlaka okudu ki tekzip etti.<\/p>\n<p style=\"text-align: justify;\">Darbe G\u00fcnl\u00fcklerini \u00d6zden \u00d6rnek yazmam\u0131\u015ft\u0131r iddias\u0131n\u0131n en b\u00fcy\u00fck delili nedir?<br \/>\nBilgisayar \u00e7\u0131kt\u0131s\u0131 ka\u011f\u0131tlardan bahsediyoruz. El yaz\u0131s\u0131 de\u011fil. Davan\u0131n hakimi han\u0131m bile &#8220;Ben bunlar\u0131 el yaz\u0131s\u0131 sanm\u0131\u015ft\u0131m&#8221; dedi. &#8220;Ba\u015fbakan&#8217;da sureti var&#8221; dediler, Ba\u015fbakanl\u0131k &#8220;Yok&#8221; dedi. Genelkurmay soru\u015fturma a\u00e7t\u0131, i\u015flem yap\u0131lmad\u0131 gerek duymad\u0131lar \u00e7\u00fcnk\u00fc. S\u00f6yledikleri her \u015feyin tersi \u00e7\u0131kt\u0131. Benim Alper G\u00f6rm\u00fc\u015f&#8217;\u00fcn a\u00e7\u0131klamalar\u0131na hi\u00e7 itimat\u0131m yok a\u00e7\u0131k\u00e7as\u0131. Savc\u0131 Zekeriya \u00d6z&#8217;le de g\u00f6r\u00fc\u015ft\u00fc\u011f\u00fcn\u00fc sanm\u0131yorum.<\/p>\n<p style=\"text-align: justify;\">Bu \u00e7ok kolay \u00f6\u011frenebilece\u011finiz bir \u015fey de\u011fil mi peki?<br \/>\nBenim hissim bu. Gaye davay\u0131 uzatmak, g\u00fcndemde tutmak. Alper G\u00f6rm\u00fc\u015f&#8217;\u00fcn reyting iste\u011fi&#8230;<\/p>\n<p style=\"text-align: justify;\">Peki, g\u00fcnl\u00fcklerin \u00d6zden \u00d6rnek&#8217;in dosyas\u0131ndan \u00e7\u0131kt\u0131\u011f\u0131na dair rapordan haberdar m\u0131s\u0131n\u0131z? O raporu siz g\u00f6rd\u00fcn\u00fcz m\u00fc?<br \/>\n\u00d6yle bir rapor yok. &#8220;Var&#8221; diyorlar o da yalan.<\/p>\n<p style=\"text-align: justify;\">Denizcilersitesi.com adl\u0131 internet sitesi \u00d6zden \u00d6rnek&#8217;in oldu\u011funu iddia etti\u011fi g\u00fcnl\u00fc\u011f\u00fc yay\u0131nlad\u0131. Dava a\u00e7t\u0131n\u0131z. Dava nas\u0131l sonu\u00e7land\u0131?<br \/>\nTedbir karar\u0131 al\u0131nd\u0131. Yay\u0131n siteden kald\u0131r\u0131ld\u0131. Ama siteyi kapatma talebimiz reddedildi. Kar\u015f\u0131m\u0131zda bir muhatap bulamad\u0131k zaten. ABD Utah Eyaleti k\u00f6kenli bir site onu \u00f6\u011frendik. Bluehope isimli bir \u015firkete kay\u0131tl\u0131 site. Tuhaf de\u011fil mi bu sizce?<\/p>\n<p style=\"text-align: justify;\">Nokta Dergisi eski yay\u0131n y\u00f6netmeni Alper G\u00f6rm\u00fc\u015f&#8217;e de dava a\u00e7t\u0131n\u0131z. Hakaret ve iftiradan&#8230; Alper G\u00f6rm\u00fc\u015f beraat etti. Bu bize ne anlatmal\u0131?<br \/>\nBas\u0131n \u00f6zg\u00fcrl\u00fc\u011f\u00fc kapsam\u0131nda beraat verildi. Yay\u0131nlananlar\u0131n i\u00e7eri\u011finde hakaret kast\u0131 bulunamad\u0131. Adam arabayla \u00e7arpt\u0131 \u00f6ld\u00fcrd\u00fc ama \u00e7arpma kast\u0131 yoktu gibi bir \u015fey bu. Ayr\u0131ca biz \u015fikayet\u00e7i taraf\u0131z. San\u0131k de\u011filiz. San\u0131km\u0131\u015f\u0131z gibi a\u00e7\u0131klama bekleniyor. Biz hakaret davas\u0131 a\u00e7t\u0131k.<\/p>\n<p style=\"text-align: justify;\">Tazminat davas\u0131 da a\u00e7t\u0131n\u0131z ama ilgilenmedi\u011finiz i\u00e7in dava d\u00fc\u015ft\u00fc diye yazd\u0131 Alper G\u00f6rm\u00fc\u015f. Bu do\u011fru mu?<br \/>\nHakaret davas\u0131ndan beraat karar\u0131 \u00e7\u0131k\u0131nca, biz de tazminat davas\u0131n\u0131n pe\u015fini b\u0131rakt\u0131k. Manevi tazminatt\u0131. Maddi de\u011fil ayr\u0131ca.<\/p>\n<p style=\"text-align: justify;\">Ama iddia etti\u011finiz gibi m\u00fcvekkilinizin ad\u0131n\u0131 iftira atarak kulland\u0131ysa yine dava a\u00e7abilirdiniz&#8230;<br \/>\nHakaretten beraat etmi\u015f birine ne tazminat\u0131 isteyebilirsin.<\/p>\n<p style=\"text-align: justify;\">Peki. Ergenekon davas\u0131 ek iddianamesinde darbe g\u00fcnl\u00fckleri yer alacak m\u0131 sizce?<br \/>\nM\u00fcmk\u00fcn de\u011fil. \u0130ki davan\u0131n alakas\u0131 yok birbiriyle. O soru\u015fturma ile bu soru\u015fturma \u00e7ok farkl\u0131. Ergenekon&#8217;daki san\u0131klar hakk\u0131ndaki su\u00e7lama, silahl\u0131 ter\u00f6r \u00f6rg\u00fct\u00fc kurma ve y\u00f6netme.<br \/>\nT\u00fcrkiye Cumhuriyeti&#8217;ni ortadan kald\u0131rma veya g\u00f6revini yapmas\u0131n\u0131 engelleme. Soru\u015fturmalar\u0131n alakas\u0131 yok. \u0130\u00e7i\u00e7e ge\u00e7ebilecek i\u015fler de\u011fil. M\u00fcmk\u00fcn de\u011fil&#8230;\n<\/p>\n<p style=\"text-align: justify;\"><strong>G\u00fcnl\u00fc\u011f\u00fcn \u00d6rnek&#8217;in bilgisayar\u0131ndan \u00e7\u0131kt\u0131\u011f\u0131n\u0131 kan\u0131tlayan rapor bulunam\u0131yor<\/strong><\/p>\n<p style=\"text-align: justify;\">\u00d6zden \u00d6rnek&#8217;in bilgisayar\u0131ndan \u00e7\u0131kt\u0131\u011f\u0131na dair bir rapor oldu\u011fu s\u00f6yleniyor. Bu raporu siz g\u00f6rd\u00fcn\u00fcz m\u00fc?<br \/>\nO bilgisayardan \u00e7\u0131kt\u0131\u011f\u0131na dair Ergenekon soru\u015fturmas\u0131 kapsam\u0131nda bir teknik rapor oldu\u011funu biliyoruz. Dava s\u0131ras\u0131nda bu raporu istememize ra\u011fmen mahkeme bunu gerekli g\u00f6rmedi. Bu belge yok edilmeye \u00e7al\u0131\u015f\u0131l\u0131yor, ama yok edilirse sorumlusu her kimse su\u00e7 i\u015flemi\u015f olur. Ergenekon ek iddianamesi darbe giri\u015fiminden s\u00f6z edecek mi, kimleri su\u00e7layacak bilmiyoruz ama edilirse bu rapor b\u00fcy\u00fck kan\u0131t olacak.<\/p>\n<p style=\"text-align: justify;\">Peki mahkeme raporun var oldu\u011funu kabul etti ve istemeyi mi gerekli g\u00f6rmedi yoksa raporun varl\u0131\u011f\u0131n\u0131 kabul etmedi?<br \/>\nAlper&#8217;in Ergenekon Savc\u0131s\u0131 Zekeriya \u00d6z taraf\u0131ndan ifadesi al\u0131nd\u0131. G\u00fcnl\u00fckler istendi. Alper g\u00fcnl\u00fckleri onlara teslim etti. Alper&#8217;e s\u00f6ylenen b\u00f6yle bir teknik rapor oldu\u011fu. Savc\u0131 mahkeme&#8221;Bunu istesin resmi elden&#8221; demi\u015f, elden vermek istememi\u015fler. Bizim mahkeme, &#8220;Gerekli g\u00f6rm\u00fcyorum&#8221; dedi.<\/p>\n<p style=\"text-align: justify;\">G\u00fcnl\u00fckler Ergenekon davas\u0131n\u0131n kapsam\u0131nda de\u011ferlendiriliyor mu? Alper G\u00f6rm\u00fc\u015f&#8217;\u00fcn ifadesine ba\u015fvurulmas\u0131 neyi g\u00f6steriyor?<br \/>\nDarbe g\u00fcnl\u00fckleri, darbe giri\u015fiminde bulunmak isteyen komutanlar\u0131n varl\u0131\u011f\u0131n\u0131 g\u00f6steriyor. Fakat baz\u0131lar\u0131 emekli olduktan sonra da durmuyor. \u015eener Eruygur bu ama\u00e7tan vazge\u00e7miyor. Zemin yaratma durumunda \u00e7al\u0131\u015fmalar\u0131na devam ediyor. Savc\u0131 i\u015fi hangi tarihten, nereden ba\u015flatacak bilmiyoruz. Darbe g\u00fcnl\u00fcklerini esas alsayd\u0131, ifadesi al\u0131nmas\u0131 gereken \u00e7ok ki\u015fi vard\u0131. \u00d6zden \u00d6rnek, o d\u00f6nemki kuvvet komutanlar\u0131, Hilmi \u00d6zk\u00f6k. Davada biz tan\u0131kl\u0131k istedik ama hakim buna giremedi. Dinlenmesini istedi\u011fimiz gazeteciler de vard\u0131. G\u00fcnl\u00fcklerin varl\u0131\u011f\u0131 hakk\u0131nda yaz\u0131 yazan Hasan Cemal, Enis Berbero\u011flu, Murat Yetkin gibi. Abdullah G\u00fcl&#8217;\u00fcn Hasan Cemal&#8217;e a\u00e7\u0131klamas\u0131 var.\n<\/p>\n<p style=\"text-align: justify;\">\n<p style=\"text-align: justify;\"><strong>AKP Ergenekon&#8217;un arkas\u0131nda duruyormu\u015f gibi yap\u0131yor<\/strong><\/p>\n<p style=\"text-align: justify;\">\u0130spat hakk\u0131 talebiniz kabul edilirse Abdullah G\u00fcl&#8217;\u00fcn, Tayyip Erdo\u011fan&#8217;\u0131n, Hilmi \u00d6zk\u00f6k&#8217;\u00fcn tan\u0131k olarak mahkemeye gelmesi gerekecek mi?<br \/>\nKonu\u015fsalar demokrasiye ge\u00e7isin simgesi olurlar. Ba\u015fbakanl\u0131k&#8217;tan g\u00fcnl\u00fckleri talep ettik, &#8220;Yok&#8221; dedi Ba\u015fbakanl\u0131k. Zaten bunu dedirtmek i\u00e7in istedim. Bilmemeleri m\u00fcmk\u00fcn m\u00fc? Mutlaka var onlarda ama &#8220;Bizde yok&#8221; diyorlar. Ayr\u0131ca Yarg\u0131tay&#8217;dan da \u00e7ok umutlu de\u011filim ispat hakk\u0131 konusunda. Davay\u0131 b\u00f6yle bitirmek isteyebilirler.<\/p>\n<p style=\"text-align: justify;\">Ergenekon davas\u0131 kapsam\u0131nda muvazzaf subaylar tutukland\u0131. Bu \u00f6nemli bir ad\u0131m m\u0131?<br \/>\nM\u0131zra\u011f\u0131n \u00e7uvala s\u0131\u011fmad\u0131\u011f\u0131 art\u0131k \u00e7ok a\u00e7\u0131k. Silahl\u0131 Kuvvetler istihbarat\u0131yla adeta personelinin solu\u011funu dinleyebiliyor. Her sene Y\u00fcksek Askeri \u015eura karar\u0131yla e\u015fi ba\u015f\u00f6rt\u00fcl\u00fc, irticac\u0131 adamlar\u0131 at\u0131yor. Bu kadar silahlar gelmi\u015f silahlar gitmi\u015f, faili me\u00e7hul infazlar var. TSK&#8217;n\u0131n bundan bihaber olmas\u0131 m\u00fcmk\u00fcn m\u00fc? Onlar\u0131 ordudan atm\u0131yor ama \u00e7\u00fcnk\u00fc bunu su\u00e7 saym\u0131yor. \u0130\u015fler bu kadar a\u00e7\u0131\u011fa \u00e7\u0131km\u0131\u015fken birilerini verecek tabii.<\/p>\n<p style=\"text-align: justify;\">AKP Ergenekon davas\u0131n\u0131n arkas\u0131nda durabiliyor mu?<br \/>\nDuruyormu\u015f gibi yap\u0131yor. Davaya 1. s\u0131n\u0131f \u00fc\u00e7 yeni savc\u0131 atand\u0131. Savc\u0131 \u00d6z&#8217;\u00fcn de 1. s\u0131n\u0131fa terfi ettirilmedi\u011fini biliyoruz. Ba\u015fsavc\u0131 vekiline ba\u011fl\u0131 olarak \u00e7al\u0131\u015facaklar. Koordinasyon nas\u0131l olacak? Ba\u015fsavc\u0131l\u0131k ne kadar iyi niyet ta\u015f\u0131yacak. Bu davan\u0131n \u00fcst\u00fcnde askeri b\u00fcrokrasinin b\u00fcy\u00fck bask\u0131s\u0131 var. Ergenekon soru\u015fturmas\u0131 AKP&#8217;nin k\u00f6\u015feye s\u0131k\u0131\u015ft\u0131r\u0131lmas\u0131yla, siyasi muktedir olmaktan \u00e7\u0131kar\u0131lmak istenmesi durumuyla alakal\u0131 y\u00fcr\u00fcyor. Bir uzla\u015fma mutlaka var.\n<\/p>\n<p style=\"text-align: justify;\"><strong>K\u0131vr\u0131ko\u011flu-Ba\u015fbu\u011f g\u00f6r\u00fc\u015fmesi mesajd\u0131<\/strong><\/p>\n<p style=\"text-align: justify;\">H\u00fck\u00fcmetle asker uzla\u015fmak i\u00e7in masaya oturdu\u011funda, birbirlerine kar\u015f\u0131 kulland\u0131klar\u0131 kozlar neler?<br \/>\nDevlet rantlar\u0131n merkezden da\u011f\u0131t\u0131ld\u0131\u011f\u0131 bir yer. B\u00fcy\u00fck \u00e7\u0131karlar, imtiyazlar var. Orgeneraller emekli oldu\u011funda Orgeneral gibi ya\u015famaya devam ediyor. Orduevlerinde daire, araba, emrine askerler veriliyor. Demokrasilerde bu olmaz. Bunlar k\u00fc\u00e7\u00fcmsenecek \u015feyler de\u011fil. Siyasi iktidar\u0131n imtiyazlar\u0131 ba\u015fka. Dolay\u0131s\u0131yla herkesin a\u00e7\u0131\u011f\u0131 var. Birbirlerine kar\u015f\u0131 bunlar\u0131 g\u00fc\u00e7 olarak kullan\u0131yor. Bu g\u00fcc\u00fcn s\u0131n\u0131r\u0131n\u0131 da d\u0131\u015f dinamikler belirliyor. Bu uzla\u015fma ve bu dengelerle rejimi demokrasiye \u00e7evirmek m\u00fcmk\u00fcn de\u011fil.\n<\/p>\n<p style=\"text-align: justify;\"><strong>Birbirlerine hangi s\u0131n\u0131ra kadar dokunabiliyorlar?<\/strong><\/p>\n<p style=\"text-align: justify;\">Tuncer K\u0131l\u0131n\u00e7&#8217;\u0131n al\u0131nmas\u0131nda Genelkurmay ayakland\u0131. Ba\u015fbakan ve Cumhurba\u015fkan\u0131&#8217;yla g\u00f6r\u00fc\u015ft\u00fc ve Tuncer K\u0131l\u0131n\u00e7 sal\u0131verildi. Bu soru i\u015fareti b\u0131rak\u0131yor. Soru\u015fturman\u0131n \u00fczerinde \u015faibe oldu\u011funu g\u00f6steriyor. \u00dcstelik bundan sonra daha da vahim bir geli\u015fme oldu, her per\u015fembe Ba\u015fbakan ve Genelkurmay Ba\u015fkan\u0131 toplant\u0131 yapacak. Bu resmen bir erke ortak olmak. D\u0131\u015f g\u00fcvenlik sorunlar\u0131n\u0131 m\u0131 konu\u015facaklar. Tabii hay\u0131r. S\u0131n\u0131rlar\u0131 s\u00fcrekli hat\u0131rlatma. Bu \u00e7ok vahim bir durum. Fazla bir anlam\u0131 var. Ba\u015fbakanla Genelkurmay Ba\u015fkan\u0131 bir araya gelip toplumun gelece\u011fi hakk\u0131nda kararlar al\u0131yor. Bunun neresi demokrasi. Askerin s\u0131n\u0131rlar\u0131 tayin etti\u011fi \u00e7ok a\u00e7\u0131k.<\/p>\n<p style=\"text-align: justify;\">K\u0131vr\u0131ko\u011flu&#8217;nun ad\u0131n\u0131n \u00e7ok an\u0131ld\u0131\u011f\u0131 ama ortada hi\u00e7 olmad\u0131\u011f\u0131 bir d\u00f6nemde birden \u0130lker Ba\u015fbu\u011f&#8217;la g\u00f6r\u00fc\u015fmesi ne manaya geliyor?<br \/>\nK\u0131vr\u0131ko\u011flu&#8217;nun Ba\u015fbu\u011f ziyreti enterasan bir mesaj. K\u0131vr\u0131ko\u011flu zaman\u0131 Genelkurmay&#8217;\u0131n en sert oldu\u011fu d\u00f6nemdi. S\u00fcrekli deme\u00e7 verirdi. Siyasete m\u00fcdahalenin zirve noktas\u0131d\u0131r. S\u0131n\u0131r buraya kadar dediler bu resmi vererek bence. \u0130ntihar eden albay Abd\u00fclkerim K\u0131rca&#8217;da da durum ayn\u0131. Kendisine su\u00e7 istinat edilen bir ki\u015fi, J\u0130TEM&#8217;in uygulamalar\u0131yla bilinen, g\u00f6revsizlik kararlar\u0131na da bakt\u0131m bir\u00e7ok adam \u00f6ld\u00fcrmede faili me\u00e7hul davada san\u0131k olarak bir\u00e7ok ki\u015fiyle birlikte g\u00f6z\u00fck\u00fcyor. Bu kadar vahim iddialar alt\u0131ndaki bir insan\u0131n cenazesinde toplu olarak g\u00f6vde g\u00f6sterisi yapt\u0131. Bu zihniyete kurumlar nezdinde sahip \u00e7\u0131k\u0131lmas\u0131, devletin \u00e7\u00f6kme noktas\u0131nda oldu\u011funu g\u00f6steriyor. B\u00f6yle bir devlet organizasyonu olmaz. B\u00f6yle zihniyet olmaz. Buna devlet de denmez. Asker parlementonun \u00fczerinde olamaz. T\u00fcrkiye \u00e7ok kritik bir noktada.\n<\/p>\n<p style=\"text-align: justify;\"><span style=\"color: #888888;\">Sanem Altan \/Vatan Gazetesi<\/span><\/p>\n","protected":false},"excerpt":{"rendered":"<p style=\"text-align: center;\">\n<p style=\"text-align: justify;\">2007&#8217;de Nokta&#8217;da yay\u0131nlanan \u00d6zden \u00d6rnek&#8217;in g\u00fcnl\u00fc\u011f\u00fc derginin kapanmas\u0131na neden oldu<\/p>\n<p style=\"text-align: justify;\">Darbe g\u00fcnl\u00fc\u011f\u00fc ise tart\u0131\u015f\u0131lmaya devam ediyor. Derginin eski yay\u0131n y\u00f6netmeni Alper G\u00f6rm\u00fc\u015f&#8217;\u00fcn avukat\u0131 emekli askeri hakim \u00dcmit Karda\u015f, Ergenekon&#8217;dan devlet asker ili\u015fkisine kadar bir\u00e7ok konuda \u00e7ok tart\u0131\u015f\u0131lacak iddialarda bulundu.<\/p>\n<p style=\"text-align: justify;\">Ge\u00e7en g\u00fcn Alper G\u00f6rm\u00fc\u015f Taraf gazetesinde, Eski <\/p>\n","protected":false},"author":1,"featured_media":0,"comment_status":"open","ping_status":"closed","sticky":false,"template":"","format":"standard","meta":{"footnotes":""},"categories":[105],"tags":[],"class_list":["post-3140","post","type-post","status-publish","format-standard","hentry","category-gundem","odd"],"_links":{"self":[{"href":"http:\/\/www.korhanyilmaz.com\/index.php?rest_route=\/wp\/v2\/posts\/3140","targetHints":{"allow":["GET"]}}],"collection":[{"href":"http:\/\/www.korhanyilmaz.com\/index.php?rest_route=\/wp\/v2\/posts"}],"about":[{"href":"http:\/\/www.korhanyilmaz.com\/index.php?rest_route=\/wp\/v2\/types\/post"}],"author":[{"embeddable":true,"href":"http:\/\/www.korhanyilmaz.com\/index.php?rest_route=\/wp\/v2\/users\/1"}],"replies":[{"embeddable":true,"href":"http:\/\/www.korhanyilmaz.com\/index.php?rest_route=%2Fwp%2Fv2%2Fcomments&post=3140"}],"version-history":[{"count":0,"href":"http:\/\/www.korhanyilmaz.com\/index.php?rest_route=\/wp\/v2\/posts\/3140\/revisions"}],"wp:attachment":[{"href":"http:\/\/www.korhanyilmaz.com\/index.php?rest_route=%2Fwp%2Fv2%2Fmedia&parent=3140"}],"wp:term":[{"taxonomy":"category","embeddable":true,"href":"http:\/\/www.korhanyilmaz.com\/index.php?rest_route=%2Fwp%2Fv2%2Fcategories&post=3140"},{"taxonomy":"post_tag","embeddable":true,"href":"http:\/\/www.korhanyilmaz.com\/index.php?rest_route=%2Fwp%2Fv2%2Ftags&post=3140"}],"curies":[{"name":"wp","href":"https:\/\/api.w.org\/{rel}","templated":true}]}}