{"id":31397,"date":"2011-04-30T20:07:43","date_gmt":"2011-04-30T17:07:43","guid":{"rendered":"http:\/\/www.korhanyilmaz.com\/?p=31397"},"modified":"2011-04-30T20:07:43","modified_gmt":"2011-04-30T17:07:43","slug":"hangi-gerekceyle-durdurdu-merak-ediyoruz","status":"publish","type":"post","link":"http:\/\/www.korhanyilmaz.com\/?p=31397","title":{"rendered":"&#8220;Hangi gerek\u00e7eyle durdurdu merak ediyoruz&#8221;"},"content":{"rendered":"<div id=\"attachment_31399\" style=\"width: 367px\" class=\"wp-caption aligncenter\"><a href=\"http:\/\/www.korhanyilmaz.com\/wp-content\/uploads\/2011\/04\/1011.jpg\"  class=\"lightview\"><img loading=\"lazy\" decoding=\"async\" aria-describedby=\"caption-attachment-31399\" class=\"size-full wp-image-31399\" src=\"http:\/\/www.korhanyilmaz.com\/wp-content\/uploads\/2011\/04\/1011.jpg\" alt=\"\" width=\"357\" height=\"238\" \/><\/a><p id=\"caption-attachment-31399\" class=\"wp-caption-text\">CHP Genel Ba\u015fkan Yard\u0131mc\u0131s\u0131 G\u00fcrsel Tekin - AR\u015e\u0130V -<\/p><\/div>\n<p style=\"text-align: justify;\">CHP Genel Ba\u015fkan Yard\u0131mc\u0131s\u0131 G\u00fcrsel Tekin, Sa\u011fl\u0131k Bakan\u0131 Recep Akda\u011f&#8217;\u0131n Van&#8217;da y\u00fcr\u00fct\u00fclen bir yolsuzluk soru\u015fturmas\u0131na m\u00fcdahale etti\u011fini ileri s\u00fcrerek, &#8221;Bir soru\u015fturma yap\u0131l\u0131rken sa\u011fl\u0131k bakan\u0131n\u0131n hangi gerek\u00e7elerle bu soru\u015fturman\u0131n durdurulmas\u0131n\u0131 istedi\u011fini merak ediyoruz. Herhalde say\u0131n sa\u011fl\u0131k bakan\u0131m\u0131z bu konuyla ilgili a\u00e7\u0131klama yapar&#8221; dedi.<!--more--><\/p>\n<p style=\"text-align: justify;\">Sultangazi&#8217;deki 75. Y\u0131l Mahallesi se\u00e7im irtibat b\u00fcrosunun a\u00e7\u0131l\u0131\u015f\u0131ndan sonra bas\u0131n mensuplar\u0131na a\u00e7\u0131klama yapan Tekin, d\u00fcn genel ba\u015fkanlar\u0131 Kemal K\u0131l\u0131\u00e7daro\u011flu&#8217;nun bir televizyon program\u0131nda ihale yolsuzlu\u011fuyla ilgili bir belge oldu\u011funu s\u00f6yledi\u011fini belirterek, kendisinin de bu belgeyi kamuoyuyla payla\u015fmak istedi\u011fini kaydetti.<\/p>\n<p style=\"text-align: justify;\">Tekin, Van&#8217;daki sa\u011fl\u0131k kurulu\u015flar\u0131nda yap\u0131lan ihale yolsuzlu\u011fundan dolay\u0131 tayin edilen m\u00fcfetti\u015flerin haz\u0131rlad\u0131klar\u0131 rapor do\u011frultusunda tefti\u015f kurulu ba\u015fkan\u0131n\u0131n savc\u0131l\u0131\u011fa yaz\u0131 yazd\u0131\u011f\u0131n\u0131 ifade ederek, &#8221;Savc\u0131l\u0131\u011fa yaz\u0131 yaz\u0131ld\u0131ktan bir g\u00fcn sonra say\u0131n bakan yaz\u0131 yaz\u0131yor ve diyor ki &#8216;derhal o soru\u015fturmay\u0131 durdurun, ben yeni m\u00fcfetti\u015f tayin edece\u011fim&#8217;. Belgeler burada. Say\u0131n bakan\u0131n kendi imzas\u0131 var&#8221; \u015feklinde konu\u015ftu.<\/p>\n<p style=\"text-align: justify;\">Savc\u0131l\u0131\u011f\u0131n bu konuda nas\u0131l bir i\u015flem yapt\u0131\u011f\u0131n\u0131 merak etti\u011fini dile getiren Tekin, &#8221;Bir soru\u015fturma yap\u0131l\u0131rken sa\u011fl\u0131k bakan\u0131n\u0131n hangi gerek\u00e7elerle bu soru\u015fturman\u0131n durdurulmas\u0131n\u0131 istedi\u011fini merak ediyoruz. Herhalde say\u0131n sa\u011fl\u0131k bakan\u0131m\u0131z bu konuyla ilgili a\u00e7\u0131klama yapar&#8221; ifadesini kulland\u0131.<\/p>\n<p style=\"text-align: justify;\">Tekin, dosyan\u0131n i\u00e7eri\u011fini de merak ettiklerini belirterek, &#8221;Kayseri&#8217;de merak etti\u011fimiz gibi. Genel ba\u015fkan\u0131m\u0131z\u0131n a\u00e7\u0131klad\u0131\u011f\u0131 camilerin tadilatlar\u0131ndaki yolsuzluklar ne oldu? Bunlar\u0131n hepsi s\u00fcmenalt\u0131 m\u0131 oluyor? Hepsini sormak bizim g\u00f6revimizdir. Umuyorum say\u0131n ba\u015fbakan ve yetkililer bu konuda a\u00e7\u0131klama yapacakt\u0131r&#8221; dedi.<\/p>\n<p style=\"text-align: justify;\">Ba\u015fbakan Recep Tayyip Erdo\u011fan&#8217;\u0131n eski Ankara Ticaret Odas\u0131 (ATO) Ba\u015fkan\u0131, CHP milletvekili aday\u0131 Sinan Ayg\u00fcn&#8217;e ili\u015fkin a\u00e7\u0131klamalar\u0131na y\u00f6nelik bir soru \u00fczerine de Tekin, &#8221;Say\u0131n milletvekili aday\u0131m\u0131z a\u00e7\u0131klamay\u0131 yapt\u0131. O d\u00f6nem ekonomik krizden dolay\u0131 \u00f6yle bir yola ba\u015fvurduklar\u0131n\u0131 s\u00f6yledi. O belge falan de\u011fildir&#8221; dedi.<\/p>\n<p style=\"text-align: justify;\">Bas\u0131n mensuplar\u0131na, yolsuzluk iddialar\u0131na ili\u015fkin belgeler da\u011f\u0131t\u0131ld\u0131.<\/p>\n<p style=\"text-align: justify;\"><a href=\"http:\/\/www.gazeteport.com.tr\/SIYASET\/NEWS\/GP_896989\" target=\"_blank\">Kaynak : GAZETEPORT<\/a><\/p>\n","protected":false},"excerpt":{"rendered":"<p id=\"caption-attachment-31399\" class=\"wp-caption-text\">CHP Genel Ba\u015fkan Yard\u0131mc\u0131s\u0131 G\u00fcrsel Tekin &#8211; AR\u015e\u0130V &#8211;<\/p>\n<p style=\"text-align: justify;\">CHP Genel Ba\u015fkan Yard\u0131mc\u0131s\u0131 G\u00fcrsel Tekin, Sa\u011fl\u0131k Bakan\u0131 Recep Akda\u011f&#8217;\u0131n Van&#8217;da y\u00fcr\u00fct\u00fclen bir yolsuzluk soru\u015fturmas\u0131na m\u00fcdahale etti\u011fini ileri s\u00fcrerek, &#8221;Bir soru\u015fturma yap\u0131l\u0131rken sa\u011fl\u0131k bakan\u0131n\u0131n hangi gerek\u00e7elerle bu soru\u015fturman\u0131n durdurulmas\u0131n\u0131 istedi\u011fini merak ediyoruz. Herhalde say\u0131n sa\u011fl\u0131k bakan\u0131m\u0131z bu konuyla ilgili a\u00e7\u0131klama yapar&#8221; dedi.<\/p>\n","protected":false},"author":1,"featured_media":0,"comment_status":"open","ping_status":"closed","sticky":false,"template":"","format":"standard","meta":{"footnotes":""},"categories":[105],"tags":[],"class_list":["post-31397","post","type-post","status-publish","format-standard","hentry","category-gundem","odd"],"_links":{"self":[{"href":"http:\/\/www.korhanyilmaz.com\/index.php?rest_route=\/wp\/v2\/posts\/31397","targetHints":{"allow":["GET"]}}],"collection":[{"href":"http:\/\/www.korhanyilmaz.com\/index.php?rest_route=\/wp\/v2\/posts"}],"about":[{"href":"http:\/\/www.korhanyilmaz.com\/index.php?rest_route=\/wp\/v2\/types\/post"}],"author":[{"embeddable":true,"href":"http:\/\/www.korhanyilmaz.com\/index.php?rest_route=\/wp\/v2\/users\/1"}],"replies":[{"embeddable":true,"href":"http:\/\/www.korhanyilmaz.com\/index.php?rest_route=%2Fwp%2Fv2%2Fcomments&post=31397"}],"version-history":[{"count":0,"href":"http:\/\/www.korhanyilmaz.com\/index.php?rest_route=\/wp\/v2\/posts\/31397\/revisions"}],"wp:attachment":[{"href":"http:\/\/www.korhanyilmaz.com\/index.php?rest_route=%2Fwp%2Fv2%2Fmedia&parent=31397"}],"wp:term":[{"taxonomy":"category","embeddable":true,"href":"http:\/\/www.korhanyilmaz.com\/index.php?rest_route=%2Fwp%2Fv2%2Fcategories&post=31397"},{"taxonomy":"post_tag","embeddable":true,"href":"http:\/\/www.korhanyilmaz.com\/index.php?rest_route=%2Fwp%2Fv2%2Ftags&post=31397"}],"curies":[{"name":"wp","href":"https:\/\/api.w.org\/{rel}","templated":true}]}}