{"id":31393,"date":"2011-04-30T19:27:42","date_gmt":"2011-04-30T16:27:42","guid":{"rendered":"http:\/\/www.korhanyilmaz.com\/?p=31393"},"modified":"2011-04-30T19:27:42","modified_gmt":"2011-04-30T16:27:42","slug":"chp-o-belgeyi-acikladi","status":"publish","type":"post","link":"http:\/\/www.korhanyilmaz.com\/?p=31393","title":{"rendered":"CHP o belgeyi a\u00e7\u0131klad\u0131"},"content":{"rendered":"<p style=\"text-align: justify;\"><a href=\"http:\/\/www.korhanyilmaz.com\/wp-content\/uploads\/2011\/04\/0991.jpg\"  class=\"lightview\"><img loading=\"lazy\" decoding=\"async\" class=\"aligncenter size-full wp-image-31394\" src=\"http:\/\/www.korhanyilmaz.com\/wp-content\/uploads\/2011\/04\/0991.jpg\" alt=\"\" width=\"420\" height=\"210\" \/><\/a><\/p>\n<p style=\"text-align: justify;\">CHP \u0130leti\u015fim Koordinat\u00f6rl\u00fc\u011f\u00fc, CHP Genel Ba\u015fkan\u0131 Kemal K\u0131l\u0131\u00e7daro\u011flu\u2019nun, Sa\u011fl\u0131k Bakan\u0131 Recep Akda\u011f\u2019\u0131n Van\u2019daki bir yolsuzluk soru\u015fturmas\u0131n\u0131 durdurdu\u011funa ili\u015fkin iddias\u0131n\u0131n belgesini a\u00e7\u0131klad\u0131. <!--more--><\/p>\n<p style=\"text-align: justify;\">CHP taraf\u0131ndan a\u00e7\u0131klanan belgeye g\u00f6re, Sa\u011fl\u0131k Bakan\u0131 Recep Akda\u011f&#8217;\u0131n, Tefti\u015f Kurulu Ba\u015fkanl\u0131\u011f\u0131\u2019na g\u00f6nderdi\u011fi yaz\u0131da, \u201cSu\u00e7 Duyurusu Raporunun ivedilikle durdurulmas\u0131, konunun ba\u015fka m\u00fcfetti\u015flerce inceleme ve soru\u015fturmas\u0131n\u0131n yap\u0131lmas\u0131\u201d isteniyor.<\/p>\n<p style=\"text-align: justify;\">ANKARA &#8211; CHP \u0130leti\u015fim Koordinat\u00f6rl\u00fc\u011f\u00fc, CHP Genel Ba\u015fkan\u0131 Kemal K\u0131l\u0131\u00e7daro\u011flu\u2019nun, Sa\u011fl\u0131k Bakan\u0131 Recep Akda\u011f\u2019\u0131n Van\u2019daki bir yolsuzluk soru\u015fturmas\u0131n\u0131 durdurdu\u011funa ili\u015fkin iddias\u0131n\u0131n belgesini a\u00e7\u0131klad\u0131. CHP taraf\u0131ndan a\u00e7\u0131klanan belgeye g\u00f6re, Sa\u011fl\u0131k Bakan\u0131 Recep Akda\u011f&#8217;\u0131n, Tefti\u015f Kurulu Ba\u015fkanl\u0131\u011f\u0131\u2019na g\u00f6nderdi\u011fi yaz\u0131da, \u201cSu\u00e7 Duyurusu Raporunun ivedilikle durdurulmas\u0131, konunun ba\u015fka m\u00fcfetti\u015flerce inceleme ve soru\u015fturmas\u0131n\u0131n yap\u0131lmas\u0131\u201d isteniyor.<\/p>\n<p style=\"text-align: justify;\">CHP \u0130leti\u015fim Koordinat\u00f6rl\u00fc\u011f\u00fc taraf\u0131ndan yap\u0131lan yaz\u0131l\u0131 a\u00e7\u0131klamada, iki belge a\u00e7\u0131kland\u0131. Birinci belgede, \u201cVan\u2019daki yolsuzlukla ilgili olarak Sa\u011fl\u0131k Bakan\u0131\u2019ndan yarg\u0131ya m\u00fcdahalenin belgesi\u201d yer ald\u0131\u011f\u0131 ifade edildi. \u0130kinci belgede de, \u201cSa\u011fl\u0131k Bakanl\u0131\u011f\u0131 Tefti\u015f Kurulu\u2019nun, Bakan emrini g\u00f6ndererek Ba\u015fsavc\u0131\u2019ya iletti\u011fi talimat\u0131n belgesi\u201d oldu\u011fu ifade edildi.<\/p>\n<p style=\"text-align: justify;\"><strong>KILI\u00c7DARO\u011eLU A\u00c7IKLAMI\u015eTI<\/strong><\/p>\n<p style=\"text-align: justify;\">A\u00e7\u0131klamada, CHP Genel Ba\u015fkan\u0131\u2019n\u0131n d\u00fcn ak\u015fam CNN T\u00fcrk\u2019te canl\u0131 yay\u0131n\u0131nda Van\u2019da sa\u011fl\u0131k hizmetlerinde yolsuzluk oldu\u011funu a\u00e7\u0131klad\u0131\u011f\u0131 ve bu yolsuzlu\u011fun soru\u015fturulmas\u0131n\u0131 Sa\u011fl\u0131k Bakan\u0131 Recep Akda\u011f\u2019\u0131n engelledi\u011fini belirtti\u011fi ifade edilerek, \u015f\u00f6yle denildi:<\/p>\n<p style=\"text-align: justify;\">\u201cGenel Ba\u015fkan K\u0131l\u0131\u00e7daro\u011flu\u2019nun g\u00fcndeme getirdi\u011fi Van\u2019daki sa\u011fl\u0131k kurulu\u015flar\u0131nda yap\u0131lan ihale yolsuzluklar\u0131, bakanl\u0131k m\u00fcfetti\u015fleri Ali Keskin ve Birol Ta\u015fdemir taraf\u0131ndan incelendi. M\u00fcfetti\u015fler Ali Keskin ve Birol Ta\u015fdemir 4 rapor haz\u0131rlad\u0131.<\/p>\n<p style=\"text-align: justify;\">M\u00fcfetti\u015flerin haz\u0131rlad\u0131\u011f\u0131 26 Ocak 2011 tarihli Disiplin Soru\u015fturma Raporu, Tevdi Raporu, Tazmin Raporu ve su\u00e7 duyurusu 15 \u015eubat 2011 tarihinde Sa\u011fl\u0131k Bakanl\u0131\u011f\u0131 Tefti\u015f Kurulu Ba\u015fkanl\u0131\u011f\u0131\u2019nca Van Cumhuriyet Ba\u015fsavc\u0131l\u0131\u011f\u0131\u2019na g\u00f6nderildi.<\/p>\n<p style=\"text-align: justify;\">Sa\u011fl\u0131k Bakanl\u0131\u011f\u0131 Tefti\u015f Kurulu\u2019nun m\u00fcfetti\u015f raporlar\u0131n\u0131 Van Cumhuriyet Ba\u015fsavc\u0131l\u0131\u011f\u0131\u2019na g\u00f6ndermesinden sonra devreye Sa\u011fl\u0131k Bakan\u0131 Recep Akda\u011f girdi.<\/p>\n<p style=\"text-align: justify;\">Bakan Akda\u011f, Tefti\u015f Kurulu Ba\u015fkanl\u0131\u011f\u0131\u2019n\u0131n 15 \u015eubat 2011 tarihli savc\u0131l\u0131\u011fa sevk yaz\u0131s\u0131ndan 6 g\u00fcn sonra, 21 \u015fubat 2011 tarihli ve 63 s\u0131ra numaral\u0131 yaz\u0131s\u0131 ile bu raporlar\u0131n ivedilikle durdurulmas\u0131 istedi.<\/p>\n<p style=\"text-align: justify;\">Bakan Akda\u011f\u2019\u0131n emir niteli\u011findeki yaz\u0131s\u0131 \u00fczerine Sa\u011fl\u0131k Kurulu Tefti\u015f Kurulu Ba\u015fkanl\u0131\u011f\u0131\u2019da 24 \u015eubat 2011 tarihinde Van Cumhuriyet Ba\u015fsavc\u0131l\u0131\u011f\u0131\u2019na bakanl\u0131k talimat\u0131n\u0131 iletti.<\/p>\n<p style=\"text-align: justify;\">Genel Ba\u015fkan Kemal K\u0131l\u0131\u00e7daro\u011flu\u2019nun, Bakan Akda\u011f\u2019\u0131n a\u00e7\u0131klamas\u0131n\u0131 bekliyorum dedi\u011fi, ancak Bakan Akda\u011f\u2019\u0131n sessizli\u011fi se\u00e7ti\u011fi yolsuzlu\u011fu soru\u015fturma ve yarg\u0131ya m\u00fcdahale talimat\u0131n\u0131 bilgilerinize sunuyoruz.\u201d<\/p>\n<p style=\"text-align: justify;\"><strong>BAKAN AKDA\u011e \u0130MZALI BELGE<\/strong><\/p>\n<p style=\"text-align: justify;\">CHP \u0130leti\u015fim Koordinat\u00f6rl\u00fc\u011f\u00fc taraf\u0131ndan g\u00f6nderilen Sa\u011fl\u0131k Bakan\u0131 Recep Akda\u011f\u2019\u0131n, Tefti\u015f Kurulu Ba\u015fkanl\u0131\u011f\u0131\u2019na g\u00f6nderilen, 21 \u015eubat 2011 tarihli \u201ctefti\u015f\u201d konulu yaz\u0131 \u015f\u00f6yle:<\/p>\n<p style=\"text-align: justify;\">&#8220;Van ili Sa\u011fl\u0131k Kurum ve Kurulu\u015flar\u0131nca yap\u0131lan ihalelerle ilgili olarak Bakanl\u0131\u011f\u0131m\u0131z M\u00fcfetti\u015fleri Ali Keskin ve Birol Ta\u015fdemir taraf\u0131ndan d\u00fczenlenen 26\/01\/2011 tarihli ve 107\/1, 116\/1 say\u0131l\u0131 Disiplin Soru\u015fturma Raporu, 107\/02, 116\/02 say\u0131l\u0131 Tazmin Raporu, 107\/03, 116\/03 say\u0131l\u0131 Tevdi Raporu ile 107\/04, 116\/04 say\u0131l\u0131 Su\u00e7 Duyurusu Raporunun ivedilikle durdurulmas\u0131, konunun ba\u015fka m\u00fcfetti\u015flerce inceleme ve soru\u015fturmas\u0131n\u0131n yap\u0131lmas\u0131n\u0131 \u00f6nemle rica ederim.\u201d<\/p>\n<p style=\"text-align: justify;\"><strong>TEFT\u0130\u015e KURULU BA\u015eKANLI\u011eI\u2019NDAN VAN CUMHUR\u0130YET SAVCILI\u011eINA G\u00d6NDER\u0130LEN YAZI<\/strong><\/p>\n<p style=\"text-align: justify;\">Tefti\u015f Kurulu Ba\u015fkanl\u0131\u011f\u0131 taraf\u0131ndan Van Cumhuriyet Ba\u015fsavc\u0131l\u0131\u011f\u0131na 24 \u015eubat 2011 tarihli g\u00f6nderilen yaz\u0131 \u015f\u00f6yle:<\/p>\n<p style=\"text-align: justify;\">&#8220;\u0130lgi: 15\/02\/2011 tarihli ve B.10.0.TKB.0.00.01.00-662-01\/2010-01-(176-237)\/1803 say\u0131l\u0131 yaz\u0131m\u0131z.<\/p>\n<p style=\"text-align: justify;\">\u0130lgi yaz\u0131 ekinde bulunan raporla ilgili olarak Bakanl\u0131k Makam\u0131n\u0131n 21\/02\/2011 tarihli ve B.l0.0.MUS.00.00.00.0\/63 say\u0131l\u0131 yaz\u0131s\u0131 ili\u015fikte g\u00f6nderilmi\u015ftir. Bilgilerinizi ve gere\u011fini arz ederim.\u201d<\/p>\n<p style=\"text-align: justify;\"><a href=\"http:\/\/www.gazeteport.com.tr\/SIYASET\/NEWS\/GP_896982\" target=\"_blank\">Kaynak : GAZETEPORT<\/a><\/p>\n","protected":false},"excerpt":{"rendered":"<p style=\"text-align: justify;\">\n<p style=\"text-align: justify;\">CHP \u0130leti\u015fim Koordinat\u00f6rl\u00fc\u011f\u00fc, CHP Genel Ba\u015fkan\u0131 Kemal K\u0131l\u0131\u00e7daro\u011flu\u2019nun, Sa\u011fl\u0131k Bakan\u0131 Recep Akda\u011f\u2019\u0131n Van\u2019daki bir yolsuzluk soru\u015fturmas\u0131n\u0131 durdurdu\u011funa ili\u015fkin iddias\u0131n\u0131n belgesini a\u00e7\u0131klad\u0131. <\/p>\n","protected":false},"author":1,"featured_media":0,"comment_status":"open","ping_status":"closed","sticky":false,"template":"","format":"standard","meta":{"footnotes":""},"categories":[105],"tags":[],"class_list":["post-31393","post","type-post","status-publish","format-standard","hentry","category-gundem","odd"],"_links":{"self":[{"href":"http:\/\/www.korhanyilmaz.com\/index.php?rest_route=\/wp\/v2\/posts\/31393","targetHints":{"allow":["GET"]}}],"collection":[{"href":"http:\/\/www.korhanyilmaz.com\/index.php?rest_route=\/wp\/v2\/posts"}],"about":[{"href":"http:\/\/www.korhanyilmaz.com\/index.php?rest_route=\/wp\/v2\/types\/post"}],"author":[{"embeddable":true,"href":"http:\/\/www.korhanyilmaz.com\/index.php?rest_route=\/wp\/v2\/users\/1"}],"replies":[{"embeddable":true,"href":"http:\/\/www.korhanyilmaz.com\/index.php?rest_route=%2Fwp%2Fv2%2Fcomments&post=31393"}],"version-history":[{"count":0,"href":"http:\/\/www.korhanyilmaz.com\/index.php?rest_route=\/wp\/v2\/posts\/31393\/revisions"}],"wp:attachment":[{"href":"http:\/\/www.korhanyilmaz.com\/index.php?rest_route=%2Fwp%2Fv2%2Fmedia&parent=31393"}],"wp:term":[{"taxonomy":"category","embeddable":true,"href":"http:\/\/www.korhanyilmaz.com\/index.php?rest_route=%2Fwp%2Fv2%2Fcategories&post=31393"},{"taxonomy":"post_tag","embeddable":true,"href":"http:\/\/www.korhanyilmaz.com\/index.php?rest_route=%2Fwp%2Fv2%2Ftags&post=31393"}],"curies":[{"name":"wp","href":"https:\/\/api.w.org\/{rel}","templated":true}]}}