{"id":31388,"date":"2011-04-30T18:15:33","date_gmt":"2011-04-30T15:15:33","guid":{"rendered":"http:\/\/www.korhanyilmaz.com\/?p=31388"},"modified":"2011-04-30T18:15:33","modified_gmt":"2011-04-30T15:15:33","slug":"yeni-bassavci-belli-oldu","status":"publish","type":"post","link":"http:\/\/www.korhanyilmaz.com\/?p=31388","title":{"rendered":"Yeni Ba\u015fsavc\u0131 belli oldu"},"content":{"rendered":"<p style=\"text-align: justify;\"><a href=\"http:\/\/www.korhanyilmaz.com\/wp-content\/uploads\/2011\/04\/1002.jpg\"  class=\"lightview\"><img loading=\"lazy\" decoding=\"async\" class=\"aligncenter size-full wp-image-31390\" src=\"http:\/\/www.korhanyilmaz.com\/wp-content\/uploads\/2011\/04\/1002.jpg\" alt=\"\" width=\"307\" height=\"236\" \/><\/a><\/p>\n<p style=\"text-align: justify;\">Cumhurba\u015fkan\u0131 Abdullah G\u00fcl, Yarg\u0131tay Cumhuriyet Ba\u015fsavc\u0131l\u0131\u011f\u0131\u2019na, Yarg\u0131tay 6. Ceza Dairesi \u00dcyesi Hasan Erbil\u2019i se\u00e7ti.<\/p>\n<p style=\"text-align: justify;\">Cumhurba\u015fkanl\u0131\u011f\u0131\u2019ndan yap\u0131lan a\u00e7\u0131klamada, G\u00fcl\u2019\u00fcn, Erbil\u2019i Yarg\u0131tay B\u00fcy\u00fck Genel Kurulunca g\u00f6sterilen adaylar aras\u0131ndan, 21 May\u0131s 2011 tarihinden ge\u00e7erli olmak \u00fczere se\u00e7ti\u011fi belirtildi.<\/p>\n<p style=\"text-align: justify;\">Erbil, emekliye ayr\u0131lmazsa 4 y\u0131l g\u00f6rev yapacak. <!--more--><\/p>\n<p style=\"text-align: justify;\"><strong>EN FAZLA OYU O ALMI\u015eTI<\/strong><\/p>\n<p style=\"text-align: justify;\">Cumhurba\u015fkan\u0131 Abdullah G\u00fcl\u2019\u00fcn, Yarg\u0131tay Ba\u015fsavc\u0131s\u0131 Abdurrahman Yal\u00e7\u0131nkaya\u2019n\u0131n yerine se\u00e7ece\u011fi isim i\u00e7in Yarg\u0131tay B\u00fcy\u00fck Genel Kurulu\u2019nda ge\u00e7ti\u011fimiz g\u00fcnlerde aday belirleme se\u00e7imi yap\u0131lm\u0131\u015ft\u0131. Se\u00e7im sonunda Yarg\u0131tay 6. Ceza Dairesi \u00fcyesi Hasan Erbil s\u00fcrpriz bi\u00e7imde b\u00fcy\u00fck oy fark\u0131yla ilk s\u0131rada yer alm\u0131\u015ft\u0131. H\u00fck\u00fcmete yak\u0131nl\u0131\u011f\u0131yla bilinen 3. Ceza Dairesi \u00fcyesi Hakk\u0131 Manav ise ancak 4. s\u0131rada yer alabilmi\u015fdi. Se\u00e7im sonucunda 6. Ceza Dairesi \u00dcyesi Erbil 283, 6. Ceza Dairesi Ba\u015fkan\u0131 Celal Altunkaynak 139, 3. Ceza Dairesi \u00dcyesi Erdal G\u00f6k\u00e7en 130, 3. Ceza Dairesi \u00dcyesi Hakk\u0131 Manav 126 ve 12. Hukuk Dairesi \u00dcyesi L\u00fctfi Tombalo\u011flu da 10 oy alm\u0131\u015ft\u0131.<\/p>\n<p style=\"text-align: justify;\"><strong>S\u00fcrpriz fark<\/strong><\/p>\n<p style=\"text-align: justify;\">6. Ceza Dairesi \u00fcyesi Erbil\u2019in en yak\u0131n rakibinin ald\u0131\u011f\u0131 oyun iki kat\u0131ndan fazla oy almas\u0131 se\u00e7imin s\u00fcrprizi olarak belirtilmi\u015fti. Mardin ve Yalova Ba\u015fsavc\u0131l\u0131\u011f\u0131 g\u00f6revinden sonra Antalya Ba\u015fsavc\u0131vekili ve son olarak Erzurum Ba\u015fsavc\u0131l\u0131\u011f\u0131 g\u00f6revini y\u00fcr\u00fct\u00fcrken 8 May\u0131s 2001\u2019de, DSP\u2019li Adalet Bakan\u0131 Hikmet Sami T\u00fcrk d\u00f6neminde Yarg\u0131tay\u2019a se\u00e7ilen Erbil, \u00f6nceki se\u00e7im d\u00f6neminde, Yarg\u0131tay kontenjan\u0131ndan Y\u00fcksek Se\u00e7im Kurulu \u00fcyeli\u011fi de yapm\u0131\u015ft\u0131. Oylama sonu\u00e7lar\u0131, Erbil\u2019in Yarg\u0131tay\u2019\u0131n yap\u0131s\u0131 de\u011fi\u015ftikten sonra se\u00e7ilen yeni \u00fcyelerin yan\u0131 s\u0131ra di\u011fer Yarg\u0131tay \u00fcyelerinin de b\u00fcy\u00fck deste\u011fini ald\u0131\u011f\u0131n\u0131 ortaya koydu. Erbil\u2019in ald\u0131\u011f\u0131 oyun y\u00fcksekli\u011fi, merkez sa\u011f \u00e7izgideki \u00fcyelerin yan\u0131 s\u0131ra ve yap\u0131s\u0131 de\u011fi\u015fene kadar Yarg\u0131tay\u2019da say\u0131sal \u00fcst\u00fcnl\u00fc\u011f\u00fc elinde bulunduran sosyal demokratlardan da oy ald\u0131\u011f\u0131n\u0131 g\u00f6sterdi.<\/p>\n<p style=\"text-align: justify;\"><a href=\"http:\/\/haber.gazetevatan.com\/yeni-bassavci-belli-oldu\/374378\/1\/Gundem\" target=\"_blank\">Kaynak : VATAN Gazetesi<\/a><\/p>\n","protected":false},"excerpt":{"rendered":"<p style=\"text-align: justify;\">\n<p style=\"text-align: justify;\">Cumhurba\u015fkan\u0131 Abdullah G\u00fcl, Yarg\u0131tay Cumhuriyet Ba\u015fsavc\u0131l\u0131\u011f\u0131\u2019na, Yarg\u0131tay 6. Ceza Dairesi \u00dcyesi Hasan Erbil\u2019i se\u00e7ti.<\/p>\n<p style=\"text-align: justify;\">Cumhurba\u015fkanl\u0131\u011f\u0131\u2019ndan yap\u0131lan a\u00e7\u0131klamada, G\u00fcl\u2019\u00fcn, Erbil\u2019i Yarg\u0131tay B\u00fcy\u00fck Genel Kurulunca g\u00f6sterilen adaylar aras\u0131ndan, 21 May\u0131s 2011 tarihinden ge\u00e7erli olmak \u00fczere se\u00e7ti\u011fi belirtildi.<\/p>\n<p style=\"text-align: justify;\">Erbil, emekliye ayr\u0131lmazsa 4 y\u0131l g\u00f6rev yapacak. <\/p>\n","protected":false},"author":1,"featured_media":0,"comment_status":"open","ping_status":"closed","sticky":false,"template":"","format":"standard","meta":{"footnotes":""},"categories":[105],"tags":[],"class_list":["post-31388","post","type-post","status-publish","format-standard","hentry","category-gundem","odd"],"_links":{"self":[{"href":"http:\/\/www.korhanyilmaz.com\/index.php?rest_route=\/wp\/v2\/posts\/31388","targetHints":{"allow":["GET"]}}],"collection":[{"href":"http:\/\/www.korhanyilmaz.com\/index.php?rest_route=\/wp\/v2\/posts"}],"about":[{"href":"http:\/\/www.korhanyilmaz.com\/index.php?rest_route=\/wp\/v2\/types\/post"}],"author":[{"embeddable":true,"href":"http:\/\/www.korhanyilmaz.com\/index.php?rest_route=\/wp\/v2\/users\/1"}],"replies":[{"embeddable":true,"href":"http:\/\/www.korhanyilmaz.com\/index.php?rest_route=%2Fwp%2Fv2%2Fcomments&post=31388"}],"version-history":[{"count":0,"href":"http:\/\/www.korhanyilmaz.com\/index.php?rest_route=\/wp\/v2\/posts\/31388\/revisions"}],"wp:attachment":[{"href":"http:\/\/www.korhanyilmaz.com\/index.php?rest_route=%2Fwp%2Fv2%2Fmedia&parent=31388"}],"wp:term":[{"taxonomy":"category","embeddable":true,"href":"http:\/\/www.korhanyilmaz.com\/index.php?rest_route=%2Fwp%2Fv2%2Fcategories&post=31388"},{"taxonomy":"post_tag","embeddable":true,"href":"http:\/\/www.korhanyilmaz.com\/index.php?rest_route=%2Fwp%2Fv2%2Ftags&post=31388"}],"curies":[{"name":"wp","href":"https:\/\/api.w.org\/{rel}","templated":true}]}}