{"id":31371,"date":"2011-04-30T14:25:12","date_gmt":"2011-04-30T11:25:12","guid":{"rendered":"http:\/\/www.korhanyilmaz.com\/?p=31371"},"modified":"2011-04-30T14:25:12","modified_gmt":"2011-04-30T11:25:12","slug":"marketten-ilk-kez-alisveris-yaptilar","status":"publish","type":"post","link":"http:\/\/www.korhanyilmaz.com\/?p=31371","title":{"rendered":"Marketten ilk kez al\u0131\u015fveri\u015f yapt\u0131lar!"},"content":{"rendered":"<p style=\"text-align: center;\"><a href=\"http:\/\/www.korhanyilmaz.com\/wp-content\/uploads\/2011\/04\/092.jpg\"  class=\"lightview\"><img loading=\"lazy\" decoding=\"async\" class=\"aligncenter size-full wp-image-31372\" src=\"http:\/\/www.korhanyilmaz.com\/wp-content\/uploads\/2011\/04\/092.jpg\" alt=\"\" width=\"396\" height=\"198\" \/><\/a><\/p>\n<p style=\"text-align: justify;\">Sivas\u2019ta 23 Nisan Ulusal Egemenlik ve \u00c7ocuk Bayram\u0131\u2019nda ya\u015f\u0131tlar\u0131 bayram sevinci ya\u015fad\u0131\u011f\u0131 anlarda babaannesi ile \u00e7\u00f6p toplarken g\u00f6r\u00fcnt\u00fclenen k\u00fc\u00e7\u00fck Adile\u2019ye T\u00fcrkiye\u2019nin d\u00f6rt bir taraf\u0131ndan yard\u0131m ya\u011f\u0131yor.<!--more--><\/p>\n<p style=\"text-align: justify;\">Kentte 23 Nisan\u2019da kendisi ile ayn\u0131 ad\u0131 ta\u015f\u0131yan babaannesi Adile \u00d6zzurnac\u0131 ile Kepenek Caddesi\u2019nde \u00e7\u00f6p toplarken AA muhabiri taraf\u0131ndan g\u00f6r\u00fcnt\u00fclenen 5 ya\u015f\u0131ndaki Adile \u00d6zzurnac\u0131\u2019n\u0131n durumuna \u00fcz\u00fclen yard\u0131m sever \u00e7ok say\u0131da vatanda\u015f aileye ula\u015fmaya \u00e7al\u0131\u015f\u0131yor.<\/p>\n<p style=\"text-align: justify;\">K\u00fc\u00e7\u00fck Adile\u2019nin bir foto\u011frafla ortaya \u00e7\u0131kan ya\u015fam\u0131n\u0131n ard\u0131ndan Sivas Valili\u011fi de aile hakk\u0131nda ara\u015ft\u0131rma ba\u015flatt\u0131. Valilik, Sosyal Yard\u0131mla\u015fma ve Dayan\u0131\u015fma Vakf\u0131 ekipleri, evde yapt\u0131\u011f\u0131 ara\u015ft\u0131rman\u0131n ard\u0131ndan ilk etapta aileye acil ihtiya\u00e7lar\u0131 i\u00e7in bir miktar nakdi yard\u0131m yapacak.<\/p>\n<p style=\"text-align: justify;\">Sivas Belediyesi Hayat A\u011fac\u0131 Derne\u011fi G\u0131da Bankas\u0131nca k\u00fc\u00e7\u00fck Adile\u2019ye ve ailesine giysi ile g\u0131da yard\u0131m\u0131 yap\u0131ld\u0131.<\/p>\n<p style=\"text-align: justify;\">G\u0131da bankas\u0131 ekipleri, k\u00fc\u00e7\u00fck Adile ile babaannesi ve karde\u015fi G\u00fclefer\u2019i, ya\u015fad\u0131klar\u0131 Mehmet Akif Ersoy Mahallesi\u2019nden ara\u00e7la alarak, G\u0131da Bankas\u0131\u2019na g\u00f6t\u00fcrd\u00fc. Al\u0131\u015f veri\u015fini burada babaannesi ile birlikte yapan k\u00fc\u00e7\u00fck Adile, en \u00e7ok istedi\u011fi ayakkab\u0131y\u0131 ve k\u0131yafetlerini de kendisi se\u00e7ti.<\/p>\n<p style=\"text-align: justify;\">\u00c7ocuklara ve aileye burada giysi yard\u0131m\u0131 yap\u0131ld\u0131. K\u00fc\u00e7\u00fck Adile, G\u0131da Bankas\u0131\u2019nda g\u0131da malzemelerini de babaannesi ile birlikte alarak, al\u0131\u015f veri\u015f sepetini doldurdu. K\u00fc\u00e7\u00fck k\u0131z\u0131n al\u0131\u015f veri\u015f s\u0131ras\u0131nda 23 Nisan\u2019da \u00e7ekildi\u011fi foto\u011fraf\u0131ndaki gibi zaman zaman babaannesinin ete\u011finden tuttu\u011fu g\u00f6r\u00fcld\u00fc.<\/p>\n<p style=\"text-align: justify;\"><strong>&#8220;\u0130LK KEZ B\u0130R MARKETTEN ALI\u015e VER\u0130\u015e YAPTIK&#8221;<\/strong><\/p>\n<p style=\"text-align: justify;\">Babaanne Adile \u00d6zzurnac\u0131 ise ilk kez bir marketten al\u0131\u015f veri\u015f yapt\u0131\u011f\u0131n\u0131 belirterek, \u00e7ok gururland\u0131\u011f\u0131n\u0131 belirtti.<\/p>\n<p style=\"text-align: justify;\">Yap\u0131lan yard\u0131mlar\u0131n da kendisini duyguland\u0131rd\u0131\u011f\u0131n\u0131 ifade eden babaanne Adile \u00d6zzurnac\u0131, yard\u0131m yapan ki\u015filere ve Sivas Belediyesi\u2019ne te\u015fekk\u00fcr etti.<\/p>\n<p style=\"text-align: justify;\">K\u00fc\u00e7\u00fck Adile ise ayakkab\u0131lar\u0131n\u0131 ve k\u0131yafetini \u00e7ok be\u011fendi\u011fini belirterek, \u00e7ok sevindi\u011fini s\u00f6yledi.<\/p>\n<p style=\"text-align: justify;\">Al\u0131\u015fveri\u015fi yapan aile daha sonra G\u0131da Bankas\u0131 arac\u0131yla evlerine b\u0131rak\u0131ld\u0131.<\/p>\n<p style=\"text-align: justify;\">Bu arada T\u00fcrkiye\u2019nin d\u00f6rt bir taraf\u0131ndan da aileye yap\u0131lan \u00e7e\u015fitli yard\u0131mlar ula\u015ft\u0131r\u0131lmaya \u00e7al\u0131\u015f\u0131l\u0131yor.<\/p>\n\n<p style=\"text-align: justify;\"><a href=\"http:\/\/haber.gazetevatan.com\/marketten-ilk-kez-alisveris-yaptilar\/374368\/7\/Yasam\" target=\"_blank\">Kaynak : VATAN Gazetesi<\/a><\/p>\n","protected":false},"excerpt":{"rendered":"<p style=\"text-align: center;\">\n<p style=\"text-align: justify;\">Sivas\u2019ta 23 Nisan Ulusal Egemenlik ve \u00c7ocuk Bayram\u0131\u2019nda ya\u015f\u0131tlar\u0131 bayram sevinci ya\u015fad\u0131\u011f\u0131 anlarda babaannesi ile \u00e7\u00f6p toplarken g\u00f6r\u00fcnt\u00fclenen k\u00fc\u00e7\u00fck Adile\u2019ye T\u00fcrkiye\u2019nin d\u00f6rt bir taraf\u0131ndan yard\u0131m ya\u011f\u0131yor.<\/p>\n","protected":false},"author":1,"featured_media":0,"comment_status":"open","ping_status":"closed","sticky":false,"template":"","format":"standard","meta":{"footnotes":""},"categories":[105],"tags":[],"class_list":["post-31371","post","type-post","status-publish","format-standard","hentry","category-gundem","odd"],"_links":{"self":[{"href":"http:\/\/www.korhanyilmaz.com\/index.php?rest_route=\/wp\/v2\/posts\/31371","targetHints":{"allow":["GET"]}}],"collection":[{"href":"http:\/\/www.korhanyilmaz.com\/index.php?rest_route=\/wp\/v2\/posts"}],"about":[{"href":"http:\/\/www.korhanyilmaz.com\/index.php?rest_route=\/wp\/v2\/types\/post"}],"author":[{"embeddable":true,"href":"http:\/\/www.korhanyilmaz.com\/index.php?rest_route=\/wp\/v2\/users\/1"}],"replies":[{"embeddable":true,"href":"http:\/\/www.korhanyilmaz.com\/index.php?rest_route=%2Fwp%2Fv2%2Fcomments&post=31371"}],"version-history":[{"count":0,"href":"http:\/\/www.korhanyilmaz.com\/index.php?rest_route=\/wp\/v2\/posts\/31371\/revisions"}],"wp:attachment":[{"href":"http:\/\/www.korhanyilmaz.com\/index.php?rest_route=%2Fwp%2Fv2%2Fmedia&parent=31371"}],"wp:term":[{"taxonomy":"category","embeddable":true,"href":"http:\/\/www.korhanyilmaz.com\/index.php?rest_route=%2Fwp%2Fv2%2Fcategories&post=31371"},{"taxonomy":"post_tag","embeddable":true,"href":"http:\/\/www.korhanyilmaz.com\/index.php?rest_route=%2Fwp%2Fv2%2Ftags&post=31371"}],"curies":[{"name":"wp","href":"https:\/\/api.w.org\/{rel}","templated":true}]}}