{"id":31367,"date":"2011-04-30T18:15:54","date_gmt":"2011-04-30T15:15:54","guid":{"rendered":"http:\/\/www.korhanyilmaz.com\/?p=31367"},"modified":"2011-04-30T18:15:54","modified_gmt":"2011-04-30T15:15:54","slug":"genelkurmaydan-ses-kaydi-sorusturmasi","status":"publish","type":"post","link":"http:\/\/www.korhanyilmaz.com\/?p=31367","title":{"rendered":"Genelkurmay&#8217;dan &#8216;ses kayd\u0131&#8217; soru\u015fturmas\u0131"},"content":{"rendered":"<p style=\"text-align: center;\"><a href=\"http:\/\/www.korhanyilmaz.com\/wp-content\/uploads\/2011\/04\/091.jpg\"  class=\"lightview\"><img loading=\"lazy\" decoding=\"async\" class=\"aligncenter size-full wp-image-31368\" src=\"http:\/\/www.korhanyilmaz.com\/wp-content\/uploads\/2011\/04\/091.jpg\" alt=\"\" width=\"307\" height=\"236\" \/><\/a><\/p>\n<p style=\"text-align: justify;\">Genelkurmay Ba\u015fkanl\u0131\u011f\u0131, d\u00fcn ve bug\u00fcnk\u00fc baz\u0131 bas\u0131n ve yay\u0131n organlar\u0131nda yer alan, &#8220;2007-2009 y\u0131llar\u0131 aras\u0131nda \u00c7ank\u0131r\u0131 Garnizonunda g\u00f6rev yapan bir Albay&#8217;a ait oldu\u011fu ileri s\u00fcr\u00fclen ses kayd\u0131&#8221; konusunda soru\u015fturma ba\u015flat\u0131ld\u0131\u011f\u0131n\u0131 bildirdi. <!--more--><\/p>\n<p style=\"text-align: justify;\">Genelkurmay Ba\u015fkanl\u0131\u011f\u0131n\u0131n internet sitesindeki a\u00e7\u0131klamada, d\u00fcnk\u00fc ve bug\u00fcnk\u00fc baz\u0131 bas\u0131n ve yay\u0131n organlar\u0131nda yer alan, &#8220;2007-2009 y\u0131llar\u0131 aras\u0131nda \u00c7ank\u0131r\u0131 Garnizonu&#8217;nda g\u00f6rev yapan bir Albay&#8217;a ait oldu\u011fu&#8221; ileri s\u00fcr\u00fclen ses kayd\u0131na ili\u015fkin haberler hakk\u0131nda, &#8220;Konuyla ilgili olarak soru\u015fturmaya ba\u015flanm\u0131\u015ft\u0131r&#8221; ifadesine yer verildi.<\/p>\n<p style=\"text-align: justify;\">Albay Engin Kabata\u015f&#8217;a ait oldu\u011fu belirtilen ses kayd\u0131nda, Kabata\u015f baz\u0131 T\u00fcrk Silahl\u0131 Kuvvetleri personeline emirle konferanslar verdi\u011fini belirtiyor, &#8220;\u015eimdi s\u0131ra TSK personelinin e\u015flerine geldi&#8221; diyor.<\/p>\n<p style=\"text-align: justify;\">AK Parti ve h\u00fck\u00fcmet aleyhinde baz\u0131 ifadeler kullan\u0131p, se\u00e7men propili hakk\u0131nda baz\u0131 a\u015fa\u011f\u0131lay\u0131c\u0131 yorumlar yap\u0131yor.<\/p>\n<p style=\"text-align: justify;\">Ses kayd\u0131nda, AK Parti i\u00e7in &#8220;malum parti&#8221; tabiri kullan\u0131l\u0131yor. AK Parti&#8217;nin y\u00fcksek oy almas\u0131ndan duyulan endi\u015fe dile getiriliyor.<\/p>\n<p style=\"text-align: justify;\">Ba\u015fbakan Yard\u0131mc\u0131s\u0131 B\u00fclent Ar\u0131n\u00e7 hakk\u0131nda, &#8220;En \u00f6nemli g\u00f6revi \u00fclkeyi kar\u0131\u015ft\u0131rmak&#8221; deniyor. Cumhurba\u015fkan\u0131 G\u00fcl&#8217;\u00fcn, &#8216;\u00c7ankaya Sofralar\u0131&#8217; ad\u0131 alt\u0131nda d\u00fczenledi\u011fi toplant\u0131lar\u0131n da Atat\u00fcrk taklit\u00e7ili\u011fi oldu\u011fu \u00f6ne s\u00fcr\u00fcl\u00fcyor.<\/p>\n<p style=\"text-align: justify;\"><a href=\"http:\/\/www.cnnturk.com\/2011\/turkiye\/04\/30\/genelkurmaydan.ses.kaydi.sorusturmasi\/615033.0\/index.html\">Kaynak : CNN T\u00dcRK<\/a><\/p>\n","protected":false},"excerpt":{"rendered":"<p style=\"text-align: center;\">\n<p style=\"text-align: justify;\">Genelkurmay Ba\u015fkanl\u0131\u011f\u0131, d\u00fcn ve bug\u00fcnk\u00fc baz\u0131 bas\u0131n ve yay\u0131n organlar\u0131nda yer alan, &#8220;2007-2009 y\u0131llar\u0131 aras\u0131nda \u00c7ank\u0131r\u0131 Garnizonunda g\u00f6rev yapan bir Albay&#8217;a ait oldu\u011fu ileri s\u00fcr\u00fclen ses kayd\u0131&#8221; konusunda soru\u015fturma ba\u015flat\u0131ld\u0131\u011f\u0131n\u0131 bildirdi. <\/p>\n","protected":false},"author":1,"featured_media":0,"comment_status":"open","ping_status":"closed","sticky":false,"template":"","format":"standard","meta":{"footnotes":""},"categories":[105],"tags":[],"class_list":["post-31367","post","type-post","status-publish","format-standard","hentry","category-gundem","odd"],"_links":{"self":[{"href":"http:\/\/www.korhanyilmaz.com\/index.php?rest_route=\/wp\/v2\/posts\/31367","targetHints":{"allow":["GET"]}}],"collection":[{"href":"http:\/\/www.korhanyilmaz.com\/index.php?rest_route=\/wp\/v2\/posts"}],"about":[{"href":"http:\/\/www.korhanyilmaz.com\/index.php?rest_route=\/wp\/v2\/types\/post"}],"author":[{"embeddable":true,"href":"http:\/\/www.korhanyilmaz.com\/index.php?rest_route=\/wp\/v2\/users\/1"}],"replies":[{"embeddable":true,"href":"http:\/\/www.korhanyilmaz.com\/index.php?rest_route=%2Fwp%2Fv2%2Fcomments&post=31367"}],"version-history":[{"count":0,"href":"http:\/\/www.korhanyilmaz.com\/index.php?rest_route=\/wp\/v2\/posts\/31367\/revisions"}],"wp:attachment":[{"href":"http:\/\/www.korhanyilmaz.com\/index.php?rest_route=%2Fwp%2Fv2%2Fmedia&parent=31367"}],"wp:term":[{"taxonomy":"category","embeddable":true,"href":"http:\/\/www.korhanyilmaz.com\/index.php?rest_route=%2Fwp%2Fv2%2Fcategories&post=31367"},{"taxonomy":"post_tag","embeddable":true,"href":"http:\/\/www.korhanyilmaz.com\/index.php?rest_route=%2Fwp%2Fv2%2Ftags&post=31367"}],"curies":[{"name":"wp","href":"https:\/\/api.w.org\/{rel}","templated":true}]}}