{"id":31363,"date":"2011-04-30T15:04:09","date_gmt":"2011-04-30T12:04:09","guid":{"rendered":"http:\/\/www.korhanyilmaz.com\/?p=31363"},"modified":"2011-04-30T15:04:09","modified_gmt":"2011-04-30T12:04:09","slug":"bakan-akdag-yavuz-oghana-konustu-iftira","status":"publish","type":"post","link":"http:\/\/www.korhanyilmaz.com\/?p=31363","title":{"rendered":"Bakan Akda\u011f, Yavuz O\u011fhan&#8217;a konu\u015ftu: \u0130ftira"},"content":{"rendered":"<p style=\"text-align: center;\"><a href=\"http:\/\/www.korhanyilmaz.com\/wp-content\/uploads\/2011\/04\/090.jpg\"  class=\"lightview\"><img loading=\"lazy\" decoding=\"async\" class=\"aligncenter size-full wp-image-31364\" src=\"http:\/\/www.korhanyilmaz.com\/wp-content\/uploads\/2011\/04\/090.jpg\" alt=\"\" width=\"307\" height=\"236\" \/><\/a><\/p>\n<p style=\"text-align: justify;\">Sa\u011fl\u0131k Bakan\u0131 Recep Akda\u011f, CHP lideri Kemal K\u0131l\u0131\u00e7daro\u011flu&#8217;nun g\u00fcndeme getirdi\u011fi Van Valili\u011fi&#8217;ne soru\u015fturma yapmay\u0131 durdurma talimat\u0131yla ilgili ilk kez CNN T\u00dcRK&#8217;e konu\u015ftu.<\/p>\n<p style=\"text-align: justify;\">CNN T\u00dcRK Haber Koordinat\u00f6r\u00fc Yavuz O\u011fhan&#8217;a a\u00e7\u0131klama yapan bakan Akda\u011f, &#8220;soru\u015fturmay\u0131 durdurma emrini ben verdim&#8221; dedi ve s\u00fcreci anlatt\u0131. <!--more--><\/p>\n<p style=\"text-align: justify;\">Akda\u011f, \u015f\u00f6yle konu\u015ftu:<\/p>\n<p style=\"text-align: justify;\">&#8220;Van Valili\u011fine ula\u015fan imzas\u0131z bir mektuptan bakanl\u0131\u011f\u0131m\u0131z haberdar edildi. Bunun \u00fczerine iki m\u00fcfetti\u015f g\u00f6nderdik. M\u00fcfetti\u015f raporlar\u0131na istinaden savc\u0131l\u0131ktan ve valilikten idari ve hukuki soru\u015fturma yap\u0131lmas\u0131 istedim.<\/p>\n<p style=\"text-align: justify;\">Bu s\u00fcre\u00e7te bakanl\u0131\u011f\u0131n idari birimleri baz\u0131 konularda teredd\u00fct\u00fc oldu. Ben de 2 yeni m\u00fcfetti\u015f g\u00f6revlendirdim. Bu 2 m\u00fcfetti\u015f ara\u015ft\u0131rmas\u0131n\u0131 yaparken valili\u011fe soru\u015fturma yap\u0131lmas\u0131n\u0131 durdurmas\u0131n\u0131 istedim. Bu mevzuatta var. O iki m\u00fcfetti\u015f incelemesini tatmamlad\u0131\u011f\u0131nda -ki daha \u00f6ncekilerle ayn\u0131 raporu verdiler. 18 Mart&#8217;ta yeniden ayn\u0131 i\u015flemlerin yap\u0131lmas\u0131 i\u00e7in valili\u011fe ve savc\u0131l\u0131\u011fa yaz\u0131 g\u00f6nderdim.<\/p>\n<p style=\"text-align: justify;\">K\u0131l\u0131\u00e7daro\u011flu&#8217;nun 2&#8217;nci 2 yaz\u0131dan haberi olmad\u0131\u011f\u0131 i\u00e7in iftira atmas\u0131na \u00fcz\u00fcld\u00fcm. San\u0131yorum talihsiz bir olayla genel ba\u015fkan olmas\u0131n\u0131n bunda etkisi var. 12 Haziran yakla\u015ft\u0131k\u00e7a panik ya\u015fad\u0131\u011f\u0131n\u0131 d\u00fc\u015f\u00fcn\u00fcyorum. Yaz\u0131k diyorum, bu \u00fclkenin ciddi ana muhalefet parti liderine ihtiyac\u0131 var. Neden ana muhalefet partisi yerlerde s\u00fcr\u00fcn\u00fcyor.&#8221;<\/p>\n<p style=\"text-align: justify;\"><a href=\"http:\/\/www.cnnturk.com\/2011\/turkiye\/04\/30\/bakan.akdag.yavuz.oghana.konustu.iftira\/615043.0\/index.html\" target=\"_blank\">Kaynak : CNN T\u00dcRK<\/a><\/p>\n","protected":false},"excerpt":{"rendered":"<p style=\"text-align: center;\">\n<p style=\"text-align: justify;\">Sa\u011fl\u0131k Bakan\u0131 Recep Akda\u011f, CHP lideri Kemal K\u0131l\u0131\u00e7daro\u011flu&#8217;nun g\u00fcndeme getirdi\u011fi Van Valili\u011fi&#8217;ne soru\u015fturma yapmay\u0131 durdurma talimat\u0131yla ilgili ilk kez CNN T\u00dcRK&#8217;e konu\u015ftu.<\/p>\n<p style=\"text-align: justify;\">CNN T\u00dcRK Haber Koordinat\u00f6r\u00fc Yavuz O\u011fhan&#8217;a a\u00e7\u0131klama yapan bakan Akda\u011f, &#8220;soru\u015fturmay\u0131 durdurma emrini ben verdim&#8221; dedi ve s\u00fcreci anlatt\u0131. <\/p>\n","protected":false},"author":1,"featured_media":0,"comment_status":"open","ping_status":"closed","sticky":false,"template":"","format":"standard","meta":{"footnotes":""},"categories":[105],"tags":[],"class_list":["post-31363","post","type-post","status-publish","format-standard","hentry","category-gundem","odd"],"_links":{"self":[{"href":"http:\/\/www.korhanyilmaz.com\/index.php?rest_route=\/wp\/v2\/posts\/31363","targetHints":{"allow":["GET"]}}],"collection":[{"href":"http:\/\/www.korhanyilmaz.com\/index.php?rest_route=\/wp\/v2\/posts"}],"about":[{"href":"http:\/\/www.korhanyilmaz.com\/index.php?rest_route=\/wp\/v2\/types\/post"}],"author":[{"embeddable":true,"href":"http:\/\/www.korhanyilmaz.com\/index.php?rest_route=\/wp\/v2\/users\/1"}],"replies":[{"embeddable":true,"href":"http:\/\/www.korhanyilmaz.com\/index.php?rest_route=%2Fwp%2Fv2%2Fcomments&post=31363"}],"version-history":[{"count":0,"href":"http:\/\/www.korhanyilmaz.com\/index.php?rest_route=\/wp\/v2\/posts\/31363\/revisions"}],"wp:attachment":[{"href":"http:\/\/www.korhanyilmaz.com\/index.php?rest_route=%2Fwp%2Fv2%2Fmedia&parent=31363"}],"wp:term":[{"taxonomy":"category","embeddable":true,"href":"http:\/\/www.korhanyilmaz.com\/index.php?rest_route=%2Fwp%2Fv2%2Fcategories&post=31363"},{"taxonomy":"post_tag","embeddable":true,"href":"http:\/\/www.korhanyilmaz.com\/index.php?rest_route=%2Fwp%2Fv2%2Ftags&post=31363"}],"curies":[{"name":"wp","href":"https:\/\/api.w.org\/{rel}","templated":true}]}}