{"id":31357,"date":"2011-04-30T09:11:47","date_gmt":"2011-04-30T06:11:47","guid":{"rendered":"http:\/\/www.korhanyilmaz.com\/?p=31357"},"modified":"2011-04-30T09:11:47","modified_gmt":"2011-04-30T06:11:47","slug":"secim-oncesi-asker-eslerine-brifing","status":"publish","type":"post","link":"http:\/\/www.korhanyilmaz.com\/?p=31357","title":{"rendered":"Se\u00e7im \u00f6ncesi asker e\u015flerine brifing"},"content":{"rendered":"<p style=\"text-align: center;\"><a href=\"http:\/\/www.korhanyilmaz.com\/wp-content\/uploads\/2011\/04\/086.jpg\"  class=\"lightview\"><img loading=\"lazy\" decoding=\"async\" class=\"aligncenter size-full wp-image-31359\" src=\"http:\/\/www.korhanyilmaz.com\/wp-content\/uploads\/2011\/04\/086.jpg\" alt=\"\" width=\"384\" height=\"254\" \/><\/a><\/p>\n<p style=\"text-align: justify;\">\u0130nternete d\u00fc\u015fen bir ses kayd\u0131nda Garnizon Komutan\u0131, foto\u011fraflar e\u015fli\u011finde subay e\u015flerine sunum yap\u0131yor, AKP&#8217;yi ele\u015ftiriyor.<\/p>\n<p style=\"text-align: justify;\">\u0130STANBUL &#8211; Video payla\u015f\u0131m sitesi dailymotion.com\u2019a d\u00fcn d\u00fc\u015fen bir ses kayd\u0131, yakla\u015fan se\u00e7imler \u00f6ncesi asker e\u015flerine kurum i\u015fi e\u011fitim seminerleri verildi\u011fini ortaya koyuyor. K\u0131r\u0131kkale Garnizon Komutan\u0131 Vekili Kurmay Albay Engin Kabata\u015f\u2019a ait oldu\u011fu iddia edilen ses kayd\u0131nda, Kabata\u015f, e\u011fitimleri ald\u0131klar\u0131 emirler do\u011frultusunda yapt\u0131klar\u0131n\u0131 belirtiyor. Orijinal foto\u011fraflar e\u015fli\u011finde sunumunu yapan Kabata\u015f, AKP\u2019nin icraatlar\u0131n\u0131, Cumhurba\u015fkan\u0131 Abdullah G\u00fcl\u2019\u00fc ve Ba\u015fbakan yard\u0131mc\u0131s\u0131 B\u00fclent Ar\u0131n\u00e7\u2019\u0131 ele\u015ftiriyor.<!--more--><\/p>\n<p style=\"text-align: justify;\">Seminerin 29 Ekim Cumhuriyet Bayram\u0131 sonras\u0131 oldu\u011fu anla\u015f\u0131l\u0131yor. Sunumda g\u00f6sterilen foto\u011fraflar aras\u0131nda 29 Ekim t\u00f6renlerine kimi yerlerde t\u00fcrbanl\u0131 kat\u0131l\u0131m konusu ele\u015ftiriliyor.<\/p>\n<p style=\"text-align: justify;\">Ses kayd\u0131nda s\u00f6z konusu seminerlerini sadece asker ailelerine de\u011fil, subay, astbusay, uzman erba\u015f ve yedek subaylara da verildi\u011fi belirtiliyor.<\/p>\n<p style=\"text-align: justify;\">\u201cBu t\u00fcr konferanslar\u0131 ald\u0131\u011f\u0131m\u0131z emirler gere\u011fi uygulamak zorunday\u0131z\u201d denilen sunumda yer alan konu\u015fmalar \u00f6zetle \u015f\u00f6yle:<\/p>\n<p style=\"text-align: justify;\">\u201c\u00dclke g\u00fcndeminde neler oldu\u011funu bilip uyan\u0131k olmal\u0131y\u0131z, yoksa \u00fclke elden gider. Biz T.C\u2019nin en de\u011ferli kurumu olan silahl\u0131 kuvvetler olarak ve aileler olarak her zaman uyan\u0131k, dimdik ayakta olmak zorunday\u0131z. E\u011fer, biz de y\u0131pran\u0131rsak ki y\u0131pratmaya \u00e7al\u0131\u015f\u0131yorlar \u00fclke elden gider.<\/p>\n<p style=\"text-align: justify;\"><strong>MALUM PART\u0130 Y\u00dcZDE 67 \u0130LE GEL\u0130R<\/strong><\/p>\n<p style=\"text-align: justify;\">E\u011fer malum parti imar yasas\u0131n\u0131 \u00e7\u0131kar\u0131rsa y\u00fczde 67 ile se\u00e7imi kazan\u0131r. Neden derseniz h\u00fck\u00fcmet bunu babas\u0131n\u0131n hayr\u0131na \u00e7\u0131karm\u0131yor. Bunlar\u0131n \u00e7o\u011fu varo\u015flardad\u0131r. Malum partinin 23 temmuz se\u00e7imlerinde alm\u0131\u015f oldu\u011fu oy oran\u0131 belli. Y\u00fczde 47. Ama buradaki ama\u00e7 farkl\u0131. Bak\u0131n 10 milyon bina. Her binada aile ba\u015f\u0131na d\u00fc\u015f\u00fcn\u00fcrsek 3 ki\u015fi olsa normal \u015fartlarda ka\u00e7 ki\u015fi yapar? Otuz milyon. Bunlardan on milyon ki\u015fi oy kullanacak. Y\u00fczde 47 ile de\u011filde, y\u00fczde 67 ile se\u00e7imi kazan\u0131r.<\/p>\n<p style=\"text-align: justify;\">Size masumane bir hususu s\u00f6yl\u00fcyorum. Tiyatro sanat\u00e7\u0131s\u0131 Nejat Uygur fenala\u015ft\u0131 Ba\u015fkent \u00dcniversitesine kald\u0131r\u0131ld\u0131. Ba\u015fbakan\u0131m\u0131z kendisi e\u015fsiz olarak \u00fcniversiteye gitti. Ama bak\u0131n GATA\u2019da askeri mekan \u00e7ok masumane bir ziyaret ama bas\u0131na yans\u0131y\u0131\u015f\u0131 nas\u0131l. Dolay\u0131s\u0131yla t\u00fcrban meselesini i\u015fte biz hastay\u0131 ziyaret etmek istiyoruz ama bak\u0131n i\u015fte engel \u00e7\u0131kar\u0131yorlar gibi lanse ediyorlar.<\/p>\n<p style=\"text-align: justify;\"><strong>ARIN\u00c7\u2019IN \u0130\u015e\u0130 \u00dcLKEY\u0130 KARI\u015eTIRMAK<\/strong><\/p>\n<p style=\"text-align: justify;\">\u00a0Yine me\u015fhur, ge\u00e7ti\u011fimiz d\u00f6nem meclis ba\u015fkanl\u0131\u011f\u0131 yapan ki\u015fi. Ki, en \u00f6nemli g\u00f6revi \u00fclkeyi kar\u0131\u015ft\u0131rmak oldu\u011fu i\u00e7in bu \u015fahs\u0131n me\u015fhur ifadeleri var biliyorsunuz cuma g\u00fcnleri tatil olsun demi\u015f. Cuma g\u00fcnlerinin tatil olmas\u0131n\u0131n sebebini heralde takdir ediyorsunuz.<\/p>\n<p style=\"text-align: justify;\"><strong>O\u011eULLARI M\u0130LYON DOLARLARLA OYNUYOR<\/strong><\/p>\n<p style=\"text-align: justify;\">\u00a0Me\u015fhur \u00e7ocuklar var. Bak\u0131n bu Maliye Bakan\u0131m\u0131z (Kemal Unak\u0131tan) me\u015fhur, onun o\u011flu, ba\u015fbakan\u0131m\u0131z\u0131n o\u011flu, cumhurba\u015fkan\u0131m\u0131z\u0131n o\u011flu. Bu da ba\u015fbakan\u0131n o\u011flu. Bu biliyorsunuz gemici kald\u0131. Bunun m\u0131s\u0131r yumurta filan \u00f6yle fabrikalar\u0131 var. Tayyip Erdo\u011fan bize \u2018askerlik yatma yeri de\u011fil\u2019 diyor kendi o\u011fluna \u00e7\u00fcr\u00fck raporu al\u0131yor.<\/p>\n<p style=\"text-align: justify;\"><strong>Z\u0130RVEDE E\u015eLER T\u00dcRBANLI<\/strong><\/p>\n<p style=\"text-align: justify;\">\u00a0\u00dclkedeki ilk be\u015f alt\u0131 ki\u015finin e\u015finin Genkur ba\u015fkan\u0131m\u0131z hari\u00e7 nas\u0131l t\u00fcrbanl\u0131 oldu\u011funu g\u00f6stermi\u015ftim. \u0130\u015fte bak\u0131n T\u00fcrkiye\u2019deki devletin tepelerine atananlar aranan hususlar. han\u0131m\u0131 t\u00fcrbanl\u0131 olacak, ihl mezunu olacak.<\/p>\n<p style=\"text-align: justify;\"><a href=\"http:\/\/www.radikal.com.tr\/Radikal.aspx?aType=RadikalDetayV3&amp;ArticleID=1047809&amp;Date=30.04.2011&amp;CategoryID=77\" target=\"_blank\">Kaynak : Radikal<\/a><\/p>\n","protected":false},"excerpt":{"rendered":"<p style=\"text-align: center;\">\n<p style=\"text-align: justify;\">\u0130nternete d\u00fc\u015fen bir ses kayd\u0131nda Garnizon Komutan\u0131, foto\u011fraflar e\u015fli\u011finde subay e\u015flerine sunum yap\u0131yor, AKP&#8217;yi ele\u015ftiriyor.<\/p>\n<p style=\"text-align: justify;\">\u0130STANBUL &#8211; Video payla\u015f\u0131m sitesi dailymotion.com\u2019a d\u00fcn d\u00fc\u015fen bir ses kayd\u0131, yakla\u015fan se\u00e7imler \u00f6ncesi asker e\u015flerine kurum i\u015fi e\u011fitim seminerleri verildi\u011fini ortaya koyuyor. K\u0131r\u0131kkale Garnizon Komutan\u0131 Vekili Kurmay Albay Engin Kabata\u015f\u2019a ait oldu\u011fu <\/p>\n","protected":false},"author":1,"featured_media":0,"comment_status":"open","ping_status":"closed","sticky":false,"template":"","format":"standard","meta":{"footnotes":""},"categories":[105],"tags":[],"class_list":["post-31357","post","type-post","status-publish","format-standard","hentry","category-gundem","odd"],"_links":{"self":[{"href":"http:\/\/www.korhanyilmaz.com\/index.php?rest_route=\/wp\/v2\/posts\/31357","targetHints":{"allow":["GET"]}}],"collection":[{"href":"http:\/\/www.korhanyilmaz.com\/index.php?rest_route=\/wp\/v2\/posts"}],"about":[{"href":"http:\/\/www.korhanyilmaz.com\/index.php?rest_route=\/wp\/v2\/types\/post"}],"author":[{"embeddable":true,"href":"http:\/\/www.korhanyilmaz.com\/index.php?rest_route=\/wp\/v2\/users\/1"}],"replies":[{"embeddable":true,"href":"http:\/\/www.korhanyilmaz.com\/index.php?rest_route=%2Fwp%2Fv2%2Fcomments&post=31357"}],"version-history":[{"count":0,"href":"http:\/\/www.korhanyilmaz.com\/index.php?rest_route=\/wp\/v2\/posts\/31357\/revisions"}],"wp:attachment":[{"href":"http:\/\/www.korhanyilmaz.com\/index.php?rest_route=%2Fwp%2Fv2%2Fmedia&parent=31357"}],"wp:term":[{"taxonomy":"category","embeddable":true,"href":"http:\/\/www.korhanyilmaz.com\/index.php?rest_route=%2Fwp%2Fv2%2Fcategories&post=31357"},{"taxonomy":"post_tag","embeddable":true,"href":"http:\/\/www.korhanyilmaz.com\/index.php?rest_route=%2Fwp%2Fv2%2Ftags&post=31357"}],"curies":[{"name":"wp","href":"https:\/\/api.w.org\/{rel}","templated":true}]}}