{"id":31351,"date":"2011-04-29T16:51:38","date_gmt":"2011-04-29T13:51:38","guid":{"rendered":"http:\/\/www.korhanyilmaz.com\/?p=31351"},"modified":"2011-04-29T16:51:38","modified_gmt":"2011-04-29T13:51:38","slug":"kilicdaroglu-bu-insanlarin-sifresini-bozun","status":"publish","type":"post","link":"http:\/\/www.korhanyilmaz.com\/?p=31351","title":{"rendered":"K\u0131l\u0131\u00e7daro\u011flu: &#8220;Bu insanlar\u0131n \u015fifresini bozun&#8221;"},"content":{"rendered":"<p style=\"text-align: justify;\"><a href=\"http:\/\/www.korhanyilmaz.com\/wp-content\/uploads\/2011\/04\/088.jpg\"  class=\"lightview\"><img loading=\"lazy\" decoding=\"async\" class=\"aligncenter size-full wp-image-31353\" src=\"http:\/\/www.korhanyilmaz.com\/wp-content\/uploads\/2011\/04\/088.jpg\" alt=\"\" width=\"448\" height=\"231\" \/><\/a><\/p>\n<p style=\"text-align: justify;\">CHP lideri K\u0131l\u0131\u00e7daro\u011flu, YGS&#8217;de kopyal\u0131 \u015fifre iddilar\u0131n\u0131 ara\u015ft\u0131ran Ankara Ba\u015fsavc\u0131l\u0131\u011f\u0131&#8217;na, &#8220;Soru\u015fturma gizliyse h\u00fck\u00fcmete nas\u0131l bilgi verdin?&#8221; dedi, YGS ma\u011fduru \u00f6\u011frencilere ve ailelerine seslendi: &#8220;\u00c7ocuklar\u0131m\u0131z\u0131n gelece\u011fini, umudunu s\u00f6nd\u00fcren insanlar\u0131n \u015fifresini bozun. O insanlar\u0131 sand\u0131\u011fa g\u00f6melim.&#8221;<!--more--><\/p>\n<p style=\"text-align: justify;\">TEK\u0130RDA\u011e &#8211; CHP Genel Ba\u015fkan\u0131 Kemal K\u0131l\u0131\u00e7daro\u011flu, &#8221;(Kul hakk\u0131 yemeyiz, yolsuzlukla m\u00fccadele edece\u011fiz, hesap soraca\u011f\u0131z) dediler. Ama geldiler yolsuzluk bata\u011f\u0131na g\u00f6m\u00fcld\u00fcler&#8221; dedi.<\/p>\n<p style=\"text-align: justify;\">CHP lideri K\u0131l\u0131\u00e7daro\u011flu, Tekirda\u011f&#8217;da partisince d\u00fczenlenen mitingden \u00f6nce baz\u0131 a\u00e7\u0131l\u0131\u015f t\u00f6renlerine kat\u0131ld\u0131. Gen\u00e7lik Merkezi ve Belediye Konservatuvar\u0131&#8217;n\u0131n a\u00e7\u0131l\u0131\u015f\u0131na kat\u0131lan K\u0131l\u0131\u00e7daro\u011flu, \u00f6\u011frencilerin seslendirdi\u011fi \u015fark\u0131lar\u0131 dinledi. Belediye taraf\u0131ndan Muratl\u0131 Caddesi \u00fczerine yapt\u0131r\u0131lan alt ve \u00fcst ge\u00e7itin temel atma t\u00f6reninde kat\u0131lan K\u0131l\u0131\u00e7daro\u011flu, Tekirda\u011f Belediye Ba\u015fkan\u0131 Adem Dalg\u0131\u00e7&#8217;la beraber temele ilk kazmay\u0131 vurdu.<\/p>\n<p style=\"text-align: justify;\">Daha sonra Cengiz Topel Meydan\u0131&#8217;nda vatanda\u015flara seslenen K\u0131l\u0131\u00e7daro\u011flu, 12 Haziran&#8217;da &#8221;Yalan\u0131n, talan\u0131n sonunun g\u00f6r\u00fcnece\u011fini, halk\u0131n iktidar\u0131n\u0131n i\u015f ba\u015f\u0131na gelece\u011fini&#8221; s\u00f6yledi. K\u0131l\u0131\u00e7daro\u011flu, AK Parti&#8217;nin yoksulluk, yolsuzluk ve yasaklar\u0131 yok edece\u011fini s\u00f6yleyerek iktidara geldi\u011fini belirterek, \u015f\u00f6yle devam etti:<\/p>\n<p style=\"text-align: justify;\">&#8221;(Kul hakk\u0131 yemeyiz, yolsuzlukla m\u00fccadele edece\u011fiz, hesap soraca\u011f\u0131z) dediler. Ama geldiler yolsuzluk bata\u011f\u0131na g\u00f6m\u00fcld\u00fcler. Say\u0131n Ba\u015fbakan&#8217;a Kayseri&#8217;de r\u00fc\u015fveti toplayan adam\u0131n tuttu\u011fu notlar\u0131 g\u00f6nderdim. Dedik ki Say\u0131n Ba\u015fbakan, sabah ak\u015fam diyorsun ki &#8216;kul hakk\u0131 yiyenlere kar\u015f\u0131y\u0131m.&#8217; Gere\u011fini yap, Kayseri&#8217;ye 2 m\u00fcfetti\u015f g\u00f6nder dedik. Ba\u015fbakan, &#8216;Fotokopilere de bakt\u0131m ama alt\u0131nda r\u00fc\u015fvet veren insan\u0131n imzas\u0131 yok&#8217; diyor. Ben de buradan diyorum ki imza yoksa alt\u0131na imzay\u0131 sen at. Ne farkeder? Yolsuzluklar\u0131 soru\u015fturmayan\u0131n T\u00fcrkiye&#8217;nin kaynaklar\u0131n\u0131 sa\u011fl\u0131kl\u0131 kullanma hakk\u0131 yoktur. &#8216;Ben kul hakk\u0131 yemiyorum&#8217; demeye de hakk\u0131 yoktur. O r\u00fc\u015fvet toplayan adam\u0131n imzas\u0131 olsayd\u0131, imza var ama adam\u0131n parmak izi yok diyecekti. Parmak izi olsayd\u0131, imza \u0131slak imza diyecekti. Elli dereden su getirecekti. Sen Ba\u015fbakans\u0131n, yolsuzlu\u011fun \u00fczerine gideceksin. Biz de &#8216;Helal olsun&#8217; diyece\u011fiz.&#8221;<\/p>\n<p style=\"text-align: justify;\"><strong>BA\u015eSAVCILI\u011eA &#8221;YGS&#8221; S\u0130TEM\u0130<\/strong><\/p>\n<p style=\"text-align: justify;\">&#8221;YGS&#8217;de \u015fifre&#8221; iddialar\u0131na da de\u011finen CHP lideri K\u0131l\u0131\u00e7daro\u011flu, 1 milyon 700 bin \u00f6\u011frencinin umutlar\u0131n\u0131n s\u00f6nd\u00fcr\u00fcld\u00fc\u011f\u00fcn\u00fc belirterek, konu\u015fmas\u0131n\u0131 \u015f\u00f6yle s\u00fcrd\u00fcrd\u00fc:<\/p>\n<p style=\"text-align: justify;\">&#8221;Adam \u00f6nce inkar etti, sonra &#8216;sehven oldu&#8217;, sonra &#8216;\u015fifre var, ne yapal\u0131m?&#8217; diyor. Bunu s\u00f6yleyen adam\u0131n koltu\u011funda oturmas\u0131 ahlaki midir? Ona arka \u00e7\u0131k\u0131yorlar, &#8216;Sen koltu\u011funda otur&#8217; diyorlar. 1 milyon 700 bin \u00e7ocu\u011fumuzun ailelerine sesleniyorum, \u00e7ocuklar\u0131m\u0131z\u0131n gelece\u011fini, umudunu s\u00f6nd\u00fcren insanlar\u0131n \u015fifresini bozun. O insanlar\u0131 sand\u0131\u011fa g\u00f6melim. Sand\u0131\u011fa g\u00f6melim, m\u00fccadelemizi beraber yapal\u0131m. Savc\u0131l\u0131k karar\u0131 a\u00e7\u0131klanmadan gitti savc\u0131l\u0131ktan bilgi ald\u0131. Ondan sonra da s\u0131nav sonu\u00e7lar\u0131n\u0131 a\u00e7\u0131klad\u0131. Yasalara g\u00f6re soru\u015fturmalar gizlidir ve a\u00e7\u0131klama yap\u0131yorlar, &#8216;Hepsini \u00f6\u011frendik, kopya \u00e7ekilmemi\u015f&#8217; diyorlar. Nereden \u00f6\u011frendin? Ankara ba\u015fsavc\u0131s\u0131na sesleniyorum, soru\u015fturma gizliyse nas\u0131l h\u00fck\u00fcmete bilgi verdin, o \u015fifreli s\u0131nav\u0131 yapan insana nas\u0131l bilgi verdin? Sen iktidar\u0131n borazanl\u0131\u011f\u0131n\u0131 m\u0131 yapacaks\u0131n yoksa bu \u00fclkenin Cumhuriyet Savc\u0131l\u0131\u011f\u0131n\u0131 m\u0131?&#8221;<\/p>\n<p style=\"text-align: justify;\">Emeklilerin durumlar\u0131ndan memnun olmad\u0131\u011f\u0131n\u0131, 9 milyon emekli bulundu\u011funu, e\u015fleriyle say\u0131lar\u0131n\u0131n 18 milyonu buldu\u011funu belirten K\u0131l\u0131\u00e7daro\u011flu, emekliler i\u00e7in intibak yasas\u0131n\u0131 \u00e7\u0131karacaklar\u0131n\u0131 ve milli gelir art\u0131\u015f\u0131ndan pay vereceklerini s\u00f6yledi. K\u0131l\u0131\u00e7daro\u011flu, emekliler ve ailelerinin bir partiyi iktidar yapacak g\u00fcce sahip olduklar\u0131n\u0131 kaydetti.<\/p>\n<p style=\"text-align: justify;\">K\u0131l\u0131\u00e7daro\u011flu, her kesimin sorunlar\u0131yla ilgilendiklerini, \u00e7\u00f6z\u00fcm \u00fcrettiklerini ve t\u00fcm projelerinin insan odakl\u0131 oldu\u011funu vurgulad\u0131.<\/p>\n<p style=\"text-align: justify;\"><a href=\"http:\/\/www.gazeteport.com.tr\/SIYASET\/NEWS\/GP_896427\" target=\"_blank\">Kaynak : GAZETEPORT<\/a><\/p>\n","protected":false},"excerpt":{"rendered":"<p style=\"text-align: justify;\">\n<p style=\"text-align: justify;\">CHP lideri K\u0131l\u0131\u00e7daro\u011flu, YGS&#8217;de kopyal\u0131 \u015fifre iddilar\u0131n\u0131 ara\u015ft\u0131ran Ankara Ba\u015fsavc\u0131l\u0131\u011f\u0131&#8217;na, &#8220;Soru\u015fturma gizliyse h\u00fck\u00fcmete nas\u0131l bilgi verdin?&#8221; dedi, YGS ma\u011fduru \u00f6\u011frencilere ve ailelerine seslendi: &#8220;\u00c7ocuklar\u0131m\u0131z\u0131n gelece\u011fini, umudunu s\u00f6nd\u00fcren insanlar\u0131n \u015fifresini bozun. O insanlar\u0131 sand\u0131\u011fa g\u00f6melim.&#8221;<\/p>\n","protected":false},"author":1,"featured_media":0,"comment_status":"open","ping_status":"closed","sticky":false,"template":"","format":"standard","meta":{"footnotes":""},"categories":[105],"tags":[],"class_list":["post-31351","post","type-post","status-publish","format-standard","hentry","category-gundem","odd"],"_links":{"self":[{"href":"http:\/\/www.korhanyilmaz.com\/index.php?rest_route=\/wp\/v2\/posts\/31351","targetHints":{"allow":["GET"]}}],"collection":[{"href":"http:\/\/www.korhanyilmaz.com\/index.php?rest_route=\/wp\/v2\/posts"}],"about":[{"href":"http:\/\/www.korhanyilmaz.com\/index.php?rest_route=\/wp\/v2\/types\/post"}],"author":[{"embeddable":true,"href":"http:\/\/www.korhanyilmaz.com\/index.php?rest_route=\/wp\/v2\/users\/1"}],"replies":[{"embeddable":true,"href":"http:\/\/www.korhanyilmaz.com\/index.php?rest_route=%2Fwp%2Fv2%2Fcomments&post=31351"}],"version-history":[{"count":0,"href":"http:\/\/www.korhanyilmaz.com\/index.php?rest_route=\/wp\/v2\/posts\/31351\/revisions"}],"wp:attachment":[{"href":"http:\/\/www.korhanyilmaz.com\/index.php?rest_route=%2Fwp%2Fv2%2Fmedia&parent=31351"}],"wp:term":[{"taxonomy":"category","embeddable":true,"href":"http:\/\/www.korhanyilmaz.com\/index.php?rest_route=%2Fwp%2Fv2%2Fcategories&post=31351"},{"taxonomy":"post_tag","embeddable":true,"href":"http:\/\/www.korhanyilmaz.com\/index.php?rest_route=%2Fwp%2Fv2%2Ftags&post=31351"}],"curies":[{"name":"wp","href":"https:\/\/api.w.org\/{rel}","templated":true}]}}