{"id":31348,"date":"2011-04-30T10:40:22","date_gmt":"2011-04-30T07:40:22","guid":{"rendered":"http:\/\/www.korhanyilmaz.com\/?p=31348"},"modified":"2011-04-30T10:40:22","modified_gmt":"2011-04-30T07:40:22","slug":"saglik-bakani-hakkinda-onemli-iddia","status":"publish","type":"post","link":"http:\/\/www.korhanyilmaz.com\/?p=31348","title":{"rendered":"Sa\u011fl\u0131k Bakan\u0131 hakk\u0131nda \u00f6nemli iddia"},"content":{"rendered":"<p style=\"text-align: justify;\"><a href=\"http:\/\/www.korhanyilmaz.com\/wp-content\/uploads\/2011\/04\/087.jpg\"  class=\"lightview\"><img loading=\"lazy\" decoding=\"async\" class=\"aligncenter size-full wp-image-31349\" src=\"http:\/\/www.korhanyilmaz.com\/wp-content\/uploads\/2011\/04\/087.jpg\" alt=\"\" width=\"414\" height=\"220\" \/><\/a><\/p>\n<p style=\"text-align: justify;\">CHP lideri K\u0131l\u0131\u00e7daro\u011flu, Sa\u011fl\u0131k Bakan\u0131 Recep Akda\u011f&#8217;\u0131n, Van&#8217;daki bir yolsuzluk dosyas\u0131 i\u00e7in &#8220;soru\u015fturmay\u0131n&#8221; talimat\u0131 verdi\u011fini ve soru\u015fturmay\u0131 durdu\u011funu iddia etti. K\u0131l\u0131\u00e7daro\u011flu, &#8220;Bakan&#8217;\u0131n yazd\u0131\u011f\u0131 oyaz\u0131n\u0131n belgesi de bizde&#8221; dedi.<\/p>\n<p style=\"text-align: justify;\">K\u0131l\u0131\u00e7daro\u011flu, &#8220;Deniz feneri&#8221; yolsuzluk dosyas\u0131 i\u00e7in de savc\u0131lara se\u00e7im sonras\u0131na b\u0131rak\u0131n talimat\u0131 verildi\u011fini savundu.<!--more--><\/p>\n<p style=\"text-align: justify;\">ANKARA- CHP Genel Ba\u015fkan\u0131 Kemal K\u0131l\u0131\u00e7daro\u011flu, Sa\u011fl\u0131k Bakan\u0131 Recep Akda\u011f hakk\u0131nda \u00f6nemli bir iddiada bulunurken, Deniz Feneri dosyas\u0131n\u0131n da savc\u0131lar taraf\u0131ndan se\u00e7im sonras\u0131na b\u0131rak\u0131ld\u0131\u011f\u0131n\u0131, \u00e7\u00fcnk\u00fc \u00f6yle talimat al\u0131nd\u0131\u011f\u0131n\u0131 savundu. K\u0131l\u0131\u00e7daro\u011flu, &#8220;\u0130ktidara gelirseniz \u00d6calan ile m\u00fczakere eder msiniz?&#8221; sorusuna da cevap verdi.<\/p>\n<p style=\"text-align: justify;\">K\u0131l\u0131\u00e7daro\u011flu, CNN T\u00fcrk televizyon kanal\u0131nda yay\u0131mlanan programa kat\u0131larak gazetecilerin sorular\u0131n\u0131 yan\u0131tlad\u0131.<\/p>\n<p style=\"text-align: justify;\"><strong>&#8221;SA\u011eLIK BAKANI SORU\u015eTURMAYI DURDURUN YAZISI YAZDI&#8221;<\/strong><\/p>\n<p style=\"text-align: justify;\">Se\u00e7im kampanyas\u0131 s\u00fcresince yolsuzluklarla ilgili \u00f6zel bir dosya a\u00e7\u0131klamad\u0131\u011f\u0131n\u0131n belirtilmesi ve &#8221;Yolsuzluk yok herhalde memlekette yoksa siz mi yakalayam\u0131yorsunuz?&#8221; \u015feklindeki bir soru \u00fczerine de K\u0131l\u0131\u00e7daro\u011flu, &#8221;Hay\u0131r yolsuzluk \u00e7ok. O kadar \u00e7ok yolsuzluk var ki&#8230;&#8221; dedi.<\/p>\n<p style=\"text-align: justify;\">A\u00e7\u0131klamama nedeninin sorulmas\u0131 \u00fczerine de K\u0131l\u0131\u00e7daro\u011flu, &#8221;Hangi gazeteci yazacak? E\u011fer yazacaksan\u0131z, man\u015fete ta\u015f\u0131yacaksan\u0131z T\u00fcrkiye&#8217;nin g\u00fcndemine otursun diye, ben size bir bakan\u0131n yap\u0131lan bir soru\u015fturmay\u0131 &#8216;durdurun&#8217; diye yazd\u0131\u011f\u0131 yaz\u0131y\u0131 g\u00f6ndereyim. Ama hi\u00e7 kimse korkudan yay\u0131mlayamaz ki&#8230;&#8221; \u015feklinde konu\u015ftu.<\/p>\n<p style=\"text-align: justify;\">S\u00f6zlerinin ard\u0131ndan canl\u0131 yay\u0131n yap\u0131ld\u0131\u011f\u0131n\u0131n belirtilmesi ve soru\u015fturmaya ili\u015fkin sorular sorulmas\u0131 \u00fczerine de K\u0131l\u0131\u00e7daro\u011flu, &#8221;\u015eimdiki Sa\u011fl\u0131k Bakan\u0131&#8230; Van&#8217;daki bir soru\u015fturmay\u0131 durduruyor. Yolsuzluk dosyas\u0131n\u0131 &#8216;soru\u015fturmay\u0131n&#8217; diyor. \u00c7\u00fcnk\u00fc yolsuzluk saptanm\u0131\u015f, rapora ba\u011flanm\u0131\u015f&#8230;&#8217;Durdurun&#8217; diyor soru\u015fturmay\u0131. Valili\u011fe yaz\u0131yor. Ama yaz\u0131y\u0131 isterseniz, yan\u0131mda de\u011fil, Ankara&#8217;da. Bilseydim bu kadar ilgi \u00e7ekece\u011fini, rahatl\u0131kla yaz\u0131y\u0131 da getirir g\u00f6sterirdim. Ama Say\u0131n Bakan duyuyordur herhalde bizi. Yar\u0131n desin &#8216;ben b\u00f6yle bir yaz\u0131 imzalamad\u0131m&#8217;, ben sevinirim.&#8221;<\/p>\n<p style=\"text-align: justify;\"><strong>&#8220;YOLSUZLU\u011eUN BELGES\u0130N\u0130 BA\u015eBAKAN&#8217;A G\u00d6NDERD\u0130K AMA&#8230;&#8221;<\/strong><\/p>\n<p style=\"text-align: justify;\">&#8221;Meydanlarda a\u00e7\u0131klay\u0131n, meydanlar sizin&#8221; s\u00f6zleri \u00fczerine de K\u0131l\u0131\u00e7daro\u011flu, Kayseri&#8217;deki yolsuzluk iddialar\u0131yla ilgili r\u00fc\u015fvet defterinin fotokopisini Ba\u015fbakan Recep Tayyip Erdo\u011fan&#8217;a g\u00f6nderdi\u011fini an\u0131msatt\u0131. K\u0131l\u0131\u00e7daro\u011flu, bu olaylar kar\u015f\u0131s\u0131nda medyadan bekledikleri yank\u0131y\u0131 bulamad\u0131klar\u0131n\u0131 belirtti.<\/p>\n<p style=\"text-align: justify;\">&#8221;Olay \u00fczerine yap\u0131lan a\u00e7\u0131klamalar\u0131n, durumu karma\u015f\u0131k ve anla\u015f\u0131lmaz hale getirdi\u011finin&#8221; s\u00f6ylenmesi \u00fczerine de K\u0131l\u0131\u00e7daro\u011flu, &#8221;Ama \u00f6yle bir medya var ki kar\u015f\u0131n\u0131zda. Her \u015feyi b\u0131rak\u0131yorum. Ortada bir r\u00fc\u015fvet defteri var. CHP&#8217;li belediyelere sorun, &#8216;size y\u0131lda ka\u00e7 denet\u00e7i geliyor&#8217; diye? Bak\u0131rk\u00f6y&#8217;e gelen herhalde 20&#8217;nin \u00fczerindedir, 60&#8217;t\u0131r, 100&#8217;d\u00fcr. Her olayda gelir. R\u00fc\u015fvet defteri var. Oraya iki m\u00fcfetti\u015f g\u00f6nder, yanda\u015f m\u00fcfetti\u015f g\u00f6nder&#8230; Onlar bile g\u00f6rmezlikten gelemez&#8221; diye konu\u015ftu.<\/p>\n<p style=\"text-align: justify;\"><strong>ANKARA BA\u015eSAVCISI&#8217;NA &#8220;DEN\u0130Z FENER\u0130&#8221; G\u00d6NDERMES\u0130<\/strong><\/p>\n<p style=\"text-align: justify;\">Olay\u0131n \u015fu an ciddi olarak ara\u015ft\u0131r\u0131ld\u0131\u011f\u0131n\u0131, kendilerinin de olay\u0131 takip ettiklerini dile getiren K\u0131l\u0131\u00e7daro\u011flu, \u015f\u00f6yle devam etti:<\/p>\n<p style=\"text-align: justify;\">&#8221;Bak\u0131n \u00fcz\u00fcld\u00fc\u011f\u00fcm noktalardan birisi \u015fu. Deniz Feneri olay\u0131nda. Bu kadar gecikmenin nedeni nedir? YGS&#8217;de \u00e7\u0131kar, Ankara Cumhuriyet Ba\u015fsavc\u0131s\u0131 a\u00e7\u0131klama yapar eyvallah. Niye Deniz Feneri&#8217;nde a\u00e7\u0131klama yapm\u0131yorsun? Benim bildi\u011fim kadar\u0131yla &#8216;Deniz Feneri davas\u0131n\u0131 se\u00e7im sonras\u0131na erteleyin&#8217; diye talimat verildi. \u00c7\u0131ks\u0131n Ba\u015fsavc\u0131 &#8216;Ben talimat vermedim&#8217; desin. Ankara Cumhuriyet Ba\u015fsavc\u0131s\u0131 &#8216;Ben bu olay\u0131n bir an \u00f6nce a\u00e7\u0131kl\u0131\u011fa kavu\u015fmas\u0131n\u0131 istiyorum&#8217; desin. Niye s\u00f6ylemiyor? Almanya&#8217;ya gittiler. T\u00fcm deliller topland\u0131, yaz\u0131lar yaz\u0131ld\u0131. Niye dava a\u00e7\u0131lm\u0131yor? Ben ad\u0131m gibi biliyorum. Daha ayr\u0131nt\u0131 vermek istemiyorum. O savc\u0131lar\u0131 da g\u00f6revden alacaklar da fakat bu ara al\u0131rlarsa k\u0131yamet kopar diye korkuyorlar. Davay\u0131 da a\u00e7t\u0131rmayacaklar.<\/p>\n<p style=\"text-align: justify;\">E\u011fer ba\u015fsavc\u0131, ba\u015fsavc\u0131ysa \u00e7\u0131ks\u0131n savc\u0131lara sorsun, &#8216;Karde\u015fim bu dava ka\u00e7 y\u0131ld\u0131r sizin elinizde. Ne yap\u0131yorsunuz siz? Niye davay\u0131 a\u00e7m\u0131yorsunuz?&#8217; diye niye sormuyor?&#8221;<\/p>\n<p style=\"text-align: justify;\">Bu durum i\u00e7in elinde bir kan\u0131t\u0131n bulunup bulunmad\u0131\u011f\u0131n\u0131n sorulmas\u0131 \u00fczerine de K\u0131l\u0131\u00e7daro\u011flu, &#8221;B\u00f6yle bir yaz\u0131 olur mu? Hangi savc\u0131 b\u00f6yle bir yaz\u0131y\u0131 yazar&#8221; dedi.<\/p>\n<p style=\"text-align: justify;\"><strong>&#8220;K\u0130MSE BU \u00dcLKEDE YARGI BA\u011eIMSIZDIR D\u0130YEMEZ&#8221;<\/strong><\/p>\n<p style=\"text-align: justify;\">&#8221;Kars&#8217;taki heykel i\u00e7in y\u00fcr\u00fctmeyi durdurma veren mahkemenin ba\u015fkan\u0131n\u0131n s\u00fcr\u00fcld\u00fc\u011f\u00fcn\u00fc, y\u00fcr\u00fctmeyi durdurmay\u0131 kald\u0131ran yarg\u0131c\u0131n da mahkeme ba\u015fkan\u0131 olarak hemen atand\u0131\u011f\u0131n\u0131&#8221; savunan K\u0131l\u0131\u00e7daro\u011flu, &#8221;Bana hi\u00e7 kimse kalk\u0131p bu \u00fclkede &#8216;yarg\u0131 ba\u011f\u0131ms\u0131zd\u0131r&#8217; diyemez&#8221; dedi. K\u0131l\u0131\u00e7daro\u011flu, &#8221;Hukuk varsa gere\u011fi yerine getirilsin&#8221; diye konu\u015ftu.<\/p>\n<p style=\"text-align: justify;\"><strong>&#8220;\u00d6CALAN \u0130LE M\u00dcZAKEREY\u0130 DEVAM ETT\u0130R\u0130R M\u0130S\u0130N\u0130Z?&#8221;<\/strong><\/p>\n<p style=\"text-align: justify;\">K\u0131l\u0131\u00e7daro\u011flu, &#8221;\u00d6calan ile m\u00fczakereyi devam ettirir misiniz?&#8221; \u015feklindeki bir soru \u00fczerine de Do\u011fu ve G\u00fcneydo\u011fu ile ilgili CHP kadar somut s\u00f6ylemde bulunan hi\u00e7bir siyasi parti olmad\u0131\u011f\u0131n\u0131 ifade etti.<\/p>\n<p style=\"text-align: justify;\">Ter\u00f6r\u00fc bitirmeye kararl\u0131 olduklar\u0131n\u0131 belirten K\u0131l\u0131\u00e7daro\u011flu, demokrasi, \u00f6zg\u00fcrl\u00fck ve insan haklar\u0131n\u0131n temel norm olarak belirlenmesi gerekti\u011fini dile getirdi. Sorunun toplumsal bir uzla\u015fma ile a\u015f\u0131lmas\u0131 gerekti\u011fine i\u015faret eden K\u0131l\u0131\u00e7daro\u011flu, \u015f\u00f6yle devam etti:<\/p>\n<p style=\"text-align: justify;\">&#8221;T\u00fcrkiye&#8217;nin ger\u00e7e\u011fi budur. AKP&#8217;nin en b\u00fcy\u00fck hatas\u0131 toplumsal uzla\u015fma aray\u0131\u015f\u0131na girmemesidir. Say\u0131n Bah\u00e7eli, &#8216;Siz Apo ile g\u00f6r\u00fc\u015f\u00fcyorsunuz&#8217; dedi\u011fi zaman, &#8216;\u015ferefsizler&#8217; s\u00f6zc\u00fc\u011f\u00fcn\u00fc kulland\u0131. \u015eimdi ne diyecek, kim \u015ferefsiz? G\u00f6r\u00fc\u015fmeyi inkar ediyorsun. Ecevit d\u00f6neminde de b\u00f6yle bir giri\u015fim oldu, olabilir. Yad\u0131rgamad\u0131\u011f\u0131m\u0131 da s\u00f6yledim. E\u011fer bu \u00fclkede bar\u0131\u015fa ihtiya\u00e7 varsa e\u011fer bu \u00fclkede insanlar \u00f6lmeyecekse&#8230; Bal\u0131kesir&#8217;de bir \u015fehit annesi ile konu\u015ftum. Umutsuz bir \u015fekilde bana bakt\u0131 \u015fehit annesi, &#8216;\u00c7ocu\u011fum \u015fehit oldu. Karde\u015fimin o\u011flu var, askere g\u00f6ndermiyoruz, \u00f6lmesin diye&#8217; dedi. Ne diyeceksiniz? \u0130nsanlar ya\u015famlar\u0131n\u0131 m\u0131 kaybetsinler, toplumsal uzla\u015fma ile bar\u0131\u015f\u0131 m\u0131 yakalayal\u0131m? Bar\u0131\u015f\u0131 yakalayaca\u011f\u0131z.<\/p>\n<p style=\"text-align: justify;\">AKP ikili oynuyor. Niye ikili oynuyorsunuz? D\u00f6nem geliyor, &#8216;Ben g\u00f6r\u00fc\u015fm\u00fcyorum, devlet g\u00f6r\u00fc\u015f\u00fcyor&#8217; diyor. Devlet dedi\u011finiz kim? Siz M\u0130T M\u00fcste\u015far\u0131&#8217;na &#8216;Git g\u00f6r\u00fc\u015f&#8217; derseniz g\u00f6r\u00fc\u015f\u00fcr, &#8216;G\u00f6r\u00fc\u015fme&#8217; derseniz gider g\u00f6r\u00fc\u015femez, o bir b\u00fcrokrat. Siz halk\u0131 aldat\u0131yorsunuz. Halk\u0131 aldatmak bir siyasi parti liderine yak\u0131\u015f\u0131r m\u0131? \u00c7\u0131k\u0131n, net s\u00f6yleyin.&#8221;<\/p>\n<p style=\"text-align: justify;\"><strong>&#8220;\u00c7ILGIN PROJE HALKI KANDIRMAKTAN BA\u015eKA B\u0130R \u015eEY DE\u011e\u0130L&#8221;<\/strong><\/p>\n<p style=\"text-align: justify;\">K\u0131l\u0131\u00e7daro\u011flu, bir soru \u00fczerine, zaman\u0131nda \u0130kinci Bo\u011faz K\u00f6pr\u00fcs\u00fc&#8217;ne kar\u015f\u0131 \u00e7\u0131kanlara sempati ile bakt\u0131\u011f\u0131n\u0131 s\u00f6yledi. &#8221;Kanal \u0130stanbul&#8221; projesini ele\u015ftiren K\u0131l\u0131\u00e7daro\u011flu, &#8221;Buradan gemiler parayla ge\u00e7ecek de\u011fil mi? Montr\u00f6 Antla\u015fman\u0131z var. B\u00fct\u00fcn gemiler Bo\u011faz&#8217;dan bedava ge\u00e7ecek, k\u0131lavuz bile zorunlu de\u011fil. \u015eimdi d\u00fc\u015f\u00fcn\u00fcn, bir yerden iki gemi de yan yana ge\u00e7ebilir, biri gider, biri gelir. Bir yerden de bir gemi ge\u00e7ecek, \u00f6b\u00fcr gemi ge\u00e7tikten sonra \u00f6b\u00fcr taraftaki gemi bu tarafa ge\u00e7ecek, o da parayla ge\u00e7ecek. Daha fazla uzun s\u00fcre bekleyecek. Hangisini tercih edersiniz. O zaman bu proje halk\u0131 kand\u0131rmaktan ba\u015fka nedir, bedava varken&#8221; diye konu\u015ftu.<\/p>\n<p style=\"text-align: justify;\">KCK davas\u0131n\u0131 ele\u015ftirenlerden biri oldu\u011funu belirten K\u0131l\u0131\u00e7daro\u011flu, &#8221;(\u0130lla savunmay\u0131 K\u00fcrt\u00e7e yapaca\u011f\u0131m), demek do\u011fru de\u011fil. Hakl\u0131yken sizi haks\u0131z konuma sokar. Savunman\u0131z\u0131 T\u00fcrk\u00e7e yap\u0131n, ne var bunda&#8221; dedi.<\/p>\n<p style=\"text-align: justify;\"><a href=\"http:\/\/www.gazeteport.com.tr\/SIYASET\/NEWS\/GP_896645\" target=\"_blank\">Kaynak : GAZETEPORT<\/a><\/p>\n","protected":false},"excerpt":{"rendered":"<p style=\"text-align: justify;\">\n<p style=\"text-align: justify;\">CHP lideri K\u0131l\u0131\u00e7daro\u011flu, Sa\u011fl\u0131k Bakan\u0131 Recep Akda\u011f&#8217;\u0131n, Van&#8217;daki bir yolsuzluk dosyas\u0131 i\u00e7in &#8220;soru\u015fturmay\u0131n&#8221; talimat\u0131 verdi\u011fini ve soru\u015fturmay\u0131 durdu\u011funu iddia etti. K\u0131l\u0131\u00e7daro\u011flu, &#8220;Bakan&#8217;\u0131n yazd\u0131\u011f\u0131 oyaz\u0131n\u0131n belgesi de bizde&#8221; dedi.<\/p>\n<p style=\"text-align: justify;\">K\u0131l\u0131\u00e7daro\u011flu, &#8220;Deniz feneri&#8221; yolsuzluk dosyas\u0131 i\u00e7in de savc\u0131lara se\u00e7im sonras\u0131na b\u0131rak\u0131n talimat\u0131 verildi\u011fini savundu.<\/p>\n","protected":false},"author":1,"featured_media":0,"comment_status":"open","ping_status":"closed","sticky":false,"template":"","format":"standard","meta":{"footnotes":""},"categories":[105],"tags":[],"class_list":["post-31348","post","type-post","status-publish","format-standard","hentry","category-gundem","odd"],"_links":{"self":[{"href":"http:\/\/www.korhanyilmaz.com\/index.php?rest_route=\/wp\/v2\/posts\/31348","targetHints":{"allow":["GET"]}}],"collection":[{"href":"http:\/\/www.korhanyilmaz.com\/index.php?rest_route=\/wp\/v2\/posts"}],"about":[{"href":"http:\/\/www.korhanyilmaz.com\/index.php?rest_route=\/wp\/v2\/types\/post"}],"author":[{"embeddable":true,"href":"http:\/\/www.korhanyilmaz.com\/index.php?rest_route=\/wp\/v2\/users\/1"}],"replies":[{"embeddable":true,"href":"http:\/\/www.korhanyilmaz.com\/index.php?rest_route=%2Fwp%2Fv2%2Fcomments&post=31348"}],"version-history":[{"count":0,"href":"http:\/\/www.korhanyilmaz.com\/index.php?rest_route=\/wp\/v2\/posts\/31348\/revisions"}],"wp:attachment":[{"href":"http:\/\/www.korhanyilmaz.com\/index.php?rest_route=%2Fwp%2Fv2%2Fmedia&parent=31348"}],"wp:term":[{"taxonomy":"category","embeddable":true,"href":"http:\/\/www.korhanyilmaz.com\/index.php?rest_route=%2Fwp%2Fv2%2Fcategories&post=31348"},{"taxonomy":"post_tag","embeddable":true,"href":"http:\/\/www.korhanyilmaz.com\/index.php?rest_route=%2Fwp%2Fv2%2Ftags&post=31348"}],"curies":[{"name":"wp","href":"https:\/\/api.w.org\/{rel}","templated":true}]}}