{"id":31330,"date":"2011-04-30T08:55:01","date_gmt":"2011-04-30T05:55:01","guid":{"rendered":"http:\/\/www.korhanyilmaz.com\/?p=31330"},"modified":"2011-04-30T08:55:01","modified_gmt":"2011-04-30T05:55:01","slug":"saglik-bakani-hakkinda-sok-iddia","status":"publish","type":"post","link":"http:\/\/www.korhanyilmaz.com\/?p=31330","title":{"rendered":"Sa\u011fl\u0131k Bakan\u0131 hakk\u0131nda \u015fok iddia"},"content":{"rendered":"<p style=\"text-align: justify;\"><a href=\"http:\/\/www.korhanyilmaz.com\/wp-content\/uploads\/2011\/04\/078.jpg\"  class=\"lightview\"><img loading=\"lazy\" decoding=\"async\" class=\"aligncenter size-full wp-image-31331\" src=\"http:\/\/www.korhanyilmaz.com\/wp-content\/uploads\/2011\/04\/078.jpg\" alt=\"\" width=\"346\" height=\"266\" \/><\/a><\/p>\n<p style=\"text-align: justify;\">CNN T\u00dcRK&#8217;te &#8220;Liderler Zirvesi&#8221;nde gazetecilerin sorular\u0131n\u0131 yan\u0131tlayan CHP Genel Ba\u015fkan\u0131 Kemal K\u0131l\u0131\u00e7daro\u011flu, Sa\u011fl\u0131k Bakan\u0131 Recep Akda\u011f ile ilgili \u015fok bir iddiada bulundu. Akda\u011f&#8217;\u0131n Van&#8217;da y\u00fcr\u00fct\u00fclen bir yolsuzluk soru\u015fturmas\u0131n\u0131 kapatt\u0131rd\u0131\u011f\u0131n\u0131 \u00f6ne s\u00fcren K\u0131l\u0131\u00e7daro\u011flu, elinde bu konuyla ilgili belge oldu\u011funu s\u00f6yleyerek Akda\u011f&#8217;a \u00e7a\u011fr\u0131 yapt\u0131.<!--more--><\/p>\n<p style=\"text-align: justify;\">K\u0131l\u0131\u00e7daro\u011flu, CNN T\u00fcrk televizyon kanal\u0131nda, Liderler Zirvesi adl\u0131 programa konuk olarak kat\u0131larak, gazetecilerin g\u00fcndeme ili\u015fkin sorular\u0131n\u0131 yan\u0131tlad\u0131.<\/p>\n<p style=\"text-align: justify;\">&#8220;Yak\u0131n \u00e7evrenizde size ac\u0131 s\u00f6yleyecek dost, size &#8216;\u015eurada yanl\u0131\u015fs\u0131n\u0131z&#8217; diyecek bir dan\u0131\u015fman kadrosu var m\u0131? OnlarI dinler misiniz, dinliyor musunuz?&#8221; sorusu \u00fczerine K\u0131l\u0131\u00e7daro\u011flu, &#8220;Kadro de\u011fil, bir ordu var neredeyse. E\u011fer bir \u015feyi yanl\u0131\u015f s\u00f6ylemi\u015fsem bana hat\u0131rlat\u0131yorlar. Sadece dan\u0131\u015fman d\u00fczeyinde de\u011fil, genel ba\u015fkan yard\u0131mc\u0131lar\u0131 da di\u011fer arkada\u015flar da hatta il ba\u015fkanlar\u0131m\u0131z da bunu s\u00f6yl\u00fcyorlar. Dinlemek benim g\u00f6revim&#8221; diye konu\u015ftu.<\/p>\n<p style=\"text-align: justify;\">Zonguldak mitingindeki s\u00f6zleri hat\u0131rlat\u0131lan K\u0131l\u0131\u00e7daro\u011flu, &#8220;\u015eu malum s\u00f6zlerinizden sonra peki ka\u00e7 ki\u015fi size &#8216;Yanl\u0131\u015f yapt\u0131n\u0131z&#8217; dedi?&#8221; sorusuna \u015f\u00f6yle cevap verdi:<\/p>\n<p style=\"text-align: justify;\">&#8220;Hay\u0131r yanl\u0131\u015f yapt\u0131\u011f\u0131m\u0131 s\u00f6ylemediler. \u015eimdi ben o laf\u0131 ger\u00e7ekten s\u00f6yledi\u011fim gibi&#8230; Yani, yolsuzlukla beni anarsan, tehdit i\u00e7erebilecek anlamda gelecek bir c\u00fcmleyi kuracakt\u0131m. Fakat onun yanl\u0131\u015f oldu\u011funu d\u00fc\u015f\u00fcnd\u00fcm. Tabii o saniyelerle d\u00fc\u015f\u00fcnd\u00fc\u011f\u00fcm\u00fcz bir olay dikkat ederseniz, yani orada s\u00f6ylerken. &#8216;Anarsan&#8217;, ikinci kez onu tekrar ettim. Ama yolun yar\u0131s\u0131nda \u00e7\u00fcnk\u00fc &#8216;Aya\u011f\u0131n\u0131 denk al&#8217; demek \u00e7ok \u015f\u0131k bir \u015fey de\u011fildi. Sanki birisini tehdit ediyormu\u015f gibi bir alg\u0131 \u00e7\u0131kar diye ondan vazge\u00e7tim ve g\u00fclerek &#8216;Hadi neyse gerisini s\u00f6ylemeyeyim&#8217; dedim.<\/p>\n<p style=\"text-align: justify;\"><strong>&#8220;K\u00fcfretmedim, yanl\u0131\u015f anla\u015f\u0131ld\u0131&#8221;<\/strong><\/p>\n<p style=\"text-align: justify;\">\u015eimdi bunu maalesef \u00fcz\u00fclerek s\u00f6yl\u00fcyorum. AKP medyas\u0131 sanki ben Say\u0131n Ba\u015fbakan&#8217;\u0131n annesine k\u00fcfrediyormu\u015fum gibi yorumlad\u0131. Beni tan\u0131yanlar, kim olursa olsun benim d\u00fc\u015fmanlar\u0131m dahi, benim b\u00f6yle bir s\u00f6zc\u00fc\u011f\u00fc kullanmad\u0131\u011f\u0131m\u0131, kullanamayaca\u011f\u0131m\u0131 \u00e7ok iyi bilirler. M\u00fcmk\u00fcn de\u011fil b\u00f6yle bir \u015fey. Akl\u0131m\u0131n ucundan ge\u00e7meyen bir \u015fey.<\/p>\n<p style=\"text-align: justify;\">Sonra arkada\u015flar\u0131m beni uyard\u0131lar, dediler ki &#8216;Bunu yanl\u0131\u015f yorumlayabilirler&#8217;. &#8216;Bunun yanl\u0131\u015f yorumlanacak bir \u015feyi yok&#8217; dedim. &#8216;Hay\u0131r. Yanl\u0131\u015f yorumlanabilir. Bir a\u00e7\u0131klama yapar m\u0131s\u0131n?&#8217; dediler. Sorarlarsa yapar\u0131m. Sordular. &#8216;Say\u0131n Ba\u015fbakan&#8217;a y\u00f6nelik \u00e7ok sert bir a\u00e7\u0131klama yapacakt\u0131m. Sonra vazge\u00e7tim&#8217; dedim. Bu bile \u00e7ok sert \u00e7\u00fcnk\u00fc, bir ba\u015fbakana &#8216;Aya\u011f\u0131n\u0131 denk al&#8217; demek yani sert bir a\u00e7\u0131klamayd\u0131.&#8221;<\/p>\n<p style=\"text-align: justify;\">K\u0131l\u0131\u00e7daro\u011flu, &#8220;Beni as\u0131l \u00fczen \u015fey, benim bu a\u00e7\u0131klamalar\u0131ma ra\u011fmen Say\u0131n Ba\u015fbakan&#8217;\u0131n bunu kendi siyasal \u00e7\u0131kar\u0131 i\u00e7in kullanm\u0131\u015f olmas\u0131. Bir Ba\u015fbakan&#8217;a yak\u0131\u015fmaz. Ben a\u00e7\u0131klamay\u0131 yapm\u0131\u015f\u0131m zaten, &#8216;B\u00f6yle bir \u015fey benim akl\u0131m\u0131n ucundan ge\u00e7mez&#8217; diye. Beni tan\u0131yan her insan, benim anneler konusunda ne kadar duyarl\u0131 oldu\u011fumu bilirler. Ben Say\u0131n Ba\u015fbakan&#8217;\u0131n, &#8216;Al anan\u0131 da git&#8217; denilen anneye gidip elini \u00f6pen bir insan\u0131m. Ben \u00f6yle annelerin duyarl\u0131l\u0131\u011f\u0131n\u0131 da bilen, onlar\u0131n ne kadar \u00f6nemli oldu\u011funu insanlar\u0131n hayat\u0131 i\u00e7in ne kadar \u00f6nemli oldu\u011funu bilen bir insan\u0131m. Herkesin annesi herkes i\u00e7in kutsald\u0131r. Bunu siyasette kullanmamal\u0131y\u0131z&#8221; dedi.<\/p>\n<p style=\"text-align: justify;\">K\u0131l\u0131\u00e7daro\u011flu, &#8220;Ben hayat\u0131mda hi\u00e7bir politikac\u0131ya &#8216;\u015eerefsizler&#8217; demedim. Hayat\u0131mda hi\u00e7bir siyasal partiye ya da siyaset adam\u0131na &#8216;Cibilliyetsiz&#8217; demedim. Hi\u00e7bir yurtta\u015f\u0131ma da &#8216;Al anan\u0131 git&#8217; demedim. Benim \u00fcslubum belli, s\u00f6ylemim belli. Hepsi yaz\u0131l\u0131yor, \u00e7iziliyor, bantlarda var. E\u011fer anla\u015f\u0131lmayan bir \u015fey olursa onlar\u0131 s\u00f6ylerim. E\u011fer yanl\u0131\u015f bir \u015fey s\u00f6ylediysem, \u00e7\u0131kar o da yanl\u0131\u015fsa &#8216;Arkada\u015f ben burada yanl\u0131\u015f yapt\u0131m&#8217; derim. Ama onun d\u0131\u015f\u0131nda benim kullanmad\u0131\u011f\u0131m bir \u015feyin kullanm\u0131\u015f\u0131m gibi bana yaftalanmak istenmesine de isyan ederim&#8221; diye konu\u015ftu.<\/p>\n<p style=\"text-align: justify;\"><strong>&#8220;Ba\u015fbakan siyasette her \u015feyi kullan\u0131yor&#8221;<\/strong><\/p>\n<p style=\"text-align: justify;\">&#8220;Ba\u015fbakan&#8217;\u0131n, kendisinin Alevi kimli\u011fine de at\u0131fta bulundu\u011fu&#8221; hat\u0131rlat\u0131lan K\u0131l\u0131\u00e7daro\u011flu, &#8220;Onu da kullan\u0131yor Say\u0131n Ba\u015fbakan. Siyasette kullan\u0131yor. Her \u015feyi&#8230; Alevili\u011fi kullan\u0131yor, annesini kullan\u0131yor. Negatif bir \u015fey yapar diye onu da kullan\u0131yor siyasette. Yani bunu anlamamak i\u00e7in her halde hi\u00e7 gazete okumamak laz\u0131m, her halde bu k\u00fclt\u00fcr\u00fc hi\u00e7 bilmemek laz\u0131m, her halde T\u00fcrkiye&#8217;nin tarihini hi\u00e7 bilmemek laz\u0131m&#8221; dedi.<\/p>\n<p style=\"text-align: justify;\">&#8220;Peki siz Alevilerin Ba\u015fbakan\u0131 m\u0131 olacaks\u0131n\u0131z e\u011fer iktidara gelirseniz?&#8221; sorusunu ise K\u0131l\u0131\u00e7daro\u011flu, &#8220;Hay\u0131r, hay\u0131r. T\u00fcrkiye Cumhuriyeti&#8217;nin&#8230; Ben s\u00f6yledim, her yerde s\u00f6yl\u00fcyorum. Benim i\u00e7in yanda\u015f yok, vatanda\u015f var. Vatanda\u015f ba\u015f\u0131m\u0131n \u00fcst\u00fcnde. Hi\u00e7bir tart\u0131\u015fma yok orada&#8221; diye yan\u0131tlad\u0131.<\/p>\n<p style=\"text-align: justify;\">&#8220;Medyan\u0131n \u00fcslubunu, size kar\u015f\u0131 tavr\u0131n\u0131 nas\u0131l buluyorsunuz?&#8221; sorusu \u00fczerine K\u0131l\u0131\u00e7daro\u011flu, &#8220;\u0130ki t\u00fcr medya var. Bir medya, merkez medyas\u0131 dedi\u011fimiz, yani olaylar\u0131 daha sa\u011fl\u0131kl\u0131 yorumlayan, haberi objektif veren ama yorumda \u00f6zg\u00fcr olan medya. Buna sayg\u0131m\u0131z var. Ama bir ba\u015fka medya var. Biz onlara &#8216;yanda\u015f medya&#8217; diyoruz. Bunlar haberi de objektif vermiyorlar. Haber de tarafl\u0131 bir haber. Bundan m\u00fcthi\u015f rahats\u0131z\u0131z. Ama o medyayla da bundan sonra ismini vererek, a\u00e7\u0131k\u00e7a m\u00fccadele etmeye kararl\u0131y\u0131m&#8221; dedi.<\/p>\n<p style=\"text-align: justify;\"><strong>&#8220;Demirel ile milletvekili adayl\u0131klar\u0131n\u0131 g\u00f6r\u00fc\u015fmedim&#8221;<\/strong><\/p>\n<p style=\"text-align: justify;\">&#8220;Sinan Ayg\u00fcn ve Mehmet Haberal ile Turhan Tayan&#8217;\u0131n aday g\u00f6sterilmesi hususunda, S\u00fcleyman Demirel size herhangi bir tavsiyede, telkinde bulundu mu?&#8221; sorusuna K\u0131l\u0131\u00e7daro\u011flu, &#8220;Hay\u0131r. Demirel ile \u00e7ok \u00f6nceden g\u00f6r\u00fc\u015ft\u00fcm. Bir telefon g\u00f6r\u00fc\u015fmemiz oldu. Ondan \u00f6nce y\u00fcz y\u00fcze Isparta S\u00fcleyman Demirel \u00dcniversitesi&#8217;nde ben konferans veriyordum. Say\u0131n Demirel de konu\u015fmac\u0131yd\u0131. Birlikte u\u00e7akla d\u00f6nd\u00fck. En son y\u00fcz y\u00fcze g\u00f6r\u00fc\u015fmemiz o. Onun d\u0131\u015f\u0131nda bir kez telefonda g\u00f6r\u00fc\u015ft\u00fck. Ama aday belirleme konusu hay\u0131r, hay\u0131r&#8230;&#8221; diye yan\u0131t verdi.<\/p>\n<p style=\"text-align: justify;\">Eski\u015fehir merkez Tepeba\u015f\u0131 il\u00e7e Belediyesinin Resim Galerisi&#8217;nde bir sanat\u00e7\u0131 taraf\u0131ndan a\u00e7\u0131lan &#8220;Ucube-Ebucu&#8221; adl\u0131 sergiye ili\u015fkin olarak da K\u0131l\u0131\u00e7daro\u011flu, &#8220;Bug\u00fcn Belediye Ba\u015fkan\u0131&#8217;n\u0131 arkada\u015flar\u0131m\u0131z aram\u0131\u015flar &#8216;Nedir, bu? B\u00f6yle bir \u015fey nereden \u00e7\u0131kt\u0131?&#8217; diye. Bir sergi salonu var. Y\u0131llard\u0131r orada ressamlar, tablolar\u0131n\u0131 sergiliyorlar. O tablolarla CHP&#8217;li belediyenin hi\u00e7bir ilgisi yok. Ben \u015fahsen o resimlere \u00e7ok s\u0131cak bakan bir insan de\u011filim. Tabii bir ressam\u0131n \u00e7izgisine, resmine benim kat\u0131l\u0131p kat\u0131lmamam \u00e7ok \u00f6nemli de\u011fil. Sonu\u00e7ta ressam\u0131n da kendi f\u0131r\u00e7a \u00f6zg\u00fcrl\u00fc\u011f\u00fc var. \u0130stedi\u011fini yapar, istedi\u011fini yapmaz. Ama bir CHP&#8217;li belediye bunu yapt\u0131 diye sunmak, bence insafs\u0131zl\u0131k olur. CHP&#8217;li belediye orada hangi resimlerin sergilendi\u011fini bile bilmez&#8221; dedi.<\/p>\n<p style=\"text-align: justify;\">&#8220;Siyasetteki kaset olaylar\u0131na&#8221; ili\u015fkin bir soruya ise K\u0131l\u0131\u00e7daro\u011flu, savc\u0131lar\u0131n harekete ge\u00e7ip bunu ortaya \u00e7\u0131karmalar\u0131 gerekti\u011fini belirterek, &#8220;Say\u0131n Ba\u015fbakan da s\u0131k s\u0131k bu kaset olay\u0131n\u0131 dillendiriyor. Yasad\u0131\u015f\u0131 i\u015flemden medet umanlar bu \u00fclkede Ba\u015fbakanl\u0131k yapamazlar&#8221; \u015feklinde konu\u015ftu.<\/p>\n<p style=\"text-align: justify;\"><strong>&#8220;Devletin valisi oldu\u011funun fark\u0131nda bile de\u011fil&#8221;<\/strong><\/p>\n<p style=\"text-align: justify;\">&#8220;Bug\u00fcn oldu. \u0130stanbul&#8217;da Ba\u015fbakan Erdo\u011fan&#8217;\u0131n mitingi s\u0131ras\u0131nda belediye ba\u015fkan\u0131, il ba\u015fkan\u0131, milletvekili adaylar\u0131yla birlikte \u0130stanbul Valisi de sahnedeydi ve bu internet medyas\u0131nda ele\u015ftirildi. Bunu nas\u0131l buluyorsunuz? Miting meydan\u0131nda bir valinin ba\u015fbakan\u0131n yan\u0131nda olmas\u0131&#8230;&#8221; s\u00f6zleri \u00fczerine K\u0131l\u0131\u00e7daro\u011flu, &#8220;Yad\u0131rgam\u0131yorum. \u00c7\u00fcnk\u00fc \u00e7o\u011fu vali, &#8216;biz h\u00fck\u00fcmetin valisiyiz&#8217; diyor, devletin valisi oldu\u011funun fark\u0131nda bile de\u011fil&#8221; diye konu\u015ftu.<\/p>\n<p style=\"text-align: justify;\">T\u00fcrkiye Cumhuriyeti bayra\u011f\u0131n\u0131 arabas\u0131nda ta\u015f\u0131yanlar\u0131n b\u00fcy\u00fckel\u00e7i, cumhurba\u015fkan\u0131 ve vali oldu\u011funun alt\u0131n\u0131 \u00e7izen K\u0131l\u0131\u00e7daro\u011flu, \u015f\u00f6yle konu\u015ftu:<\/p>\n<p style=\"text-align: justify;\">&#8220;Ben de uzun y\u0131llar b\u00fcrokraside \u00e7al\u0131\u015ft\u0131m. Bakanlarla giderdik, bakanlar bir siyasi toplant\u0131ya girerse biz valilerle beraber d\u0131\u015far\u0131da beklerdik. Bakan toplant\u0131s\u0131n\u0131 yapar bitirirdi, sonra gelirdi biz beraber bir yere giderdik. Hi\u00e7bir zaman bakanlarla beraber bir siyasi toplant\u0131ya kat\u0131lmazd\u0131k. Valiler de kat\u0131lmad\u0131 benim g\u00f6rd\u00fc\u011f\u00fcm hi\u00e7 bir yerde.<\/p>\n<p style=\"text-align: justify;\">Ama AKP ile beraber bu tablo de\u011fi\u015fti. Valiler, AKP&#8217;nin valisi. Onlar T\u00fcrkiye Cumhuriyeti Devleti&#8217;nin valisi de\u011fil. Asl\u0131nda o insanlar\u0131n arabalar\u0131ndan T\u00fcrk bayraklar\u0131n\u0131 indirmesi laz\u0131m. AKP bayra\u011f\u0131 tak\u0131p gezebilirler. Hi\u00e7 yad\u0131rgamam. Do\u011frusunu yap\u0131yor \u00e7\u00fcnk\u00fc. Yap\u0131yorsan adam gibi do\u011frusunu yap.&#8221;<\/p>\n<p style=\"text-align: justify;\">K\u0131l\u0131\u00e7daro\u011flu, bu s\u00f6zleri daha \u00f6nce s\u00f6yleyip s\u00f6ylemedi\u011finin sorulmas\u0131 \u00fczerine de &#8220;\u0130lk kez s\u00f6yl\u00fcyorum&#8221; dedi. &#8220;\u015eimdi mi akl\u0131n\u0131za geldi bu s\u00f6zler&#8221; denilmesi \u00fczerine de &#8220;Evet \u015fimdi akl\u0131ma geldi&#8221; yan\u0131t\u0131n\u0131 verdi.<\/p>\n<p style=\"text-align: justify;\">Bir ba\u015fka soru \u00fczerine, Anayasa Mahkemesi Ba\u015fkan\u0131 Ha\u015fim K\u0131l\u0131\u00e7&#8217;\u0131n bir yemin t\u00f6reni dolay\u0131s\u0131yla davetiye g\u00f6nderilmesi konusunun ihmal edildi\u011fini farketmesi \u00fczerine kendisini arad\u0131\u011f\u0131n\u0131 aktaran K\u0131l\u0131\u00e7daro\u011flu, kendisinin ise \u0130stanbul&#8217;da bulunmas\u0131 nedeniyle t\u00f6rene kat\u0131lamayaca\u011f\u0131n\u0131 s\u00f6yledi\u011fini anlatt\u0131.<\/p>\n<p style=\"text-align: justify;\">Daha sonraki t\u00f6renlerin hi\u00e7 birinde davetiye almad\u0131\u011f\u0131n\u0131 bildiren K\u0131l\u0131\u00e7daro\u011flu, &#8220;Niye davetiye almad\u0131\u011f\u0131m\u0131z\u0131 bilmiyorum. Yasada yokmu\u015f galiba \u00f6yle bir gerek\u00e7e bulmu\u015f&#8221; dedi.<\/p>\n<p style=\"text-align: justify;\"><strong>&#8220;Bakan yolsuzluk soru\u015fturmas\u0131n\u0131 engelledi&#8221;<\/strong><\/p>\n<p style=\"text-align: justify;\">Se\u00e7im kampanyas\u0131 s\u00fcresince yolsuzluklarla ilgili \u00f6zel bir dosya a\u00e7\u0131klamad\u0131\u011f\u0131n\u0131n belirtilmesi ve &#8220;Yolsuzluk yok herhalde memlekette yoksa siz mi yakalayam\u0131yorsunuz?&#8221; \u015feklindeki bir soru \u00fczerine de K\u0131l\u0131\u00e7daro\u011flu, &#8220;Hay\u0131r yolsuzluk \u00e7ok. O kadar \u00e7ok yolsuzluk var ki&#8230;&#8221; dedi.<\/p>\n<p style=\"text-align: justify;\">A\u00e7\u0131klamama nedeninin sorulmas\u0131 \u00fczerine de K\u0131l\u0131\u00e7daro\u011flu, &#8220;Hangi gazeteci yazacak? E\u011fer yazacaksan\u0131z, man\u015fete ta\u015f\u0131yacaksan\u0131z T\u00fcrkiye&#8217;nin g\u00fcndemine otursun diye, ben size bir bakan\u0131n yap\u0131lan bir soru\u015fturmay\u0131 &#8216;durdurun&#8217; diye yazd\u0131\u011f\u0131 yaz\u0131y\u0131 g\u00f6ndereyim. Ama hi\u00e7 kimse korkudan yay\u0131mlayamaz ki&#8230;&#8221; \u015feklinde konu\u015ftu.<\/p>\n<p style=\"text-align: justify;\">S\u00f6zlerinin ard\u0131ndan canl\u0131 yay\u0131n yap\u0131ld\u0131\u011f\u0131n\u0131n belirtilmesi ve soru\u015fturmaya ili\u015fkin sorular sorulmas\u0131 \u00fczerine de K\u0131l\u0131\u00e7daro\u011flu, &#8220;\u015eimdiki Sa\u011fl\u0131k Bakan\u0131&#8230; Van&#8217;daki bir soru\u015fturmay\u0131 durduruyor. Yolsuzluk dosyas\u0131n\u0131 &#8216;soru\u015fturmay\u0131n&#8217; diyor. \u00c7\u00fcnk\u00fc yolsuzluk saptanm\u0131\u015f, rapora ba\u011flanm\u0131\u015f&#8230;&#8217;Durdurun&#8217; diyor soru\u015fturmay\u0131. Valili\u011fe yaz\u0131yor. Ama yaz\u0131y\u0131 isterseniz, yan\u0131mda de\u011fil, Ankara&#8217;da. Bilseydim bu kadar ilgi \u00e7ekece\u011fini, rahatl\u0131kla yaz\u0131y\u0131 da getirir g\u00f6sterirdim. Ama Say\u0131n Bakan duyuyordur herhalde bizi. Yar\u0131n desin &#8216;ben b\u00f6yle bir yaz\u0131 imzalamad\u0131m&#8217;, ben sevinirim&#8221; dedi.<\/p>\n<p style=\"text-align: justify;\">&#8220;Meydanlarda a\u00e7\u0131klay\u0131n, meydanlar sizin&#8221; s\u00f6zleri \u00fczerine de K\u0131l\u0131\u00e7daro\u011flu, Kayseri&#8217;deki yolsuzluk iddialar\u0131yla ilgili r\u00fc\u015fvet defterinin fotokopisini Ba\u015fbakan Recep Tayyip Erdo\u011fan&#8217;a g\u00f6nderdi\u011fini an\u0131msatt\u0131.<\/p>\n<p style=\"text-align: justify;\">K\u0131l\u0131\u00e7daro\u011flu, bu olaylar kar\u015f\u0131s\u0131nda medyadan bekledikleri yank\u0131y\u0131 bulamad\u0131klar\u0131n\u0131 belirtti.<\/p>\n<p style=\"text-align: justify;\">&#8220;Olay \u00fczerine yap\u0131lan a\u00e7\u0131klamalar\u0131n, durumu karma\u015f\u0131k ve anla\u015f\u0131lmaz hale getirdi\u011finin&#8221; s\u00f6ylenmesi \u00fczerine de K\u0131l\u0131\u00e7daro\u011flu, &#8220;Ama \u00f6yle bir medya var ki kar\u015f\u0131n\u0131zda. Her \u015feyi b\u0131rak\u0131yorum. Ortada bir r\u00fc\u015fvet defteri var. CHP&#8217;li belediyelere sorun, &#8216;size y\u0131lda ka\u00e7 denet\u00e7i geliyor&#8217; diye? Bak\u0131rk\u00f6y&#8217;e gelen herhalde 20&#8217;nin \u00fczerindedir, 60&#8217;t\u0131r, 100&#8217;d\u00fcr. Her olayda gelir. R\u00fc\u015fvet defteri var. Oraya iki m\u00fcfetti\u015f g\u00f6nder, yanda\u015f m\u00fcfetti\u015f g\u00f6nder&#8230; Onlar bile g\u00f6rmezlikten gelemez&#8221; diye konu\u015ftu.<\/p>\n<p style=\"text-align: justify;\">Olay\u0131n \u015fu an ciddi olarak ara\u015ft\u0131r\u0131ld\u0131\u011f\u0131n\u0131, kendilerinin de olay\u0131 takip ettiklerini dile getiren K\u0131l\u0131\u00e7daro\u011flu, \u015f\u00f6yle devam etti:<\/p>\n<p style=\"text-align: justify;\">&#8220;Bak\u0131n \u00fcz\u00fcld\u00fc\u011f\u00fcm noktalardan birisi \u015fu. Deniz Feneri olay\u0131nda. Bu kadar gecikmenin nedeni nedir? YGS&#8217;de \u00e7\u0131kar, Ankara Cumhuriyet Ba\u015fsavc\u0131s\u0131 a\u00e7\u0131klama yapar eyvallah. Niye Deniz Feneri&#8217;nde a\u00e7\u0131klama yapm\u0131yorsun? Benim bildi\u011fim kadar\u0131yla &#8216;Deniz Feneri davas\u0131n\u0131 se\u00e7im sonras\u0131na erteleyin&#8217; diye talimat verildi. \u00c7\u0131ks\u0131n Ba\u015fsavc\u0131 &#8216;Ben talimat vermedim&#8217; desin. Ankara Cumhuriyet Ba\u015fsavc\u0131s\u0131 &#8216;Ben bu olay\u0131n bir an \u00f6nce a\u00e7\u0131kl\u0131\u011fa kavu\u015fmas\u0131n\u0131 istiyorum&#8217; desin. Niye s\u00f6ylemiyor? Almanya&#8217;ya gittiler. T\u00fcm deliller topland\u0131, yaz\u0131lar yaz\u0131ld\u0131. Niye dava a\u00e7\u0131lm\u0131yor? Ben ad\u0131m gibi biliyorum. Daha ayr\u0131nt\u0131 vermek istemiyorum. O savc\u0131lar\u0131 da g\u00f6revden alacaklar da fakat bu ara al\u0131rlarsa k\u0131yamet kopar diye korkuyorlar. Davay\u0131 da a\u00e7t\u0131rmayacaklar.<\/p>\n<p style=\"text-align: justify;\">E\u011fer ba\u015fsavc\u0131, ba\u015fsavc\u0131ysa \u00e7\u0131ks\u0131n savc\u0131lara sorsun, &#8216;Karde\u015fim bu dava ka\u00e7 y\u0131ld\u0131r sizin elinizde. Ne yap\u0131yorsunuz siz? Niye davay\u0131 a\u00e7m\u0131yorsunuz?&#8217; diye niye sormuyor?&#8221;<\/p>\n<p style=\"text-align: justify;\">Bu durum i\u00e7in elinde bir kan\u0131t\u0131n bulunup bulunmad\u0131\u011f\u0131n\u0131n sorulmas\u0131 \u00fczerine de K\u0131l\u0131\u00e7daro\u011flu, &#8220;B\u00f6yle bir yaz\u0131 olur mu? Hangi savc\u0131 b\u00f6yle bir yaz\u0131y\u0131 yazar&#8221; dedi.<\/p>\n<p style=\"text-align: justify;\">&#8220;Kars&#8217;taki heykel i\u00e7in y\u00fcr\u00fctmeyi durdurma veren mahkemenin ba\u015fkan\u0131n\u0131n s\u00fcr\u00fcld\u00fc\u011f\u00fcn\u00fc, y\u00fcr\u00fctmeyi durdurmay\u0131 kald\u0131ran yarg\u0131c\u0131n da mahkeme ba\u015fkan\u0131 olarak hemen atand\u0131\u011f\u0131n\u0131&#8221; savunan K\u0131l\u0131\u00e7daro\u011flu, &#8220;Bana hi\u00e7 kimse kalk\u0131p bu \u00fclkede &#8216;yarg\u0131 ba\u011f\u0131ms\u0131zd\u0131r&#8217; diyemez&#8221; dedi. K\u0131l\u0131\u00e7daro\u011flu, &#8220;Hukuk varsa gere\u011fi yerine getirilsin&#8221; diye konu\u015ftu.<\/p>\n<p style=\"text-align: justify;\"><strong>&#8220;Biz neysek oyuz&#8221;<\/strong><\/p>\n<p style=\"text-align: justify;\">ABD y\u00f6netimi ile herhangi bir al\u0131\u015fveri\u015finin olup olmad\u0131\u011f\u0131n\u0131n\u0131 sorulmas\u0131 ve &#8220;\u00c7\u00fcnk\u00fc AKP iktidar\u0131na uzunca s\u00fcre s\u0131cak bakt\u0131klar\u0131 ancak daha sonras\u0131nda \u00e7ok ciddi ele\u015ftirileri, kayg\u0131lar\u0131 oldu\u011fu y\u00f6n\u00fcnde iddialar var. Bunlar b\u00fcy\u00fckel\u00e7ilerin ifadelerinden de anla\u015f\u0131l\u0131yor. Size nas\u0131l bakt\u0131klar\u0131n\u0131 d\u00fc\u015f\u00fcn\u00fcyorsunuz. Bir temas\u0131n\u0131z, g\u00f6r\u00fc\u015f al\u0131\u015fveri\u015finiz oldu mu?&#8221; s\u00f6zleri \u00fczerine de K\u0131l\u0131\u00e7daro\u011flu, genel ba\u015fkan olduktan sonra Br\u00fcksel&#8217;e, Londra&#8217;ya, Paris&#8217;e ve Berlin&#8217;e gitti\u011fini an\u0131msatt\u0131.<\/p>\n<p style=\"text-align: justify;\">K\u0131l\u0131\u00e7daro\u011flu, &#8220;Amerika nas\u0131l bak\u0131yor bize, bilmiyorum. Arkada\u015flar\u0131m\u0131z gittiler orada baz\u0131 d\u00fc\u015f\u00fcnce kurulu\u015flar\u0131n\u0131n daveti \u00fczerine. AKP&#8217;li bakanlar\u0131n kabul edilmedi\u011fi ki\u015filerle de g\u00f6r\u00fc\u015ft\u00fcler, CHP&#8217;yi anlatt\u0131lar. Aram\u0131zdaki diyalog iyi midir, k\u00f6t\u00fc m\u00fcd\u00fcr, bilmem. Ama biz neysek oyuz&#8230;&#8221; dedi.<\/p>\n<p style=\"text-align: justify;\"><strong>&#8220;Bar\u0131\u015f\u0131 yakalayaca\u011f\u0131z&#8221;<\/strong><\/p>\n<p style=\"text-align: justify;\">K\u0131l\u0131\u00e7daro\u011flu, &#8220;\u00d6calan ile m\u00fczakereyi devam ettirir misiniz?&#8221; \u015feklindeki bir soru \u00fczerine de Do\u011fu ve G\u00fcneydo\u011fu ile ilgili CHP kadar somut s\u00f6ylemde bulunan hi\u00e7bir siyasi parti olmad\u0131\u011f\u0131n\u0131 ifade etti.<\/p>\n<p style=\"text-align: justify;\">Ter\u00f6r\u00fc bitirmeye kararl\u0131 olduklar\u0131n\u0131 belirten K\u0131l\u0131\u00e7daro\u011flu, demokrasi, \u00f6zg\u00fcrl\u00fck ve insan haklar\u0131n\u0131n temel norm olarak belirlenmesi gerekti\u011fini dile getirdi. Sorunun toplumsal bir uzla\u015fma ile a\u015f\u0131lmas\u0131 gerekti\u011fine i\u015faret eden K\u0131l\u0131\u00e7daro\u011flu, \u015f\u00f6yle devam etti:<\/p>\n<p style=\"text-align: justify;\">&#8220;T\u00fcrkiye&#8217;nin ger\u00e7e\u011fi budur. AKP&#8217;nin en b\u00fcy\u00fck hatas\u0131 toplumsal uzla\u015fma aray\u0131\u015f\u0131na girmemesidir. Say\u0131n Bah\u00e7eli, &#8216;Siz Apo ile g\u00f6r\u00fc\u015f\u00fcyorsunuz&#8217; dedi\u011fi zaman, &#8216;\u015ferefsizler&#8217; s\u00f6zc\u00fc\u011f\u00fcn\u00fc kulland\u0131. \u015eimdi ne diyecek, kim \u015ferefsiz? G\u00f6r\u00fc\u015fmeyi inkar ediyorsun. Ecevit d\u00f6neminde de b\u00f6yle bir giri\u015fim oldu, olabilir. Yad\u0131rgamad\u0131\u011f\u0131m\u0131 da s\u00f6yledim. E\u011fer bu \u00fclkede bar\u0131\u015fa ihtiya\u00e7 varsa e\u011fer bu \u00fclkede insanlar \u00f6lmeyecekse&#8230; Bal\u0131kesir&#8217;de bir \u015fehit annesi ile konu\u015ftum. Umutsuz bir \u015fekilde bana bakt\u0131 \u015fehit annesi, &#8216;\u00c7ocu\u011fum \u015fehit oldu. Karde\u015fimin o\u011flu var, askere g\u00f6ndermiyoruz, \u00f6lmesin diye&#8217; dedi. Ne diyeceksiniz? \u0130nsanlar ya\u015famlar\u0131n\u0131 m\u0131 kaybetsinler, toplumsal uzla\u015fma ile bar\u0131\u015f\u0131 m\u0131 yakalayal\u0131m? Bar\u0131\u015f\u0131 yakalayaca\u011f\u0131z.<\/p>\n<p style=\"text-align: justify;\">AKP ikili oynuyor. Niye ikili oynuyorsunuz? D\u00f6nem geliyor, &#8216;Ben g\u00f6r\u00fc\u015fm\u00fcyorum, devlet g\u00f6r\u00fc\u015f\u00fcyor&#8217; diyor. Devlet dedi\u011finiz kim? Siz M\u0130T M\u00fcste\u015far\u0131&#8217;na &#8216;Git g\u00f6r\u00fc\u015f&#8217; derseniz g\u00f6r\u00fc\u015f\u00fcr, &#8216;G\u00f6r\u00fc\u015fme&#8217; derseniz gider g\u00f6r\u00fc\u015femez, o bir b\u00fcrokrat. Siz halk\u0131 aldat\u0131yorsunuz. Halk\u0131 aldatmak bir siyasi parti liderine yak\u0131\u015f\u0131r m\u0131? \u00c7\u0131k\u0131n, net s\u00f6yleyin.&#8221;<\/p>\n<p style=\"text-align: justify;\"><strong>Kanal \u0130stanbul&#8230;<\/strong><\/p>\n<p style=\"text-align: justify;\">K\u0131l\u0131\u00e7daro\u011flu, bir soru \u00fczerine, zaman\u0131nda \u0130kinci Bo\u011faz K\u00f6pr\u00fcs\u00fc&#8217;ne kar\u015f\u0131 \u00e7\u0131kanlara sempati ile bakt\u0131\u011f\u0131n\u0131 s\u00f6yledi.<\/p>\n<p style=\"text-align: justify;\">&#8220;Kanal \u0130stanbul&#8221; projesini ele\u015ftiren K\u0131l\u0131\u00e7daro\u011flu, &#8220;Buradan gemiler parayla ge\u00e7ecek de\u011fil mi? Montr\u00f6 Antla\u015fman\u0131z var. B\u00fct\u00fcn gemiler Bo\u011faz&#8217;dan bedava ge\u00e7ecek, k\u0131lavuz bile zorunlu de\u011fil. \u015eimdi d\u00fc\u015f\u00fcn\u00fcn, bir yerden iki gemi de yan yana ge\u00e7ebilir, biri gider, biri gelir. Bir yerden de bir gemi ge\u00e7ecek, \u00f6b\u00fcr gemi ge\u00e7tikten sonra \u00f6b\u00fcr taraftaki gemi bu tarafa ge\u00e7ecek, o da parayla ge\u00e7ecek. Daha fazla uzun s\u00fcre bekleyecek. Hangisini tercih edersiniz. O zaman bu proje halk\u0131 kand\u0131rmaktan ba\u015fka nedir, bedava varken&#8221; diye konu\u015ftu.<\/p>\n<p style=\"text-align: justify;\">KCK davas\u0131n\u0131 ele\u015ftirenlerden biri oldu\u011funu belirten K\u0131l\u0131\u00e7daro\u011flu, &#8220;(\u0130lla savunmay\u0131 K\u00fcrt\u00e7e yapaca\u011f\u0131m), demek do\u011fru de\u011fil. Hakl\u0131yken sizi haks\u0131z konuma sokar. Savunman\u0131z\u0131 T\u00fcrk\u00e7e yap\u0131n, ne var bunda&#8221; dedi.<\/p>\n<p style=\"text-align: justify;\"><strong>&#8220;Annem Ermeni de\u011fil&#8221;<\/strong><\/p>\n<p style=\"text-align: justify;\">K\u0131l\u0131\u00e7daro\u011flu, annesinin Ermeni oldu\u011fu y\u00f6ndeki haberlerden de rahats\u0131z oldu\u011funu s\u00f6yleyerek, bu konunun tekrar tekrar haber olmas\u0131na bir anlam veremedi\u011fini s\u00f6yledi.<\/p>\n<p style=\"text-align: justify;\">Bu konuda haber yapan medya kurulu\u015flarla m\u00fccadele edece\u011fini ifade eden K\u0131l\u0131\u00e7daro\u011flu, &#8220;Tabii bir de bu Ermeni meselesi var. Olmayan bir haber t\u00fcm\u00fcyla yalan; fakat haber olarak veriliyor. Neresini d\u00fczelteceksiniz bundan m\u00fcthi\u015f rahats\u0131z\u0131z. Bundan sonra o medyayla ismini vererek a\u00e7\u0131k\u00e7a m\u00fccade etmeye kararl\u0131y\u0131z. Karde\u015finiz bir a\u00e7\u0131klama yapt\u0131. Ay\u0131p de\u011fil ki Ermeni olmak o da Allah&#8217;\u0131n yaratt\u0131\u011f\u0131 bir varl\u0131k ama de\u011filiz. Okuma yazma bilmez Allah rahmet eylesin vefat etti. B\u00fcy\u00fck ablamda \u00f6yle. Hatta bir gazeteci telefon etmi\u015f ve Ermeni misiniz demi\u015f o da hay\u0131r M\u00fcsl\u00fcman\u0131z diyerek telefonu kapam\u0131\u015f&#8221; dedi.<\/p>\n<p style=\"text-align: justify;\"><a href=\"http:\/\/www.cnnturk.com\/2011\/turkiye\/04\/30\/saglik.bakani.hakkinda.sok.iddia\/615010.0\/index.html\" target=\"_blank\">Kaynak : CNN T\u00dcRK<\/a><\/p>\n","protected":false},"excerpt":{"rendered":"<p style=\"text-align: justify;\">\n<p style=\"text-align: justify;\">CNN T\u00dcRK&#8217;te &#8220;Liderler Zirvesi&#8221;nde gazetecilerin sorular\u0131n\u0131 yan\u0131tlayan CHP Genel Ba\u015fkan\u0131 Kemal K\u0131l\u0131\u00e7daro\u011flu, Sa\u011fl\u0131k Bakan\u0131 Recep Akda\u011f ile ilgili \u015fok bir iddiada bulundu. Akda\u011f&#8217;\u0131n Van&#8217;da y\u00fcr\u00fct\u00fclen bir yolsuzluk soru\u015fturmas\u0131n\u0131 kapatt\u0131rd\u0131\u011f\u0131n\u0131 \u00f6ne s\u00fcren K\u0131l\u0131\u00e7daro\u011flu, elinde bu konuyla ilgili belge oldu\u011funu s\u00f6yleyerek Akda\u011f&#8217;a \u00e7a\u011fr\u0131 yapt\u0131.<\/p>\n","protected":false},"author":1,"featured_media":0,"comment_status":"open","ping_status":"closed","sticky":false,"template":"","format":"standard","meta":{"footnotes":""},"categories":[105],"tags":[],"class_list":["post-31330","post","type-post","status-publish","format-standard","hentry","category-gundem","odd"],"_links":{"self":[{"href":"http:\/\/www.korhanyilmaz.com\/index.php?rest_route=\/wp\/v2\/posts\/31330","targetHints":{"allow":["GET"]}}],"collection":[{"href":"http:\/\/www.korhanyilmaz.com\/index.php?rest_route=\/wp\/v2\/posts"}],"about":[{"href":"http:\/\/www.korhanyilmaz.com\/index.php?rest_route=\/wp\/v2\/types\/post"}],"author":[{"embeddable":true,"href":"http:\/\/www.korhanyilmaz.com\/index.php?rest_route=\/wp\/v2\/users\/1"}],"replies":[{"embeddable":true,"href":"http:\/\/www.korhanyilmaz.com\/index.php?rest_route=%2Fwp%2Fv2%2Fcomments&post=31330"}],"version-history":[{"count":0,"href":"http:\/\/www.korhanyilmaz.com\/index.php?rest_route=\/wp\/v2\/posts\/31330\/revisions"}],"wp:attachment":[{"href":"http:\/\/www.korhanyilmaz.com\/index.php?rest_route=%2Fwp%2Fv2%2Fmedia&parent=31330"}],"wp:term":[{"taxonomy":"category","embeddable":true,"href":"http:\/\/www.korhanyilmaz.com\/index.php?rest_route=%2Fwp%2Fv2%2Fcategories&post=31330"},{"taxonomy":"post_tag","embeddable":true,"href":"http:\/\/www.korhanyilmaz.com\/index.php?rest_route=%2Fwp%2Fv2%2Ftags&post=31330"}],"curies":[{"name":"wp","href":"https:\/\/api.w.org\/{rel}","templated":true}]}}