{"id":31316,"date":"2011-04-29T19:58:17","date_gmt":"2011-04-29T16:58:17","guid":{"rendered":"http:\/\/www.korhanyilmaz.com\/?p=31316"},"modified":"2011-04-29T19:58:17","modified_gmt":"2011-04-29T16:58:17","slug":"biz-gorevde-oldugumuz-surece-sahip-cikacagiz","status":"publish","type":"post","link":"http:\/\/www.korhanyilmaz.com\/?p=31316","title":{"rendered":"Biz g\u00f6revde oldu\u011fumuz s\u00fcrece sahip \u00e7\u0131kaca\u011f\u0131z"},"content":{"rendered":"<p style=\"text-align: justify;\"><a href=\"http:\/\/www.korhanyilmaz.com\/wp-content\/uploads\/2011\/04\/075.jpg\"  class=\"lightview\"><img loading=\"lazy\" decoding=\"async\" class=\"aligncenter size-full wp-image-31317\" title=\"\" src=\"http:\/\/www.korhanyilmaz.com\/wp-content\/uploads\/2011\/04\/075.jpg\" alt=\"\" width=\"319\" height=\"223\" \/><\/a><\/p>\n<p style=\"text-align: justify;\">Ba\u015fkent \u00dcniversitesi Eski Rekt\u00f6r\u00fc Mehmet Haberal uzun bir s\u00fcredir Ergenekon davas\u0131 kapsam\u0131nda tutuklu bulunuyor. Haberal\u2019\u0131n tutuklanmas\u0131 bir\u00e7ok \u00e7evre taraf\u0131ndan uzun s\u00fcredir ele\u015ftiriliyor.<!--more--><\/p>\n<p style=\"text-align: justify;\">Haberal\u2019\u0131n CHP\u2019den Zonguldak milletvekili aday\u0131 g\u00f6sterilmesi AKP taraf\u0131ndan \u00e7ok ele\u015ftirildi. Erdo\u011fan CHP\u2019yi \u201csu\u00e7lu\u201dlara sahip \u00e7\u0131kmakla itham etmi\u015fti.<\/p>\n<p style=\"text-align: justify;\">Fakat Ba\u015fbakan Erdo\u011fan iktirara geldi\u011fi ilk y\u0131llarda Haberal i\u00e7in \u201cta\u015f \u00fcst\u00fcne ta\u015f koyan\u0131 biz de ba\u015f \u00fcst\u00fcnde ta\u015f\u0131yal\u0131m\u201d demi\u015fti. Erdo\u011fan s\u00f6zlerine devam ederek Haberal\u2019a yapt\u0131\u011f\u0131 hizmetlerden \u00f6t\u00fcr\u00fc \u00f6vg\u00fcler ya\u011fd\u0131rm\u0131\u015f ve \u201cbiz g\u00f6revde oldu\u011fumuz s\u00fcrece sahip \u00e7\u0131kaca\u011f\u0131z\u201d ifadesini kullanm\u0131\u015ft\u0131. Evet, yanl\u0131\u015f okumad\u0131n\u0131z. Ba\u015fbakan Erdo\u011fan&#8217;\u0131n &#8220;sahip \u00e7\u0131kaca\u011f\u0131z&#8221; dedi\u011fi ki\u015fi bug\u00fcn Silivri cezaevinde bulunan Haberal&#8217;\u0131n ta kendisiydi. 2003 y\u0131l\u0131nda kaydedilen videoda \u00f6nce H\u00fcseyin \u00c7elik Haberal\u2019a uzun uzun \u00f6vg\u00fcler diziyor, ard\u0131ndan s\u00f6z\u00fc Ba\u015fbakan\u2019a b\u0131rak\u0131yor. Erdo\u011fan&#8217;\u0131n ge\u00e7en y\u0131llarda g\u00fcndeme gelen bu videosunu Haberal tart\u0131\u015fmalar\u0131n\u0131n ya\u015fand\u0131\u011f\u0131 bug\u00fcnlerde tekrar hat\u0131rlatal\u0131m istedik.<\/p>\n<p style=\"text-align: justify;\"><strong>\u0130\u015fte Ba\u015fbakan\u0131n 2003 y\u0131l\u0131ndaki o videosu<\/strong>:<\/p>\n<p style=\"text-align: justify;\">[flv width=&#8221;500&#8243; height=&#8221;420&#8243;]http:\/\/www.odatv.com\/images\/2011_04\/2011_04_29\/biz-gorevde-oldugumuz-surece-sahip-cikacagiz-2904111200_video.flv[\/flv]<strong><\/strong><\/p>\n<p style=\"text-align: justify;\"><a href=\"http:\/\/www.odatv.com\/n.php?n=biz-gorevde-oldugumuz-surece-sahip-cikacagiz-2904111200\" target=\"_blank\">Kaynak : Odatv.com<\/a><strong><br \/>\n<\/strong><\/p>\n","protected":false},"excerpt":{"rendered":"<p style=\"text-align: justify;\">\n<p style=\"text-align: justify;\">Ba\u015fkent \u00dcniversitesi Eski Rekt\u00f6r\u00fc Mehmet Haberal uzun bir s\u00fcredir Ergenekon davas\u0131 kapsam\u0131nda tutuklu bulunuyor. Haberal\u2019\u0131n tutuklanmas\u0131 bir\u00e7ok \u00e7evre taraf\u0131ndan uzun s\u00fcredir ele\u015ftiriliyor.<\/p>\n","protected":false},"author":1,"featured_media":0,"comment_status":"open","ping_status":"closed","sticky":false,"template":"","format":"standard","meta":{"footnotes":""},"categories":[105],"tags":[],"class_list":["post-31316","post","type-post","status-publish","format-standard","hentry","category-gundem","odd"],"_links":{"self":[{"href":"http:\/\/www.korhanyilmaz.com\/index.php?rest_route=\/wp\/v2\/posts\/31316","targetHints":{"allow":["GET"]}}],"collection":[{"href":"http:\/\/www.korhanyilmaz.com\/index.php?rest_route=\/wp\/v2\/posts"}],"about":[{"href":"http:\/\/www.korhanyilmaz.com\/index.php?rest_route=\/wp\/v2\/types\/post"}],"author":[{"embeddable":true,"href":"http:\/\/www.korhanyilmaz.com\/index.php?rest_route=\/wp\/v2\/users\/1"}],"replies":[{"embeddable":true,"href":"http:\/\/www.korhanyilmaz.com\/index.php?rest_route=%2Fwp%2Fv2%2Fcomments&post=31316"}],"version-history":[{"count":0,"href":"http:\/\/www.korhanyilmaz.com\/index.php?rest_route=\/wp\/v2\/posts\/31316\/revisions"}],"wp:attachment":[{"href":"http:\/\/www.korhanyilmaz.com\/index.php?rest_route=%2Fwp%2Fv2%2Fmedia&parent=31316"}],"wp:term":[{"taxonomy":"category","embeddable":true,"href":"http:\/\/www.korhanyilmaz.com\/index.php?rest_route=%2Fwp%2Fv2%2Fcategories&post=31316"},{"taxonomy":"post_tag","embeddable":true,"href":"http:\/\/www.korhanyilmaz.com\/index.php?rest_route=%2Fwp%2Fv2%2Ftags&post=31316"}],"curies":[{"name":"wp","href":"https:\/\/api.w.org\/{rel}","templated":true}]}}