{"id":31312,"date":"2011-04-29T19:54:36","date_gmt":"2011-04-29T16:54:36","guid":{"rendered":"http:\/\/www.korhanyilmaz.com\/?p=31312"},"modified":"2011-04-29T19:54:36","modified_gmt":"2011-04-29T16:54:36","slug":"250-suriyeli-turkiyeye-gecti","status":"publish","type":"post","link":"http:\/\/www.korhanyilmaz.com\/?p=31312","title":{"rendered":"250 Suriyeli T\u00fcrkiye&#8217;ye ge\u00e7ti"},"content":{"rendered":"<p style=\"text-align: justify;\"><a href=\"http:\/\/www.korhanyilmaz.com\/wp-content\/uploads\/2011\/04\/074.jpg\"  class=\"lightview\"><img loading=\"lazy\" decoding=\"async\" class=\"aligncenter size-full wp-image-31313\" title=\"\" src=\"http:\/\/www.korhanyilmaz.com\/wp-content\/uploads\/2011\/04\/074.jpg\" alt=\"\" width=\"320\" height=\"100\" \/><\/a><\/p>\n<p style=\"text-align: justify;\">Suriye\u2019nin T\u00fcrkiye s\u0131n\u0131r\u0131na yak\u0131n baz\u0131 k\u00f6ylerde ya\u015fayan ve \u00fclkelerindeki bask\u0131dan kurtulmak istedi\u011fi \u00f6ne s\u00fcr\u00fclen bir grubun, Hatay\u2019\u0131n Yaylada\u011f\u0131 s\u0131n\u0131r\u0131ndaki tel \u00f6rg\u00fcy\u00fc a\u015farak T\u00fcrkiye\u2019ye girdi.<!--more--><\/p>\n<p style=\"text-align: justify;\">Suriye\u2019nin T\u00fcrkiye s\u0131n\u0131r\u0131na yak\u0131n baz\u0131 k\u00f6ylerde ya\u015fayan ve \u00fclkelerindeki bask\u0131dan kurtulmak istedikleri iddias\u0131yla, Hatay\u2019\u0131n Yaylada\u011f\u0131 s\u0131n\u0131r\u0131ndaki tel \u00f6rg\u00fcy\u00fc a\u015farak T\u00fcrkiye\u2019ye giren ve daha sonra il\u00e7e merkezindeki spor salonuna getirilen ve kay\u0131t alt\u0131na al\u0131nan Suriye vatanda\u015flar\u0131n\u0131n say\u0131s\u0131n\u0131n 234 oldu\u011fu bildirildi.<\/p>\n<p style=\"text-align: justify;\">Yaylada\u011f\u0131 Kaymakam\u0131 Tolga Polat, AA muhabirine yapt\u0131\u011f\u0131 a\u00e7\u0131klamada, bug\u00fcn ak\u015fam saatlerinde il\u00e7e merkezine yak\u0131n Harabjoz ve \u00e7evresindeki baz\u0131 k\u00f6ylerde ya\u015fayan ve \u00fclkelerindeki olaylar ve bask\u0131lardan kurtulmak istedikleri gerek\u00e7esiyle G\u00fcve\u00e7\u00e7i k\u00f6y\u00fc yak\u0131n\u0131ndaki tel \u00f6rg\u00fcy\u00fc a\u015farak 2-3 metre kadar T\u00fcrkiye s\u0131n\u0131r\u0131n\u0131 ge\u00e7en Suriye vatanda\u015flar\u0131n\u0131n, il\u00e7e merkezindeki Fehmi Din\u00e7er Spor Salonu\u2019na yerle\u015ftirildi\u011fini s\u00f6yledi.<\/p>\n<p style=\"text-align: justify;\">Hatay Valisi Celalettin Lekesiz\u2019in talimat\u0131 ile Suriyeli vatanda\u015flar\u0131n spor salonuna getirildi\u011fini belirten Polat, &#8220;B\u00fcy\u00fck ihtimal, say\u0131n Valimiz Lekesiz\u2019in \u0130\u00e7i\u015fleri ve D\u0131\u015fi\u015fleri Bakanl\u0131\u011f\u0131 yetkilileri ile yapt\u0131\u011f\u0131 g\u00f6r\u00fc\u015fmeler sonucu bu \u015fekilde neticelendi&#8221; dedi.<\/p>\n<p style=\"text-align: justify;\">Bu arada, aralar\u0131nda kad\u0131n ve \u00e7ocuklar\u0131n da bulundu\u011fu spor salonunda 234 ki\u015finin kay\u0131t alt\u0131na al\u0131nd\u0131\u011f\u0131 bildirildi.<\/p>\n<p style=\"text-align: justify;\">Yaylada\u011f\u0131 Belediye Ba\u015fkan\u0131 Mustafa Kemal Da\u011f\u0131stanl\u0131 da spor salonuna gelerek bilgi ald\u0131.<\/p>\n<p style=\"text-align: justify;\">Da\u011f\u0131stanl\u0131, &#8220;T\u00fcrkiye, ne kadar b\u00fcy\u00fck ve misafirperver bir \u00fclke oldu\u011funu bu \u015fekilde g\u00f6sterdi. Suriyeli vatanda\u015flar\u0131 a\u011f\u0131rl\u0131yoruz. Onlar i\u00e7in gerekeni yapaca\u011f\u0131z&#8221; diye konu\u015ftu.<\/p>\n<p style=\"text-align: justify;\">Spor salonunda su, meyve suyu, su ve bisk\u00fcvi da\u011f\u0131t\u0131lan Suriyeli vatanda\u015flara daha sonra s\u0131cak yemek de verilece\u011fi belirtildi.<\/p>\n<p style=\"text-align: justify;\">Suriye vatanda\u015flar\u0131, ak\u015fam saatlerinde, s\u0131n\u0131rdaki tel \u00f6rg\u00fcy\u00fc a\u015farak T\u00fcrkiye\u2019ye ge\u00e7mi\u015f, daha sonra b\u00f6lgede g\u00f6rev yapan askerler taraf\u0131ndan durdurulmu\u015ftu.<\/p>\n<p style=\"text-align: justify;\"><a href=\"http:\/\/haber.gazetevatan.com\/250-suriyeli-turkiyeye-gecti\/374269\/1\/Gundem\" target=\"_blank\">Kaynak : VATAN Gazetesi<\/a><\/p>\n","protected":false},"excerpt":{"rendered":"<p style=\"text-align: justify;\">\n<p style=\"text-align: justify;\">Suriye\u2019nin T\u00fcrkiye s\u0131n\u0131r\u0131na yak\u0131n baz\u0131 k\u00f6ylerde ya\u015fayan ve \u00fclkelerindeki bask\u0131dan kurtulmak istedi\u011fi \u00f6ne s\u00fcr\u00fclen bir grubun, Hatay\u2019\u0131n Yaylada\u011f\u0131 s\u0131n\u0131r\u0131ndaki tel \u00f6rg\u00fcy\u00fc a\u015farak T\u00fcrkiye\u2019ye girdi.<\/p>\n","protected":false},"author":1,"featured_media":0,"comment_status":"open","ping_status":"closed","sticky":false,"template":"","format":"standard","meta":{"footnotes":""},"categories":[105],"tags":[],"class_list":["post-31312","post","type-post","status-publish","format-standard","hentry","category-gundem","odd"],"_links":{"self":[{"href":"http:\/\/www.korhanyilmaz.com\/index.php?rest_route=\/wp\/v2\/posts\/31312","targetHints":{"allow":["GET"]}}],"collection":[{"href":"http:\/\/www.korhanyilmaz.com\/index.php?rest_route=\/wp\/v2\/posts"}],"about":[{"href":"http:\/\/www.korhanyilmaz.com\/index.php?rest_route=\/wp\/v2\/types\/post"}],"author":[{"embeddable":true,"href":"http:\/\/www.korhanyilmaz.com\/index.php?rest_route=\/wp\/v2\/users\/1"}],"replies":[{"embeddable":true,"href":"http:\/\/www.korhanyilmaz.com\/index.php?rest_route=%2Fwp%2Fv2%2Fcomments&post=31312"}],"version-history":[{"count":0,"href":"http:\/\/www.korhanyilmaz.com\/index.php?rest_route=\/wp\/v2\/posts\/31312\/revisions"}],"wp:attachment":[{"href":"http:\/\/www.korhanyilmaz.com\/index.php?rest_route=%2Fwp%2Fv2%2Fmedia&parent=31312"}],"wp:term":[{"taxonomy":"category","embeddable":true,"href":"http:\/\/www.korhanyilmaz.com\/index.php?rest_route=%2Fwp%2Fv2%2Fcategories&post=31312"},{"taxonomy":"post_tag","embeddable":true,"href":"http:\/\/www.korhanyilmaz.com\/index.php?rest_route=%2Fwp%2Fv2%2Ftags&post=31312"}],"curies":[{"name":"wp","href":"https:\/\/api.w.org\/{rel}","templated":true}]}}