{"id":31302,"date":"2011-04-29T17:18:17","date_gmt":"2011-04-29T14:18:17","guid":{"rendered":"http:\/\/www.korhanyilmaz.com\/?p=31302"},"modified":"2011-04-29T17:18:17","modified_gmt":"2011-04-29T14:18:17","slug":"kurtlere-yemeni-tunusu-ornek-gosterdi","status":"publish","type":"post","link":"http:\/\/www.korhanyilmaz.com\/?p=31302","title":{"rendered":"K\u00fcrtlere Yemen&#8217;i Tunus&#8217;u \u00f6rnek g\u00f6sterdi"},"content":{"rendered":"<p style=\"text-align: center;\"><a href=\"http:\/\/www.korhanyilmaz.com\/wp-content\/uploads\/2011\/04\/070.jpg\"  class=\"lightview\"><img loading=\"lazy\" decoding=\"async\" class=\"aligncenter size-full wp-image-31303\" src=\"http:\/\/www.korhanyilmaz.com\/wp-content\/uploads\/2011\/04\/070.jpg\" alt=\"\" width=\"420\" height=\"210\" \/><\/a><\/p>\n<p style=\"text-align: justify;\">\u00d6calan&#8217;dan son mesaj: &#8221;\u00c7\u00f6z\u00fcm umudum kalmad\u0131. Kendinize g\u00fcveniyorsan\u0131z i\u015fte Yemen&#8217;deki, Tunus&#8217;taki \u00f6rnekleri g\u00f6r\u00fcyorsunuz, ben sizi tutmam. G\u00fcc\u00fcn\u00fcz yetiyorsa haz\u0131rl\u0131\u011f\u0131n\u0131z\u0131 yapars\u0131n\u0131z, demokratik \u00f6zerkli\u011fi kurar, hayata ge\u00e7irirsiniz&#8221;<!--more--><\/p>\n<p style=\"text-align: justify;\">DTK E\u015f Ba\u015fkan\u0131 Aysel Tu\u011fluk ve beraberindeki avukatlar\u0131n \u00f6nceki g\u00fcn Abdullah \u00d6calan ile \u0130mral\u0131 adas\u0131nda ger\u00e7ekle\u015ftirdikleri g\u00f6r\u00fc\u015fmenin ayr\u0131nt\u0131lar\u0131 F\u0131rat Haber Ajans\u0131&#8217;nda yay\u0131mland\u0131. \u00d6calan&#8217;\u0131n verdi\u011fi mesajlar \u00f6zetle \u015f\u00f6yle:<\/p>\n<p style=\"text-align: justify;\"><strong>K\u0130MSEN\u0130N CAN G\u00dcVENL\u0130\u011e\u0130 YOK<\/strong><\/p>\n<p style=\"text-align: justify;\">\u00d6yle anla\u015f\u0131l\u0131yor ki siyasi ve askeri operasyonlar durmayacak. Hatta daha da b\u00fcy\u00fck bir y\u00f6nelime haz\u0131rlan\u0131yorlar. Se\u00e7imden sonra operasyonlar\u0131 derinle\u015ftirebilirler. \u0130ki y\u00f6nl\u00fc yap\u0131yorlar; k\u0131rda ve \u015fehirde birlikte y\u00fcr\u00fct\u00fcyorlar. Vekillere, siyaset\u00e7ilere de y\u00f6nelebilirler. Leyla Zanalara yapt\u0131klar\u0131 gibi de yapabilirler. Kimsenin can g\u00fcvenli\u011fi yok. \u00d6nemli bir s\u00fcrecin i\u00e7indeyiz.<\/p>\n<p style=\"text-align: justify;\"><strong>DEVLET HEYET\u0130, YSK KARARININ A\u00c7IKLANDI\u011eI G\u00dcN \u0130MRALI&#8217;DAYDI:<\/strong><\/p>\n<p style=\"text-align: justify;\">Yakla\u015f\u0131k \u00fc\u00e7 y\u0131ld\u0131r burada g\u00f6r\u00fc\u015fmeler yap\u0131yorum, hatta YSK karar\u0131yla ayn\u0131 g\u00fcnde bir g\u00f6r\u00fc\u015fmem de oldu. Son g\u00f6r\u00fc\u015fme tam da YSK&#8217;n\u0131n karar\u0131n\u0131 verdi\u011fi g\u00fcn yap\u0131ld\u0131, ilgin\u00e7tir. Bu karar buradaki g\u00f6r\u00fc\u015fmeleri sabote etmeye d\u00f6n\u00fckt\u00fcr.<\/p>\n<p style=\"text-align: justify;\"><strong>DEVLET HEYET\u0130N\u0130N HAKKAR\u0130 SALDIRISINDAN HABER\u0130 YOKTU:<\/strong><\/p>\n<p style=\"text-align: justify;\">Bir seferinde de tam buraya benimle g\u00f6r\u00fc\u015fmeye geldiklerinde Hakkari&#8217;deki 9 k\u00f6yl\u00fcn\u00fcn katledilmesi olay\u0131 ya\u015fanm\u0131\u015ft\u0131. Onlar da ne oldu\u011funu anlamam\u0131\u015ft\u0131, habersizdiler. Yine yapt\u0131\u011f\u0131m bir ba\u015fka g\u00f6r\u00fc\u015fme de tam da bu KCK tutuklamalar\u0131n\u0131n ba\u015flad\u0131\u011f\u0131 g\u00fcne denk gelmi\u015fti.<\/p>\n<p style=\"text-align: justify;\"><strong>CIA BA\u015eKANI NEDEN T\u00dcRK\u0130YE&#8217;YE GELD\u0130?:<\/strong><\/p>\n<p style=\"text-align: justify;\">CIA Ba\u015fkan\u0131 gelip burada be\u015f g\u00fcn bo\u015fu bo\u015funa kalmad\u0131, en \u00f6nemli geli\u015fme budur. \u00d6yle anla\u015f\u0131l\u0131yor ki, T\u00fcrkiye ve Amerika gizli bir anla\u015fma yapt\u0131. Bu anla\u015fmaya g\u00f6re Amerika&#8217;n\u0131n Suriye, \u0130ran ve Libya politikalar\u0131n\u0131 T\u00fcrkiye alttan destekleyecek. K\u00fcrtlere istedi\u011fi gibi y\u00f6nelecektir. K\u00fcrtler defalarca katliamdan ge\u00e7irilse de Amerika&#8217;n\u0131n hi\u00e7 umurunda olmaz, \u00e7\u0131karlar\u0131 i\u00e7in K\u00fcrtleri de her\u015feyi de feda ederler. K\u00fcrtlerin katledilmesi, binlercesinin \u00f6lmesi umurlar\u0131nda de\u011fildir. Bu \u00e7er\u00e7evede hem askeri operasyonlar yo\u011funla\u015f\u0131yor, yo\u011funla\u015facak hem de K\u00fcrt siyaset\u00e7ilerinin ileri gelenleri ve kadrolar hedeflenecek, etkisizle\u015ftirilmeye \u00e7al\u0131\u015f\u0131lacak. Bu, tutuklamayla olur, ba\u015fka bi\u00e7imde olur.<\/p>\n<p style=\"text-align: justify;\"><strong>ABD MALVARLIKLARI OLMADI\u011eINI B\u0130LM\u0130YOR MU?:<\/strong><\/p>\n<p style=\"text-align: justify;\">Amerika, \u00fcst d\u00fczey PKK&#8217;l\u0131lar hakk\u0131nda malvarl\u0131\u011f\u0131n\u0131 dondurma karar\u0131 vermi\u015f. Bu arada da T\u00fcrkiye Amerika&#8217;dan helikopter ihalesi ald\u0131. Bizim malvarl\u0131\u011f\u0131m\u0131z m\u0131 var? Amerika bilmiyor mu ki bunlar\u0131n malvarl\u0131klar\u0131 yok. Asl\u0131nda \u00e7ok ince y\u00f6ntemleri var, bu onlara bir mesajd\u0131r. &#8220;Ben sizinle u\u011fra\u015f\u0131yorum&#8221; mesaj\u0131n\u0131 veriyor, &#8220;sizin hakk\u0131n\u0131zda bir karar ald\u0131m&#8221; demi\u015f oluyor.<\/p>\n<p style=\"text-align: justify;\"><strong>TALABAN\u0130 VE BARZAN\u0130&#8217;N\u0130N \u00d6MR\u00dc 24 SAATT\u0130R:<\/strong><\/p>\n<p style=\"text-align: justify;\">Talabani ve Barzani de tehlikelerin fark\u0131nda olmal\u0131d\u0131rlar. Onlar da bu oyunun i\u00e7ine al\u0131n\u0131yorlar. Fakat \u015funu net bilmelidirler ki, PKK olmazsa onlar\u0131n \u00f6mr\u00fc sadece yirmi d\u00f6rt saattir. E\u011fer PKK&#8217;y\u0131 tasfiye ederlerse s\u0131ra onlara da gelir. Onlar\u0131 yirmi d\u00f6rt saatte bitirirler. Talabani ve Barzani bu tehlikelere kar\u015f\u0131 ve K\u00fcrtlerin ortak \u00e7\u0131kar\u0131 i\u00e7in Demokratik Ulusal Kongre&#8217;yi toplamal\u0131d\u0131rlar.<\/p>\n<p style=\"text-align: justify;\"><strong>ALTERNAT\u0130F B\u0130R K\u00dcRT PART\u0130S\u0130 OLU\u015eTURULMAYA \u00c7ALI\u015eILIYOR:<\/strong><\/p>\n<p style=\"text-align: justify;\">Askeri ve siyasi operasyonlarla BDP ve PKK tasfiye edilmeye \u00e7al\u0131\u015f\u0131l\u0131yor. Yerine baz\u0131 i\u015fbirlik\u00e7i K\u00fcrtlerle g\u00f6r\u00fc\u015f\u00fcp sahte bir K\u00fcrt olu\u015fumu yaratmaya, alternatif bir K\u00fcrt partisi olu\u015fturulmaya \u00e7al\u0131\u015f\u0131l\u0131yor. Asl\u0131nda bunlardan K\u00fcrt partisi de olmaz, K\u00fcrtler bunlar\u0131n partisini kabul etmez. Bunlar\u0131 K\u00fcrtlerin \u00fczerine s\u00fcr\u00fcyorlar. Alt\u0131nda ba\u015fka \u015feyler, planlar var. Bunlardan K\u00fcrt partisi falan da olmaz, ba\u015faramazlar, bir alternatif olamazlar.<\/p>\n<p style=\"text-align: justify;\"><strong>K\u00dcRTLERDEN UZAK DURSUNLAR:<\/strong><\/p>\n<p style=\"text-align: justify;\">K\u00fcrtler \u015fu anda ate\u015f topu olmu\u015flar. Her g\u00fcn cinayet, tutuklamalarla kar\u015f\u0131 kar\u015f\u0131yalar. Ak\u0131llar\u0131n\u0131 ba\u015flar\u0131na als\u0131nlar, ate\u015f topuna d\u00f6nm\u00fc\u015f K\u00fcrtlere yakla\u015fmas\u0131nlar. Uzak dursunlar K\u00fcrtlerden. Di\u011fer partilerden aday olan K\u00fcrtler de bunu b\u00f6yle bilmeli. Onlar da bunlar\u0131n fark\u0131nda olmal\u0131 ve kendilerini bu politikalara alet etmemeli, kulland\u0131rtmamal\u0131d\u0131rlar.<\/p>\n<p style=\"text-align: justify;\"><strong>15 HAZ\u0130RAN\u2019A KADAR NETLE\u015eECEK:<\/strong><\/p>\n<p style=\"text-align: justify;\">\u0130smail Be\u015fik\u00e7i do\u011fru s\u00f6yl\u00fcyordu; \u201c\u00d6calan&#8217;\u0131n tutukluluk ko\u015fullar\u0131nda m\u00fczakere y\u00fcr\u00fctmesi do\u011fru de\u011fil&#8221; demi\u015fti. Bu s\u00fcreci g\u00f6t\u00fcrecek kimse olmad\u0131\u011f\u0131 i\u00e7in sorumlulu\u011fu \u00fcstlenmek zorunda kald\u0131m. Benden ba\u015fka kimse var m\u0131? Kim yapacak? G\u00f6r\u00fcl\u00fcyor elim kolum ba\u011fl\u0131. Daha \u00f6nce &#8220;dar bir koridorday\u0131m, k\u0131p\u0131rdayam\u0131yorum, hareket alan\u0131m k\u0131s\u0131tl\u0131&#8221; demi\u015ftim.<\/p>\n<p style=\"text-align: justify;\"><strong>DEVLET HEYET\u0130 \u0130N\u0130S\u0130YAT\u0130FL\u0130 DE\u011e\u0130L:<\/strong><\/p>\n<p style=\"text-align: justify;\">Tek yapabildi\u011fim buraya gelen heyetle g\u00f6r\u00fc\u015fmeleri s\u00fcrd\u00fcrmek. Bunu da bir umut \u0131\u015f\u0131\u011f\u0131n\u0131 de\u011ferlendirmek i\u00e7in yap\u0131yorum. Ama \u00f6yle anla\u015f\u0131l\u0131yor ki bunlar (devlet heyeti) inisiyatifli de\u011fil. AKP&#8217;ye belirledi\u011fimiz \u00e7\u00f6z\u00fcm\u00fc kabul ettiremiyorlar, ikna edemiyorlar. Anlad\u0131\u011f\u0131m kadar\u0131yla ne orduya ne de AKP&#8217;ye burada belirledi\u011fimiz \u00e7\u00f6z\u00fcm\u00fc kabul ettirebiliyorlar.<\/p>\n<p style=\"text-align: justify;\"><strong>DEVLET HEYET\u0130N\u0130N YETK\u0130 D\u00dcZEY\u0130 Y\u00dcKSELT\u0130LS\u0130N<\/strong><\/p>\n<p style=\"text-align: justify;\">KCK tutuklamalar\u0131ndan, operasyonlardan onlar da rahats\u0131z olduklar\u0131n\u0131, yanl\u0131\u015f oldu\u011funu s\u00f6yl\u00fcyorlard\u0131. Heyetin yetki d\u00fczeyi d\u00fc\u015f\u00fckt\u00fcr, y\u00fckseltilmesi gerekir.<\/p>\n<p style=\"text-align: justify;\"><strong>DEVLET HEYET\u0130, B\u0130R \u0130K\u0130 KEZ DAHA GELECEK<\/strong><\/p>\n<p style=\"text-align: justify;\">15 Haziran&#8217;a kadar bir ya da iki g\u00f6r\u00fc\u015fme yapma ihtimali var. Bu g\u00f6r\u00fc\u015fmelerden sonra art\u0131k durum netle\u015fecektir. Yol haritas\u0131ndakilerden daha somut-pratik baz\u0131 \u00f6neriler i\u00e7eren k\u0131sa metinler haz\u0131rlayaca\u011f\u0131m. Daha farkl\u0131, daha somut, net yap\u0131lmas\u0131 gereken \u015feyler var. Bunlar da yap\u0131lmazsa zaten yapacak bir \u015fey kalmaz. Bu durum 15 Haziran&#8217;a kadar netle\u015fecek, her\u015fey bu tarihte belli olacak.<\/p>\n<p style=\"text-align: justify;\"><strong>GER\u0130LLA KEND\u0130 \u00d6Z SAVUNMASINI YAPSIN:<\/strong><\/p>\n<p style=\"text-align: justify;\">Gerillaya da sesleniyorum. Kendi \u00f6z savunmalar\u0131n\u0131 kendileri yaps\u0131nlar. Yirmid\u00f6rt saat gerillac\u0131l\u0131k yapacaklar. Gerilla yirmid\u00f6rt saat gerillad\u0131r. Her an uyan\u0131k ve tetikte olmalar\u0131 gerekiyor.<\/p>\n<p style=\"text-align: justify;\"><strong>YETER ARTIK ZORLANDI\u011eIM:<\/strong><\/p>\n<p style=\"text-align: justify;\">BDP, DTK, Kandil oturup de\u011ferlendirmek durumunda. Kendi kararlar\u0131n\u0131 almak durumundalar. Kendi kararlar\u0131n\u0131 almal\u0131d\u0131rlar. S\u00f6yledi\u011fim gibi yirmi y\u0131ld\u0131r her\u015fey benim omuzlar\u0131ma y\u0131k\u0131l\u0131yor. Yeter art\u0131k beni bu kadar zorlad\u0131klar\u0131. Burada yapacaklar\u0131m s\u0131n\u0131rl\u0131, ko\u015fullar\u0131m zor, uygun de\u011fil. Ne yapacaklarsa kendileri bilir.<\/p>\n<p style=\"text-align: justify;\"><strong>B\u00dcY\u00dcK \u0130HT\u0130MALLE \u00c7\u00d6Z\u00dcM GEL\u0130\u015eMEYECEK:<\/strong><\/p>\n<p style=\"text-align: justify;\">B\u00fcy\u00fck ihtimalle \u00e7\u00f6z\u00fcm geli\u015fmeyecek, tasfiye geli\u015ftiriliyor. Onlar da haz\u0131rl\u0131klar\u0131n\u0131 buna g\u00f6re yapacaklard\u0131r. Onlar\u0131 bu davaya ben \u00e7a\u011f\u0131rmad\u0131m, vazge\u00e7in de demem. Ben &#8216;b\u0131rak\u0131n&#8217; desem bile \u00f6zg\u00fcrl\u00fc\u011f\u00fcne, onuruna d\u00fc\u015fk\u00fcn K\u00fcrt halk\u0131 bu \u00f6zg\u00fcrl\u00fck m\u00fccadelesini b\u0131rakmaz. Ama &#8220;g\u00fcc\u00fcm\u00fcz yetmiyor, biz Ermeniler gibi soyk\u0131r\u0131ma u\u011framaktan, katledilmekten korkuyoruz diyorsan\u0131z&#8221;, ona da sayg\u0131 duyar\u0131m.<\/p>\n<p style=\"text-align: justify;\"><strong>BDP, DTK VE KAND\u0130L&#8217;E \u00c7A\u011eRI<\/strong><\/p>\n<p style=\"text-align: justify;\">E\u011fer &#8220;bu m\u00fccadeleyi s\u00fcrd\u00fcrece\u011fiz&#8221; diyorsan\u0131z da gere\u011fini yap\u0131n, \u00f6yle konu\u015fmakla olmuyor. Kendinize g\u00fcveniyorsan\u0131z i\u015fte Yemen&#8217;deki, Tunus&#8217;taki \u00f6rnekleri g\u00f6r\u00fcyorsunuz, ben sizi tutmam. Baz\u0131 yerlerde sonu\u00e7 ald\u0131lar. \u0130\u015fte Tunus&#8217;ta biri kendini yakt\u0131, onun \u00fczerine \u00fc\u00e7 g\u00fcn ayakland\u0131lar.<\/p>\n<p style=\"text-align: justify;\"><strong>15 HAZ\u0130RAN&#8217;A KADAR S\u00dcRE; SONRA DEMOKRAT\u0130K \u00d6ZERKL\u0130K:<\/strong><\/p>\n<p style=\"text-align: justify;\">Da\u011fdan da bir \u015fey beklemeyin. G\u00f6ze alabiliyorsan\u0131z gere\u011fini yapars\u0131n\u0131z. Biz &#8216;diyalog s\u00fcrecine \u015fans verme ad\u0131na 15 Haziran&#8217;a kadar biraz bekleyip g\u00f6relim&#8217; dedik. Ama \u015fimdi ya\u015fananlar ortada. Kendi kararlar\u0131n\u0131 kendileri vermelidirler. G\u00fcc\u00fcn\u00fcz yetiyorsa haz\u0131rl\u0131\u011f\u0131n\u0131z\u0131 yapars\u0131n\u0131z, demokratik \u00f6zerkli\u011fi kurar, hayata ge\u00e7irirsiniz.<\/p>\n<p style=\"text-align: justify;\"><a href=\"http:\/\/haber.gazetevatan.com\/kurtlere-yemeni-tunusu-ornek-gosterdi\/374257\/1\/Gundem\" target=\"_blank\">Kaynak : VATAN Gazetesi<\/a><\/p>\n","protected":false},"excerpt":{"rendered":"<p style=\"text-align: center;\">\n<p style=\"text-align: justify;\">\u00d6calan&#8217;dan son mesaj: &#8221;\u00c7\u00f6z\u00fcm umudum kalmad\u0131. Kendinize g\u00fcveniyorsan\u0131z i\u015fte Yemen&#8217;deki, Tunus&#8217;taki \u00f6rnekleri g\u00f6r\u00fcyorsunuz, ben sizi tutmam. G\u00fcc\u00fcn\u00fcz yetiyorsa haz\u0131rl\u0131\u011f\u0131n\u0131z\u0131 yapars\u0131n\u0131z, demokratik \u00f6zerkli\u011fi kurar, hayata ge\u00e7irirsiniz&#8221;<\/p>\n","protected":false},"author":1,"featured_media":0,"comment_status":"open","ping_status":"closed","sticky":false,"template":"","format":"standard","meta":{"footnotes":""},"categories":[105],"tags":[],"class_list":["post-31302","post","type-post","status-publish","format-standard","hentry","category-gundem","odd"],"_links":{"self":[{"href":"http:\/\/www.korhanyilmaz.com\/index.php?rest_route=\/wp\/v2\/posts\/31302","targetHints":{"allow":["GET"]}}],"collection":[{"href":"http:\/\/www.korhanyilmaz.com\/index.php?rest_route=\/wp\/v2\/posts"}],"about":[{"href":"http:\/\/www.korhanyilmaz.com\/index.php?rest_route=\/wp\/v2\/types\/post"}],"author":[{"embeddable":true,"href":"http:\/\/www.korhanyilmaz.com\/index.php?rest_route=\/wp\/v2\/users\/1"}],"replies":[{"embeddable":true,"href":"http:\/\/www.korhanyilmaz.com\/index.php?rest_route=%2Fwp%2Fv2%2Fcomments&post=31302"}],"version-history":[{"count":0,"href":"http:\/\/www.korhanyilmaz.com\/index.php?rest_route=\/wp\/v2\/posts\/31302\/revisions"}],"wp:attachment":[{"href":"http:\/\/www.korhanyilmaz.com\/index.php?rest_route=%2Fwp%2Fv2%2Fmedia&parent=31302"}],"wp:term":[{"taxonomy":"category","embeddable":true,"href":"http:\/\/www.korhanyilmaz.com\/index.php?rest_route=%2Fwp%2Fv2%2Fcategories&post=31302"},{"taxonomy":"post_tag","embeddable":true,"href":"http:\/\/www.korhanyilmaz.com\/index.php?rest_route=%2Fwp%2Fv2%2Ftags&post=31302"}],"curies":[{"name":"wp","href":"https:\/\/api.w.org\/{rel}","templated":true}]}}