{"id":31298,"date":"2011-04-29T19:36:40","date_gmt":"2011-04-29T16:36:40","guid":{"rendered":"http:\/\/www.korhanyilmaz.com\/?p=31298"},"modified":"2011-04-29T19:36:40","modified_gmt":"2011-04-29T16:36:40","slug":"silivrideki-yurtseverlere-selam-olsun","status":"publish","type":"post","link":"http:\/\/www.korhanyilmaz.com\/?p=31298","title":{"rendered":"&#8216;Silivri&#8217;deki yurtseverlere selam olsun&#8217;"},"content":{"rendered":"<p style=\"text-align: justify;\"><a href=\"http:\/\/www.korhanyilmaz.com\/wp-content\/uploads\/2011\/04\/069.jpg\"  class=\"lightview\"><img loading=\"lazy\" decoding=\"async\" class=\"aligncenter size-full wp-image-31299\" src=\"http:\/\/www.korhanyilmaz.com\/wp-content\/uploads\/2011\/04\/069.jpg\" alt=\"\" width=\"420\" height=\"210\" \/><\/a><\/p>\n<p style=\"text-align: justify;\">T\u00fcrk sinemas\u0131n\u0131n \u00fcnl\u00fc ismi Kadir \u0130nan\u0131r \u015fa\u015f\u0131rtt\u0131.<\/p>\n<p style=\"text-align: justify;\">Ayd\u0131nl\u0131k gazetesine konu\u015fan Kadir \u0130nan\u0131r, Ergenekon davas\u0131 ile ilgili \u00e7arp\u0131c\u0131 a\u00e7\u0131klamalarda bulundu. Ergenekon&#8217;un uyduruk bir senaryo oldu\u011funu savunan \u0130nan\u0131r, &#8220;Bu dava kesinlikle bitecektir. \u00c7ekilen ac\u0131lar toplumumuzun geli\u015fmesinin \u0131\u015f\u0131\u011f\u0131 olacakt\u0131r. Uyduruk bir senaryo oldu\u011funa inan\u0131yorum. Toplumumuzun geli\u015fmesini istemeyen emperyalist g\u00fc\u00e7lerin bir oyunu oldu\u011funu d\u00fc\u015f\u00fcn\u00fcyorum. Silivri&#8217;deki yurtseverlere selam olsun.&#8221; diye konu\u015ftu. <!--more--><\/p>\n<p style=\"text-align: justify;\"><strong>12 MART VE 12 EYL\u00dcL&#8217;E ELE\u015eT\u0130R\u0130<\/strong><\/p>\n<p style=\"text-align: justify;\">T\u00fcrk sinemas\u0131n\u0131n \u00fcnl\u00fc sinema sanat\u00e7\u0131s\u0131 Kadir \u0130nan\u0131r, bir taraftan sinema d\u00fcnyas\u0131n\u0131n 12 Mart 1971 ve 12 Eyl\u00fcl 1980 askeri darbelerinden olumsuz etkilendi\u011fini dile getirdi. 12 Eyl\u00fcl d\u00f6neminde ilerici ve \u00e7a\u011fda\u015f film yapanlar\u0131n yarg\u0131land\u0131\u011f\u0131n\u0131, darbeyle ilgili 5 filmde g\u00f6rev ald\u0131\u011f\u0131n\u0131 belirten \u0130nan\u0131r, &#8220;Darbe adl\u0131 filmim TV&#8217;lerde bile g\u00f6sterilmiyor.&#8221; diyor.<\/p>\n<p style=\"text-align: justify;\"><strong>BEYN\u0130MLE VE Y\u00dcRE\u011e\u0130MLE DESTEKL\u0130YORUM<\/strong><\/p>\n<p style=\"text-align: justify;\">Cumhuriyet G\u00fc\u00e7birli\u011fi&#8217;ni &#8220;Beynimle ve y\u00fcre\u011fimle destekliyorum&#8221; diyen inan\u0131r \u015f\u00f6yle devam ediyor:<\/p>\n<p style=\"text-align: justify;\">&#8220;Olumsuzluklar\u0131n ortadan kalkmas\u0131 i\u00e7in bireylerin tek ba\u015f\u0131na d\u00fc\u015f\u00fcnmesi ve direnmesi\/eylem yapmas\u0131 olumlu sonu\u00e7 getirmez. Ayn\u0131 d\u00fc\u015f\u00fcncede olan insanlar\u0131n \u00f6rg\u00fctlenerek bir g\u00fc\u00e7birli\u011fi olu\u015fturmas\u0131 do\u011fru oland\u0131r.&#8221;<\/p>\n<p style=\"text-align: justify;\"><a href=\"http:\/\/haber.gazetevatan.com\/silivrideki-yurtseverlere-selam-olsun\/374268\/1\/Gundem\">Kaynak : VATAN Gazetesi<\/a><\/p>\n","protected":false},"excerpt":{"rendered":"<p style=\"text-align: justify;\">\n<p style=\"text-align: justify;\">T\u00fcrk sinemas\u0131n\u0131n \u00fcnl\u00fc ismi Kadir \u0130nan\u0131r \u015fa\u015f\u0131rtt\u0131.<\/p>\n<p style=\"text-align: justify;\">Ayd\u0131nl\u0131k gazetesine konu\u015fan Kadir \u0130nan\u0131r, Ergenekon davas\u0131 ile ilgili \u00e7arp\u0131c\u0131 a\u00e7\u0131klamalarda bulundu. Ergenekon&#8217;un uyduruk bir senaryo oldu\u011funu savunan \u0130nan\u0131r, &#8220;Bu dava kesinlikle bitecektir. \u00c7ekilen ac\u0131lar toplumumuzun geli\u015fmesinin \u0131\u015f\u0131\u011f\u0131 olacakt\u0131r. Uyduruk bir senaryo oldu\u011funa inan\u0131yorum. Toplumumuzun geli\u015fmesini istemeyen emperyalist g\u00fc\u00e7lerin bir oyunu <\/p>\n","protected":false},"author":1,"featured_media":0,"comment_status":"open","ping_status":"closed","sticky":false,"template":"","format":"standard","meta":{"footnotes":""},"categories":[105],"tags":[],"class_list":["post-31298","post","type-post","status-publish","format-standard","hentry","category-gundem","odd"],"_links":{"self":[{"href":"http:\/\/www.korhanyilmaz.com\/index.php?rest_route=\/wp\/v2\/posts\/31298","targetHints":{"allow":["GET"]}}],"collection":[{"href":"http:\/\/www.korhanyilmaz.com\/index.php?rest_route=\/wp\/v2\/posts"}],"about":[{"href":"http:\/\/www.korhanyilmaz.com\/index.php?rest_route=\/wp\/v2\/types\/post"}],"author":[{"embeddable":true,"href":"http:\/\/www.korhanyilmaz.com\/index.php?rest_route=\/wp\/v2\/users\/1"}],"replies":[{"embeddable":true,"href":"http:\/\/www.korhanyilmaz.com\/index.php?rest_route=%2Fwp%2Fv2%2Fcomments&post=31298"}],"version-history":[{"count":0,"href":"http:\/\/www.korhanyilmaz.com\/index.php?rest_route=\/wp\/v2\/posts\/31298\/revisions"}],"wp:attachment":[{"href":"http:\/\/www.korhanyilmaz.com\/index.php?rest_route=%2Fwp%2Fv2%2Fmedia&parent=31298"}],"wp:term":[{"taxonomy":"category","embeddable":true,"href":"http:\/\/www.korhanyilmaz.com\/index.php?rest_route=%2Fwp%2Fv2%2Fcategories&post=31298"},{"taxonomy":"post_tag","embeddable":true,"href":"http:\/\/www.korhanyilmaz.com\/index.php?rest_route=%2Fwp%2Fv2%2Ftags&post=31298"}],"curies":[{"name":"wp","href":"https:\/\/api.w.org\/{rel}","templated":true}]}}