{"id":31293,"date":"2011-04-29T08:27:42","date_gmt":"2011-04-29T05:27:42","guid":{"rendered":"http:\/\/www.korhanyilmaz.com\/?p=31293"},"modified":"2011-04-29T08:27:42","modified_gmt":"2011-04-29T05:27:42","slug":"isyan-halinde-oldugumu-herkes-biliyor","status":"publish","type":"post","link":"http:\/\/www.korhanyilmaz.com\/?p=31293","title":{"rendered":"&#8220;\u0130syan halinde oldu\u011fumu herkes biliyor&#8221;"},"content":{"rendered":"<p style=\"text-align: justify;\"><a href=\"http:\/\/www.korhanyilmaz.com\/wp-content\/uploads\/2011\/04\/068.jpg\"  class=\"lightview\"><img loading=\"lazy\" decoding=\"async\" class=\"aligncenter size-full wp-image-31294\" src=\"http:\/\/www.korhanyilmaz.com\/wp-content\/uploads\/2011\/04\/068.jpg\" alt=\"\" width=\"414\" height=\"219\" \/><\/a><\/p>\n<p style=\"text-align: justify;\">Ergenekon\u2019un tutuklu san\u0131\u011f\u0131 Mehmet Haberal\u2019\u0131n milletvekili adayl\u0131\u011f\u0131 i\u00e7in kendisinin devreye girdi\u011fi iddialar\u0131na kar\u015f\u0131 \u00e7\u0131kan Demirel, \u201cBenim isyan halinde oldu\u011fumu herkes biliyor. Ama benim tavsiyeme gerek yok. Bu zindandan kurtulma hadisesi de\u011fil, do\u011frudan do\u011fruya bir haks\u0131zl\u0131\u011fa milletin ne diyece\u011fini anlama meselesi\u201d dedi.<!--more--><\/p>\n<p style=\"text-align: justify;\">9. Cumhurba\u015fkan\u0131 S\u00fcleyman Demirel, Ergenekon\u2019un tutuklu san\u0131\u011f\u0131 Mehmet Haberal\u2019\u0131n milletvekili adayl\u0131\u011f\u0131 i\u00e7in kendisinin devreye girdi\u011fi iddialar\u0131na kar\u015f\u0131 \u00e7\u0131kt\u0131. Haberal\u2019\u0131n 2 y\u0131l\u0131 a\u015fk\u0131n s\u00fcredir cezaevinde oldu\u011funu ve h\u00e2l\u00e2 \u201csu\u00e7um ne?\u201d diye sordu\u011funu belirten Demirel, \u201cBenim isyan halinde oldu\u011fumu herkes biliyor. Ama benim tavsiyeme gerek yok\u201d dedi. Demirel, CHP Genel Ba\u015fkan\u0131 Kemal K\u0131l\u0131\u00e7daro\u011flu\u2019nu kastederek \u201cAdam ne diyor, \u2018birisi bana tavsiye etti de onun i\u00e7in koydum\u2019 demiyor. \u2018Vicdan laz\u0131m\u2019 diyor. Bunu ben dedirtiyor de\u011filim ki! B\u00f6yle bir adama \u201cbiri sana etki mi yapt\u0131, bunu s\u00f6yl\u00fcyorsun\u201d denebilir mi?\u201d \u015feklinde konu\u015ftu. \u201cNe darbesinden bahsediyorsunuz siz? Darbe yapacakm\u0131\u015f da yakalam\u0131\u015f da, etmi\u015f de&#8230; Bunlar\u0131n hepsi laf, laf, laf\u201d diyen Demirel, \u201cMehmet Haberal \u00e7ak\u0131 ta\u015f\u0131maz cebinde yahu\u201d diye ekledi.<\/p>\n<p style=\"text-align: justify;\"><span style=\"text-decoration: underline;\"><em>Vatan\u2019\u0131n sorular\u0131n\u0131 yan\u0131tlayan Demirel\u2019e y\u00f6neltilen sorular ve yan\u0131tlar\u0131 \u015f\u00f6yle:<\/em><\/span><\/p>\n<p style=\"text-align: justify;\"><strong>* Bir s\u00f6z\u00fcn\u00fcz vard\u0131. Bu \u00fclkenin \u00fcniversiteleri \u00f6zg\u00fcrce tart\u0131\u015fabiliyorsa, bas\u0131n\u0131 h\u00fcrse, tarlalar\u0131 ekiliyorsa, fabrikalar\u0131 \u00e7al\u0131\u015f\u0131yorsa, hukuk i\u015fliyorsa mesele yoktur anlam\u0131na gelen.<\/strong><\/p>\n<p style=\"text-align: justify;\">Tam odur.<\/p>\n<p style=\"text-align: justify;\"><strong>* T\u00fcrkiye\u2019ye bug\u00fcn bakt\u0131\u011f\u0131n\u0131zda ne i\u015fliyor ne i\u015flemiyor, nas\u0131l g\u00f6r\u00fcyorsunuz?<\/strong><\/p>\n<p style=\"text-align: justify;\">Her \u015feyi bir ki\u015finin yapmaya kalkmas\u0131 dikta olu\u015fturur. H\u00fck\u00fcmet, siyasi iktidar bu sistem i\u00e7inde kurumlardan bir tanesidir ve en \u00f6nemlisidir. Ama sistem i\u00e7inde yaz\u0131l\u0131 veya g\u00f6rsel h\u00fcr ve serbest medya fevkalade \u00f6nemlidir. Sistemin i\u00e7inde \u00fcniversite \u00f6nemlidir, sistemin i\u00e7inde yarg\u0131 \u00f6nemlidir, sistemin i\u00e7inde administrasyon \u00f6nemlidir. Bizim uzun zamandan beri \u00e7ekti\u011fimiz s\u0131k\u0131nt\u0131lar; se\u00e7ilmi\u015f organlarla se\u00e7ilmemi\u015f organlar diyelim -bir k\u0131sm\u0131 tayinle geliyor, bir k\u0131sm\u0131 kurumsal yani kendi \u00f6zellikleri var- bunlar aras\u0131nda ahengi tesis etmekte zorluk \u00e7ektik. Ger\u00e7i bu ahengi tesis ba\u015fka memleketlerde de kolay olmuyor. Ama koparmadan, bir s\u0131n\u0131r\u0131n \u00fcst\u00fcne \u00e7\u0131kmadan tart\u0131\u015fmalar yap\u0131labiliyor. Herkes yerini de koruyor n\u00fcfuzunu da koruyor. Kimse kimseye tabi olmak mecburiyetinde kalm\u0131yor. Herkes g\u00f6revini ne yapmak olarak g\u00f6r\u00fcyorsa onu yapmaya \u00e7al\u0131\u015f\u0131yor. Bizim memlekette de ba\u015fka memleketlerde de daima iktidarlar bas\u0131ndan rahats\u0131z olmu\u015ftur.<\/p>\n<p style=\"text-align: justify;\"><strong>* Siz de iktidar oldunuz, siz de rahats\u0131z oldunuz mu?<\/strong><\/p>\n<p style=\"text-align: justify;\">Eski \u0130ngiltere Ba\u015fbakan\u0131 Thatcher\u2019in Singapur\u2019da s\u00f6yledi\u011fi bir nutuk var. Bir toplant\u0131da uluslar aras\u0131 toplant\u0131da. Singapur\u2019da biliyorsunuz bir adam vard\u0131, 30 sene orada ba\u015fbakanl\u0131k yapt\u0131.(Lee Kuan Yew) \u015eehri devlet yapt\u0131 adam iyi mi? ? Uzak Asya\u2019da 30 bin dolar gelir seviyesi. Dibinde bin dolar de\u011fil. iyi tan\u0131d\u0131\u011f\u0131m bir adamd\u0131r. Onun g\u00f6z\u00fcn\u00fcn i\u00e7ine bak\u0131p Thatcher, \u201csabahleyin kalkt\u0131\u011f\u0131m zaman benimle hesapla\u015facak bir bas\u0131n yoksa bu \u00fclkede ben ba\u015fbakanl\u0131k yapmam\u201d dedi. Bu t\u00fcr \u015feyler i\u015fte bir yerden kurtar\u0131yor. Bir yerde halk\u0131n gazab\u0131na gelmesinden kurtar\u0131yor. Biz de bas\u0131ndan rahats\u0131z olmu\u015fuzdur zaman zaman. Ama rahats\u0131z olmak ba\u015fka bir \u015fey, rahats\u0131z olunca susturmak \u015feklinde tedbir almak yanl\u0131\u015ft\u0131r. Bug\u00fcn T\u00fcrkiye\u2019de s\u0131k\u0131nt\u0131s\u0131 \u00e7ekilen odur. D\u00fcnyada en \u00e7ok hapishanede gazeteci olan \u00fclkelerden biri T\u00fcrkiye, uluslararas\u0131 rakamlara g\u00f6re 57 ki\u015fi. Bu iyi bir \u015fey de\u011fil. Gazeteci hapsetmek iyi bir \u015fey de\u011fil. Sonra bas\u0131lmadan kitap toplatmak iyi bir \u015fey de\u011fil.<\/p>\n<p style=\"text-align: justify;\"><strong>* H\u00fck\u00fcmet, yarg\u0131n\u0131n i\u015fine kar\u0131\u015famam diyor&#8230;<\/strong><\/p>\n<p style=\"text-align: justify;\">\u201cBuna h\u00fck\u00fcmet ne yaps\u0131n yani?\u201d Bence \u201ch\u00fck\u00fcmet ne yaps\u0131n\u201d\u0131n arkas\u0131na s\u0131\u011f\u0131nmamak laz\u0131m. Bunu hi\u00e7 kimseye anlatamazs\u0131n\u0131z. Ve neticede \u201cbu devir\u201d diye ilerde de\u011ferlendirilirken, bu karar\u0131 veren hakim veya savc\u0131n\u0131n \u00fcst\u00fcnde kalmaz bu, devir siyasi iktidarlar\u0131n \u00fcst\u00fcnde kal\u0131r. \u201cSizin devrinizde \u015fu oldu\u201d denir. \u201cBen ne yapay\u0131m?\u201d Ha, bir \u00e7ok meselede ben ne yapay\u0131m diyemiyorsun ama. Yap\u0131yorsun, \u201cben ne yapay\u0131m\u201d demeden. Bir tak\u0131m insanlar birtak\u0131m yerlerden cesaret almasa bu \u00e7e\u015fit \u015feyler yap\u0131lamaz. Sonra asl\u0131nda kald\u0131 ki T\u00fcrkiye\u2019de hakimleri ve savc\u0131lar\u0131 tayin etmek dolayl\u0131 bir \u015fekilde de olsa siyasi iktidarlar\u0131n elindedir. \u201cBen ne yapay\u0131m\u201dla olmaz. Siyasi iktidarlar yarg\u0131y\u0131 rahat b\u0131rakmal\u0131. O zaten elini yarg\u0131n\u0131n i\u00e7ine sokmu\u015f. Buradaki s\u0131k\u0131nt\u0131 zaten yarg\u0131n\u0131n siyasalla\u015fmas\u0131d\u0131r. En yanl\u0131\u015f i\u015ftir bu. Havaya bakar bu, memleleketteki siyasi iktidarlar\u0131n havas\u0131na bakar, her \u015fey ona bakar.<\/p>\n<p style=\"text-align: justify;\"><strong>* Hukuk burada iyi i\u015flemiyor mu yani?<\/strong><\/p>\n<p style=\"text-align: justify;\">Sadece orada de\u011fil ki, hukuk ba\u015fka yerde de i\u015flemiyor. Adam\u0131 g\u00f6t\u00fcr\u00fcp Silivri hapishanesine koyuyorsun, \u2018sen burada duradur\u2019 diyorsun. Ne zamana kadar dursun adam? Mustafa Balbay 3 seneye yakla\u015f\u0131yor, duruyor. Haberal 2 seneyi a\u015fm\u0131\u015f duruyor. Niye tutuyorsun bu adamlar\u0131 orada? Su\u00e7lar\u0131n\u0131 s\u00f6ylemiyorsun \u2018su\u00e7unuz \u015fu\u2019 diye. Ondan sonra \u201c\u015e\u00f6yle bir te\u015fkilat var buraya dahilsin\u201d diyorsun, te\u015fkilat yok orta yerde.<\/p>\n<p style=\"text-align: justify;\"><strong>* T\u00fcrkiye\u2019de ilk defa varl\u0131\u011f\u0131 tart\u0131\u015fmal\u0131, ispat edilememi\u015f bir ter\u00f6r \u00f6rg\u00fct\u00fc davas\u0131 var&#8230;<\/strong><\/p>\n<p style=\"text-align: justify;\">B\u00f6yle bir \u015fey olur mu? Bunun ad\u0131na mefruz su\u00e7 derler. Yani farz edilen su\u00e7. Mefruz su\u00e7 olur mu? Efendim, bunlar 10 tane, 20 tane, 30 tane olmas\u0131na l\u00fczum yok 1 tanesi kafi. Adam\u0131n birini buluyorsun getiriyorsun, kitap yaz\u0131yormu\u015f, ondan dolay\u0131 i\u00e7eri at\u0131yorsun. Sonra bu adam ka\u00e7acak de\u011fil. Mahkeme edeceksen et gene. Ama et birader mahkeme. Bu adam\u0131n mahkeme olma hakk\u0131 var. Sonra bir masumiyet karinesi var. Ki\u015fi su\u00e7lulu\u011fu ispat edilinceye kadar su\u00e7suzdur. Beraati zimmet as\u0131ld\u0131r. Mecelle kaidesi. B\u00f6yle hukuk olur mu?<\/p>\n<p style=\"text-align: justify;\"><strong>* Haberal\u2019\u0131n milletvekili adayl\u0131\u011f\u0131 i\u00e7in sizin etkili oldu\u011funuz \u00e7ok konu\u015fuldu&#8230;<\/strong><\/p>\n<p style=\"text-align: justify;\">Bak\u0131n, Zonguldak\u2019ta Kemal K\u0131l\u0131\u00e7daro\u011flu ne s\u00f6yledi, \u2018Bu adam\u0131n su\u00e7u nedir\u2019 dedi. \u201c\u00dcniversite kurmak m\u0131 su\u00e7, bu \u00fclkenin \u00e7ocuklar\u0131n\u0131 okutmak m\u0131 su\u00e7. B\u00f6yle su\u00e7 mu olur. B\u00f6yle su\u00e7 olmazsa ba\u015fka su\u00e7u yok adam\u0131n. \u2018Bu adam\u0131n su\u00e7u nedir\u201d dedi. \u2018Neyse b\u00fct\u00fcn varl\u0131\u011f\u0131n\u0131 bu \u00fclkenin \u00e7ocuklar\u0131 okusun diye bir vakfa devretmi\u015ftir. Bu su\u00e7 olur mu? Bu su\u00e7 olmazsa bu adam orada neden duruyor\u201d. Bu adam\u0131n su\u00e7u nedir. Bu adam d\u00fcnyaca tan\u0131nm\u0131\u015f bir cerraht\u0131r. Bunun su\u00e7 neresinde? E, \u201cBu kadar me\u015fhur olmasayd\u0131&#8230;\u201c Su\u00e7u ne bu adam\u0131n? Ne dedi K\u0131l\u0131\u00e7daro\u011flu, \u201cBu\u201d dedi, \u201cT\u00fcrkiye\u2019nin onurudur, benim onurumdur, bizim onurumuzdur. Zonguldak\u2019\u0131n onurudur ve T\u00fcrkiye\u2019nin onurudur\u201d dedi. Ben bunu daha evvel s\u00f6yledim. Bana sorarsan evet, Mehmet Haberal meselesi T\u00fcrkiye\u2019nin onurudur. B\u00f6yle \u015fey olur mu? Orta yerde su\u00e7 olur, anlad\u0131k, kimse savunmaz onu. Sonra ne zaman su\u00e7 bulacaksan bulmaya devam et, aramaya devam et sen. B\u0131rak adam\u0131&#8230;<\/p>\n<p style=\"text-align: justify;\">Ve Fatih Hilmio\u011flu \u00fcniversite profes\u00f6r\u00fc, Malatya \u00dcniversitesi Rekt\u00f6r\u00fc, kanserden yat\u0131yor adam orada. Hapishanede yat\u0131yor kanserli. Bu insanlara kar\u015f\u0131 ay\u0131p de\u011fil mi? Ge\u00e7enlerde g\u00f6t\u00fcrd\u00fckleri insanlar. Nedim ve Ahmet.. Bunlar\u0131 birer birer saymaya gerek yok. Bir tanesi kafidir. Bu \u00fclkede adalet olmad\u0131\u011f\u0131na dair. B\u00f6yle olunca Yarg\u0131tay karar vermi\u015f, diyor ki, \u2018B\u0131rak\u0131n bu adamlar\u0131 ya. A\u00e7\u0131ktan muhakeme edin\u201d. Etmiyor. Yarg\u0131tay o zaman o hakimlere ceza veriyor. Bak\u0131n b\u00f6yle garip bir \u015fey olur mu?<\/p>\n<p style=\"text-align: justify;\"><strong>* H\u00fck\u00fcmet de parlamentoda kanun de\u011fi\u015ftiriyor, cezay\u0131 devletin \u00fcst\u00fcne al\u0131yor&#8230;<\/strong><\/p>\n<p style=\"text-align: justify;\">Ama ceza veriyor. B\u00f6yle bir \u015fey olur mu? Burada garaz vard\u0131r. Bir devlet bir adama kar\u015f\u0131 b\u00f6yle bir garaz i\u00e7inde olamaz.<\/p>\n<p style=\"text-align: justify;\"><strong>* Haberal\u2019\u0131 m\u0131 kast ediyorsunuz?<\/strong><\/p>\n<p style=\"text-align: justify;\">Evet.<\/p>\n<p style=\"text-align: justify;\"><strong>* Neden garaz olsun?<\/strong><\/p>\n<p style=\"text-align: justify;\">Ben de bilmiyorum neden. Ben \u015funa kaniyim; ben haks\u0131zl\u0131klarla m\u00fccadele i\u00e7in ortaday\u0131m. Benim siyasette ne i\u015fim vard\u0131; haks\u0131zl\u0131klara kar\u015f\u0131 \u00e7\u0131kmak i\u00e7in. En b\u00fcy\u00fck haks\u0131zl\u0131k milletin iradesinin elinden al\u0131nmas\u0131d\u0131r. Onlara kar\u015f\u0131 \u00e7\u0131kt\u0131m ben. \u00dclkenin yar\u0131s\u0131na d\u00fc\u015f\u00fck kuyruk denmesini, \u00fclkesinin yar\u0131s\u0131na yak\u0131n\u0131n\u0131n hatta fazlas\u0131n\u0131n topyek\u00fcn k\u00f6t\u00fc g\u00f6r\u00fclmesine kar\u015f\u0131 \u00e7\u0131kt\u0131m. Bug\u00fcn halk\u0131n, T\u00fcrkiye\u2019nin b\u00f6yle bir meselesinde vicdan azab\u0131 \u00e7ekmemesi m\u00fcmk\u00fcn de\u011fil. B\u0131rak\u0131n, halk ne diyecek bakal\u0131m. Milletvekili olma hadisesi de\u011fil, zindandan kurtulma hadisesi de de\u011fil o do\u011frudan do\u011fruya bir haks\u0131zl\u0131\u011fa milletin ne diyece\u011fini anlama meselesi. Yani, e\u011fer milletin sesini istiyorsan\u0131z i\u015fte buyurun bu da milletin sesi. Milli irade diyorsan\u0131z bu da milli irade. Bu memleket ya\u015fan\u0131l\u0131r olmal\u0131 can\u0131m. Hi\u00e7bir \u015feye g\u00fcvenecek halimiz kalmad\u0131. Benim de\u011fil \u015fahsen, bir \u00e7ok insan\u0131n hi\u00e7bir \u015feye g\u00fcvenecek hali kalmad\u0131.<\/p>\n<p style=\"text-align: justify;\"><strong>* Biraz \u00f6nce 27 May\u0131s darbesinden sonra haks\u0131zl\u0131\u011fa kar\u015f\u0131 m\u00fccadele ettim dediniz. Mevcut siyasi iktidar da \u201cDarbe yapacaklar\u0131 yakalad\u0131m. Bize kar\u015f\u0131 darbe yapacaklard\u0131. Bununla m\u00fccadele ediyorum, ileri demokrasiye g\u00f6t\u00fcr\u00fcyorum\u201d diyor.<\/strong><\/p>\n<p style=\"text-align: justify;\">Bunun neresi ileri demokrasi? Su\u00e7 yok, su\u00e7lu var orta yerde. \u201cYapacak idi\u201d, su\u00e7 olur mu? Su\u00e7 \u201cYapt\u0131\u201dd\u0131r. \u201cYapacak idi\u201dyse yaparken basars\u0131n. Yahut yapaca\u011f\u0131na dair emare olur. Mehmet Haberal \u00e7ak\u0131 ta\u015f\u0131maz cebinde yahu. Adam\u0131n i\u015fi gen\u00e7lerledir. \u0130nsanlara \u015fifa veren bir s\u00fcr\u00fc cerrah, doktor yeti\u015ftirdi.<\/p>\n<p style=\"text-align: justify;\"><strong>* Haberal\u2019\u0131n aday olmas\u0131 i\u00e7in K\u0131l\u0131\u00e7daro\u011flu\u2019na tavsiyeniz oldu mu?<\/strong><\/p>\n<p style=\"text-align: justify;\">Benim isyan halinde oldu\u011fumu herkes biliyor. Ama benim tavsiyeme gerek yok. Adam ne diyor, \u2018birisi bana tavsiye etti de onun i\u00e7in koydum\u2019 demiyor. \u2018Vicdan laz\u0131m\u2019 diyor. Bunu ben dedirtiyor de\u011filim ki! B\u00f6yle bir adama \u201cbiri sana etki mi yapt\u0131, bunu s\u00f6yl\u00fcyorsun\u201d denebilir mi? \u00c7ok vicdanl\u0131 bir s\u00f6z. \u00c7ok d\u00fc\u015f\u00fcnd\u00fcr\u00fcc\u00fc \u015feyler bunlar. Bence bir vicdan\u0131n sesidir, bir\u00e7ok vicdan\u0131n sesidir.<\/p>\n<p style=\"text-align: justify;\"><strong>* O da sizin duydu\u011funuz isyan\u0131 m\u0131 duyuyor?<\/strong><\/p>\n<p style=\"text-align: justify;\">Evet efendim. Bir \u00e7ok insan duyuyor. Oras\u0131 koskoca bir parti. O isyan\u0131 duymasalar ba\u015flar\u0131ndaki adam o isyan\u0131 dile getiremez. Haks\u0131zl\u0131k haks\u0131zl\u0131kt\u0131r. Hi\u00e7 kimse bu haks\u0131zl\u0131kt\u0131r demese dahi ben haks\u0131zl\u0131k diye bildi\u011fim \u015feyi sonuna kadar savunurum, haks\u0131zl\u0131kt\u0131r. Biz de u\u011frad\u0131k haks\u0131zl\u0131klara. Ama bizim imkan\u0131m\u0131z vard\u0131 m\u00fccadele ettik. Ben vatan sath\u0131ndan milletin verdi\u011fi oyu anam\u0131n ak s\u00fct\u00fc gibi helal verdi\u011fi oylarla geldi\u011fim iktidar\u0131 benim elimden ald\u0131lar. Ben 11 Eyl\u00fcl ak\u015fam\u0131 \u015furada oturuyordum. 11 eyl\u00fcl ak\u015fam\u0131 ben ba\u015fbakand\u0131m. 12 eyl\u00fcl sabah\u0131 Gelibolu yolundayd\u0131m. Ne haklar\u0131 vard\u0131? Ama ben yapt\u0131m m\u00fccadelemi. O ayr\u0131 mesele. Kimseye de eyvallah etmedim. Bu do\u011fru de\u011fil, bu yanl\u0131\u015f. Ne darbesinden bahsediyorsunuz siz? Darbe yapacakm\u0131\u015f da yakalam\u0131\u015f da, etmi\u015f de&#8230; Bunlar\u0131n hepsi laf, laf, laf. Mesele, eninde sonunda hakikat meydana \u00e7\u0131kar ama 10 sene sonra ortaya \u00e7\u0131km\u0131\u015f hakikati ben ne yapay\u0131m. Ben ne yapay\u0131m \u00f6mr\u00fcm\u00fcn en de\u011ferli 10 senesini kaybettikten sonra yani. G\u00fcnah de\u011fil mi bu adamlara?<\/p>\n<p style=\"text-align: justify;\"><strong>* Nedim \u015eener, Ahmet \u015e\u0131k cezaevinde, Hilmio\u011flu kanser, cezaevinde. 57 gazeteci tutuklu. Neden sadece Haberal i\u00e7in \u201cgaraz var\u201d diyorsunuz?<\/strong><\/p>\n<p style=\"text-align: justify;\">Haberal\u2019a kar\u015f\u0131 garaz. \u00c7\u00fcnk\u00fc Haberal i\u00e7in, Yarg\u0131tay karar veriyor. Bunlar\u0131 niye salm\u0131yorsunuz diye. Salmayanlara ceza veriyor. Ceza verdiler, h\u00fck\u00fcmet \u00fcstleniyor, iyi mi? Budur. Di\u011ferlerinde b\u00f6yle bir durum yok.<\/p>\n<p style=\"text-align: justify;\"><strong>* Balbay ve di\u011ferleri de ayn\u0131 haks\u0131zl\u0131\u011fa u\u011fram\u0131yor mu?<\/strong><\/p>\n<p style=\"text-align: justify;\">Evet. Ben Haberal\u2019\u0131n durumunu yak\u0131ndan bildi\u011fim i\u00e7in s\u00f6yl\u00fcyorum bunlar\u0131. Haberal\u2019\u0131n durumunda olan herkese garaz vard\u0131r.<\/p>\n<p style=\"text-align: justify;\">Bir adam\u0131 tutup g\u00f6t\u00fcr\u00fcp oraya koyuyorsun 2 sene tutuyorsun. Su\u00e7unu da s\u00f6ylemiyorsun. Duruyor adam. Adam bas bas ba\u011f\u0131r\u0131yor \u2018su\u00e7um ne\u2019 diye. \u015eudur desinler su\u00e7u. Efendim adliyeye intikal etmi\u015ftir, biz buna kar\u0131\u015fmay\u0131z. E, sizin adliyeniz b\u00f6yle i\u015flerse birisi kar\u0131\u015f\u0131r ona yani. \u0130\u015flemeyen bir adliyeyi koruyabilir misiniz?<\/p>\n<p style=\"text-align: justify;\"><strong>DA\u011eITILMAYAN ADALET EN B\u00dcY\u00dcK ADALETS\u0130ZL\u0130KT\u0130R<\/strong><\/p>\n<p style=\"text-align: justify;\"><strong>* T\u00fcrkiye bir anayasa referandumu yapt\u0131, yarg\u0131y\u0131 daha ba\u011f\u0131ms\u0131z hale getirmek i\u00e7in&#8230;<\/strong><\/p>\n<p style=\"text-align: justify;\">Gelelim sisteme. Sistemin d\u00fcnyan\u0131n \u00e7e\u015fitli \u00fclkelerinde \u00e7e\u015fitli uygulamalar\u0131 var ama temel prensipler ayn\u0131: Adil, ba\u011f\u0131ms\u0131z ve tarafs\u0131z yarg\u0131. Yaln\u0131z, bir yarg\u0131 organ\u0131n\u0131z var ama yarg\u0131 organ\u0131n\u0131zdan \u015fikayet de var. Ne gibi \u015fikayetler var? Karar mekanizmas\u0131 i\u015flemiyor. Da\u011f\u0131t\u0131lamayan adalet b\u00fcy\u00fck adaletsizliktir. Da\u011f\u0131t\u0131lam\u0131yor. Ve bir mesele karara ba\u011fland\u0131\u011f\u0131 yerde, verilen karar\u0131n, karar e\u011fer ceza ise, ibret-i m\u00fcessire (tesirli ibret) etkisi kalm\u0131yor. Ceza davas\u0131 de\u011fil de alacak-verecek davas\u0131 ise orada da kaybedilen veya kazan\u0131lan miktarlar\u0131n de\u011feri kalm\u0131yor. Bundan b\u00fct\u00fcn d\u00fcnyada \u015fikayetler var. On seneye yak\u0131nd\u0131r var ki, Yarg\u0131tay a\u00e7\u0131l\u0131\u015f\u0131, Dan\u0131\u015ftay a\u00e7\u0131l\u0131\u015f\u0131 vesaire, bu toplant\u0131larda y\u00fcksek mahkeme ba\u015fkanlar\u0131 geliyor diyorlar ki \u201cortalama karar alma s\u00fcremiz 6 sene.\u201d Avrupa \u0130nsan Haklar\u0131\u2019na g\u00f6re 2 seneyi ge\u00e7iyorsa karar verme s\u00fcresi, bu insan haklar\u0131 ihlali say\u0131l\u0131yor. Hakim ve savc\u0131lardan \u015fikayetimiz yok ama i\u015fleyi\u015finden \u015fikayet var. D\u00fczeltmesi laz\u0131m.<\/p>\n<p style=\"text-align: justify;\"><strong>* Kim d\u00fczeltecek?<\/strong><\/p>\n<p style=\"text-align: justify;\">Siyaset d\u00fczeltecek. Siyaset bunu d\u00fczeltirken halk\u0131n genel kabul\u00fcn\u00fc alabilmesi laz\u0131m. D\u00fczeltirken de \u201cbir d\u00fczeltme yap\u0131yor\u201d hissini verme yerine, \u201cbunlar\u0131 kendi eline alma\u201d hissini veriyorsa, o zaman ne oluyor, onu ele ge\u00e7irme, oray\u0131 ele ge\u00e7irme oluyor. \u015eu anki hadise o. Yoksa yarg\u0131n\u0131n daha iyi i\u015flemesi, kararlar\u0131n\u0131 daha \u00e7abuk ve adil vermesi yarg\u0131ya hi\u00e7bir etki kar\u0131\u015fmamas\u0131 vesaire \u015feklinde at\u0131lacak ad\u0131mlar\u0131 halk alk\u0131\u015fla kar\u015f\u0131lar.<\/p>\n<p style=\"text-align: justify;\"><strong>* Zaten o yol uygulanm\u0131yor mu?<\/strong><\/p>\n<p style=\"text-align: justify;\">\u015eimdi bizim yapamad\u0131\u011f\u0131m\u0131z \u015fey \u015fu: Biz ya ifrat ya tefrit, yani u\u00e7lara getiriyoruz. Ya \u00e7ok h\u0131rsl\u0131 kararlar al\u0131yoruz, o d\u00fczeltme de\u011fil ele ge\u00e7irme intiba\u0131 veriyor. Nitekim siz HSYK\u2019y\u0131 yeniden te\u015fkil ettiniz, gelen HSYK evvela mahkemelerin ba\u015fkanlar\u0131n\u0131 de\u011fi\u015ftirdi, bir\u00e7ok \u015feyi de\u011fi\u015ftirdi, \u201ckendi istikametine koydu\u201d hissini verdi. Nitekim sonra al\u0131nan kararlar\u0131n bir k\u0131sm\u0131n\u0131n da \u00f6yle oldu\u011fu g\u00f6r\u00fcld\u00fc. Bir \u00f6nceki heyetin verdi\u011fi karar konusunda karar verdi, do\u011fruydu-yanl\u0131\u015ft\u0131 diye birtak\u0131m \u015feyler, meseleler oldu.<\/p>\n<p style=\"text-align: justify;\"><a href=\"http:\/\/www.gazeteport.com.tr\/GUNCEL\/NEWS\/GP_896028\" target=\"_blank\">Kaynak : GAZETEPORT<\/a><\/p>\n","protected":false},"excerpt":{"rendered":"<p style=\"text-align: justify;\">\n<p style=\"text-align: justify;\">Ergenekon\u2019un tutuklu san\u0131\u011f\u0131 Mehmet Haberal\u2019\u0131n milletvekili adayl\u0131\u011f\u0131 i\u00e7in kendisinin devreye girdi\u011fi iddialar\u0131na kar\u015f\u0131 \u00e7\u0131kan Demirel, \u201cBenim isyan halinde oldu\u011fumu herkes biliyor. Ama benim tavsiyeme gerek yok. Bu zindandan kurtulma hadisesi de\u011fil, do\u011frudan do\u011fruya bir haks\u0131zl\u0131\u011fa milletin ne diyece\u011fini anlama meselesi\u201d dedi.<\/p>\n","protected":false},"author":1,"featured_media":0,"comment_status":"open","ping_status":"closed","sticky":false,"template":"","format":"standard","meta":{"footnotes":""},"categories":[105],"tags":[],"class_list":["post-31293","post","type-post","status-publish","format-standard","hentry","category-gundem","odd"],"_links":{"self":[{"href":"http:\/\/www.korhanyilmaz.com\/index.php?rest_route=\/wp\/v2\/posts\/31293","targetHints":{"allow":["GET"]}}],"collection":[{"href":"http:\/\/www.korhanyilmaz.com\/index.php?rest_route=\/wp\/v2\/posts"}],"about":[{"href":"http:\/\/www.korhanyilmaz.com\/index.php?rest_route=\/wp\/v2\/types\/post"}],"author":[{"embeddable":true,"href":"http:\/\/www.korhanyilmaz.com\/index.php?rest_route=\/wp\/v2\/users\/1"}],"replies":[{"embeddable":true,"href":"http:\/\/www.korhanyilmaz.com\/index.php?rest_route=%2Fwp%2Fv2%2Fcomments&post=31293"}],"version-history":[{"count":0,"href":"http:\/\/www.korhanyilmaz.com\/index.php?rest_route=\/wp\/v2\/posts\/31293\/revisions"}],"wp:attachment":[{"href":"http:\/\/www.korhanyilmaz.com\/index.php?rest_route=%2Fwp%2Fv2%2Fmedia&parent=31293"}],"wp:term":[{"taxonomy":"category","embeddable":true,"href":"http:\/\/www.korhanyilmaz.com\/index.php?rest_route=%2Fwp%2Fv2%2Fcategories&post=31293"},{"taxonomy":"post_tag","embeddable":true,"href":"http:\/\/www.korhanyilmaz.com\/index.php?rest_route=%2Fwp%2Fv2%2Ftags&post=31293"}],"curies":[{"name":"wp","href":"https:\/\/api.w.org\/{rel}","templated":true}]}}