{"id":31289,"date":"2011-04-29T11:24:19","date_gmt":"2011-04-29T08:24:19","guid":{"rendered":"http:\/\/www.korhanyilmaz.com\/?p=31289"},"modified":"2011-04-29T11:24:19","modified_gmt":"2011-04-29T08:24:19","slug":"bahceliden-akpye-kaset-gondermesi","status":"publish","type":"post","link":"http:\/\/www.korhanyilmaz.com\/?p=31289","title":{"rendered":"Bah\u00e7eli&#8217;den AKP&#8217;ye kaset g\u00f6ndermesi!"},"content":{"rendered":"<p style=\"text-align: center;\"><a href=\"http:\/\/www.korhanyilmaz.com\/wp-content\/uploads\/2011\/04\/067.jpg\"  class=\"lightview\"><img loading=\"lazy\" decoding=\"async\" class=\"aligncenter size-full wp-image-31290\" src=\"http:\/\/www.korhanyilmaz.com\/wp-content\/uploads\/2011\/04\/067.jpg\" alt=\"\" width=\"413\" height=\"222\" \/><\/a><\/p>\n<p style=\"text-align: justify;\">MHP lideri Bah\u00e7eli, 2 parti y\u00f6neticisine ait kasetin ortaya \u00e7\u0131kmas\u0131yla ilgili olarak &#8220;siyasi travma, affedilemez&#8221; dedi, AKP&#8217;ye \u00e7ok sert bir mesaj verdi: &#8220;MHP, T\u00fcrkiye&#8217;yi karanl\u0131k noktalara s\u00fcr\u00fcklemeye \u00e7al\u0131\u015fanlar\u0131n bir an \u00f6nce a\u00e7\u0131\u011fa \u00e7\u0131kar\u0131lmas\u0131n\u0131 beklemekte ve bunun da AKP&#8217;nin iktidar namusu oldu\u011funa inanmaktad\u0131r&#8221;<!--more--><\/p>\n<p style=\"text-align: justify;\">ANKARA- MHP Genel Ba\u015fkan\u0131 Devlet Bah\u00e7eli, baz\u0131 parti y\u00f6neticilerine ait olan ve internette yay\u0131nlanan video g\u00f6r\u00fcnt\u00fclerine ili\u015fkin, &#8221;MHP Ba\u015fkanl\u0131k Divan\u0131 \u00fcyesi olan, ayn\u0131 zamanda milletvekilli\u011fi g\u00f6revini de y\u00fcr\u00fcten \u015fah\u0131slar\u0131n \u00f6zel hayatlar\u0131na ait gizli video g\u00f6r\u00fcnt\u00fcleri ve bunlar\u0131n internet vas\u0131tas\u0131yla servis edilmesi T\u00fcrkiye&#8217;nin kar\u015f\u0131la\u015ft\u0131\u011f\u0131 ve muhatap oldu\u011fu en ciddi siyasi travmalardan birisi olarak kar\u015f\u0131m\u0131zdad\u0131r&#8221; ifadesini kulland\u0131.<\/p>\n<p style=\"text-align: justify;\">Bah\u00e7eli yapt\u0131\u011f\u0131 yaz\u0131l\u0131 a\u00e7\u0131klamada, s\u00f6z konusu video kay\u0131tlar\u0131ndaki \u00e7irkin s\u00f6zlerin, de\u011ferlendirmelerin ve yorumlar\u0131n MHP&#8217;yi asla ba\u011flamad\u0131\u011f\u0131n\u0131, \u00fclk\u00fcc\u00fcl\u00fc\u011f\u00fcn hi\u00e7bir de\u011feriyle de \u00f6rt\u00fc\u015fmedi\u011fini belirtti.<\/p>\n<p style=\"text-align: justify;\"><strong>&#8220;G\u00d6R\u00dcNT\u00dcLER\u0130 G\u00d6RMEZDEN GELEMEY\u0130Z&#8221;<\/strong><\/p>\n<p style=\"text-align: justify;\">G\u00f6r\u00fcnt\u00fcleri g\u00f6rmezden gelmenin m\u00fcmk\u00fcn olmad\u0131\u011f\u0131 gibi, bunun erdemli bir tav\u0131r da olmayaca\u011f\u0131n\u0131 ifade eden Bah\u00e7eli, \u015funlar\u0131 kaydetti:<\/p>\n<p style=\"text-align: justify;\">&#8221;MHP Ba\u015fkanl\u0131k Divan\u0131 \u00fcyesi olan, ayn\u0131 zamanda milletvekilli\u011fi g\u00f6revini de y\u00fcr\u00fcten \u015fah\u0131slar\u0131n \u00f6zel hayatlar\u0131na ait gizli video g\u00f6r\u00fcnt\u00fcleri ve bunlar\u0131n internet vas\u0131tas\u0131yla servis edilmesi T\u00fcrkiye&#8217;nin kar\u015f\u0131la\u015ft\u0131\u011f\u0131 ve muhatap oldu\u011fu en ciddi siyasi travmalardan birisi olarak kar\u015f\u0131m\u0131zdad\u0131r. Yay\u0131mlanm\u0131\u015f olan g\u00f6r\u00fcnt\u00fcleri izah etmek ve yaln\u0131zca parti aidiyetli\u011fine dayanarak savunmak, ge\u00e7i\u015ftirmek ve g\u00f6rmezden gelmek m\u00fcmk\u00fcn olmad\u0131\u011f\u0131 gibi erdemli bir tav\u0131r da de\u011fildir. MHP, T\u00fcrk aile yap\u0131s\u0131na ters d\u00fc\u015fen, milletimizin hassasiyetleriyle ve kabulleriyle taban tabana z\u0131tl\u0131klar i\u00e7eren son hadisenin derin muhasebesini yapmakta ve gerekli tedbirleri laz\u0131m geldi\u011fi bi\u00e7imde almaktad\u0131r.<\/p>\n<p style=\"text-align: justify;\">Herkes bilmedir ki partimiz yolundan ve inand\u0131\u011f\u0131 de\u011ferlerden sonu ne olursa d\u00f6nmeyecek, yanl\u0131\u015f\u0131 sahiplenmeyecek ve hi\u00e7bir iftiran\u0131n alt\u0131nda kalmayacakt\u0131r. MHP, T\u00fcrkiye&#8217;yi karanl\u0131k noktalara s\u00fcr\u00fcklemeye \u00e7al\u0131\u015fanlar\u0131n bir an \u00f6nce a\u00e7\u0131\u011fa \u00e7\u0131kar\u0131lmas\u0131n\u0131 beklemekte ve bunun da AKP&#8217;nin iktidar namusu oldu\u011funa inanmaktad\u0131r.&#8221;<\/p>\n<p style=\"text-align: justify;\"><a href=\"http:\/\/www.gazeteport.com.tr\/SIYASET\/NEWS\/GP_896164\" target=\"_blank\">Kaynak : GAZETEPORT<\/a><\/p>\n","protected":false},"excerpt":{"rendered":"<p style=\"text-align: center;\">\n<p style=\"text-align: justify;\">MHP lideri Bah\u00e7eli, 2 parti y\u00f6neticisine ait kasetin ortaya \u00e7\u0131kmas\u0131yla ilgili olarak &#8220;siyasi travma, affedilemez&#8221; dedi, AKP&#8217;ye \u00e7ok sert bir mesaj verdi: &#8220;MHP, T\u00fcrkiye&#8217;yi karanl\u0131k noktalara s\u00fcr\u00fcklemeye \u00e7al\u0131\u015fanlar\u0131n bir an \u00f6nce a\u00e7\u0131\u011fa \u00e7\u0131kar\u0131lmas\u0131n\u0131 beklemekte ve bunun da AKP&#8217;nin iktidar namusu oldu\u011funa inanmaktad\u0131r&#8221;<\/p>\n","protected":false},"author":1,"featured_media":0,"comment_status":"open","ping_status":"closed","sticky":false,"template":"","format":"standard","meta":{"footnotes":""},"categories":[105],"tags":[],"class_list":["post-31289","post","type-post","status-publish","format-standard","hentry","category-gundem","odd"],"_links":{"self":[{"href":"http:\/\/www.korhanyilmaz.com\/index.php?rest_route=\/wp\/v2\/posts\/31289","targetHints":{"allow":["GET"]}}],"collection":[{"href":"http:\/\/www.korhanyilmaz.com\/index.php?rest_route=\/wp\/v2\/posts"}],"about":[{"href":"http:\/\/www.korhanyilmaz.com\/index.php?rest_route=\/wp\/v2\/types\/post"}],"author":[{"embeddable":true,"href":"http:\/\/www.korhanyilmaz.com\/index.php?rest_route=\/wp\/v2\/users\/1"}],"replies":[{"embeddable":true,"href":"http:\/\/www.korhanyilmaz.com\/index.php?rest_route=%2Fwp%2Fv2%2Fcomments&post=31289"}],"version-history":[{"count":0,"href":"http:\/\/www.korhanyilmaz.com\/index.php?rest_route=\/wp\/v2\/posts\/31289\/revisions"}],"wp:attachment":[{"href":"http:\/\/www.korhanyilmaz.com\/index.php?rest_route=%2Fwp%2Fv2%2Fmedia&parent=31289"}],"wp:term":[{"taxonomy":"category","embeddable":true,"href":"http:\/\/www.korhanyilmaz.com\/index.php?rest_route=%2Fwp%2Fv2%2Fcategories&post=31289"},{"taxonomy":"post_tag","embeddable":true,"href":"http:\/\/www.korhanyilmaz.com\/index.php?rest_route=%2Fwp%2Fv2%2Ftags&post=31289"}],"curies":[{"name":"wp","href":"https:\/\/api.w.org\/{rel}","templated":true}]}}