{"id":31285,"date":"2011-04-29T08:15:33","date_gmt":"2011-04-29T05:15:33","guid":{"rendered":"http:\/\/www.korhanyilmaz.com\/?p=31285"},"modified":"2011-04-29T08:15:33","modified_gmt":"2011-04-29T05:15:33","slug":"birileri-biliyor-muydu","status":"publish","type":"post","link":"http:\/\/www.korhanyilmaz.com\/?p=31285","title":{"rendered":"Birileri biliyor muydu?"},"content":{"rendered":"<p style=\"text-align: justify;\"><a href=\"http:\/\/www.korhanyilmaz.com\/wp-content\/uploads\/2011\/04\/066.jpg\"  class=\"lightview\"><img loading=\"lazy\" decoding=\"async\" class=\"aligncenter size-full wp-image-31286\" src=\"http:\/\/www.korhanyilmaz.com\/wp-content\/uploads\/2011\/04\/066.jpg\" alt=\"\" width=\"414\" height=\"220\" \/><\/a><\/p>\n<p style=\"text-align: justify;\">Ba\u015fbakan Recep Tayyip Erdo\u011fan&#8217;\u0131n &#8216;\u00e7\u0131lg\u0131n projesi&#8217;nin ge\u00e7ece\u011fi \u00c7atalca b\u00f6lgesinde arazilerin bir y\u0131l \u00f6nce y\u00fczde 70 el de\u011fi\u015ftirdi\u011fi ortaya \u00e7\u0131kt\u0131.<\/p>\n<p style=\"text-align: justify;\">Ba\u015fbakan Erdo\u011fan&#8217;\u0131n &#8216;\u00e7\u0131lg\u0131n proje&#8217;yi a\u00e7\u0131klamas\u0131ndan sonra \u0130stanbul \u00c7atalca b\u00f6lgesinde arazi fiyatlar\u0131 aniden y\u00fckselirken arazilerin 1 y\u0131l \u00f6nce el de\u011fi\u015ftirdi\u011fi bildirildi. Taraf gazatesinde yer alan habere g\u00f6re, Tekos G\u00f6l\u00fc-\u00c7atalca-Kumburgaz hatt\u0131ndaki 300 ila 500 d\u00f6n\u00fcml\u00fck arazilerin ge\u00e7en y\u0131l de\u011ferinin alt\u0131nda al\u0131c\u0131 buldu\u011fu yaz\u0131ld\u0131. Habere g\u00f6re, Selimpa\u015fa&#8217;da bulunan arzilere Erzurum&#8217;dan bile talip \u00e7\u0131kt\u0131. <!--more--><\/p>\n<p style=\"text-align: justify;\"><strong>&#8220;DERT&#8221; \u015e\u0130MD\u0130DEN BA\u015eLADI<\/strong><\/p>\n<p style=\"text-align: justify;\">Kanal\u0131n \u0130stanbul\u2019un en b\u00fcy\u00fck semtlerinden Arnavutk\u00f6y\u2019e ba\u011fl\u0131 bir\u00e7ok k\u00f6yden de ge\u00e7mesi bekleniyor. Proje do\u011frultusunda ad\u0131 yak\u0131n\u0131ndan h\u0131zl\u0131 tren ve \u00fc\u00e7\u00fcnc\u00fc k\u00f6pr\u00fc yolunun ge\u00e7ece\u011fi iddia edilen Yass\u0131\u00f6ren K\u00f6y\u00fc, Ba\u015fbakan\u2019\u0131n bahsetti\u011fi maden ocaklar\u0131n\u0131n bulundu\u011fu b\u00f6lgede yer alan Yenik\u00f6y ve Karaburun sakinleri \u015fimdiden ellerindeki arazileri ve m\u00fclkleri nas\u0131l de\u011ferlendireceklerini tart\u0131\u015f\u0131yor.<\/p>\n<p style=\"text-align: justify;\">Yass\u0131\u00f6renliler, arazi fiyatlar\u0131n\u0131n ve sat\u0131\u015flar\u0131n\u0131n f\u0131rlamas\u0131na \u00fc\u00e7\u00fcnc\u00fc k\u00f6pr\u00fc s\u00f6ylentileri mi yok sa \u2018kanal\u2019 projesinin \u00f6nceden birilerinin kula\u011f\u0131na gitmesinin mi etkili oldu\u011funu tart\u0131\u015f\u0131yor. Ba\u015fbakan Erdo\u011fan\u2019\u0131n Kanal \u0130stanbul\u2019dan \u00e7\u0131kar\u0131lacak hafriyat\u0131n bir k\u0131sm\u0131yla s\u00f6nm\u00fc\u015f maden ocaklar\u0131n\u0131n kapat\u0131laca\u011f\u0131n\u0131 s\u00f6ylemesi ve \u00fcnl\u00fc mimar Prof. Dr. Ahmet Vefik Alp\u2019in \u201cO b\u00f6lgeye b\u00fcy\u00fck bir sa\u011fl\u0131k yat\u0131r\u0131m\u0131 yap\u0131lacak. 3 milyar dolarl\u0131k arazi satld\u0131\u201d dedi\u011fi Karaburun ve Yenik\u00f6y sakinleri de olduk\u00e7a mutlu&#8230;<\/p>\n<p style=\"text-align: justify;\"><strong>YABACILAR ARSA TOPLUYOR<\/strong><\/p>\n<p style=\"text-align: justify;\">Yass\u0131\u00f6ren K\u00f6y\u00fc Muhtar\u0131 Celal Tuncer, emlak\u00e7\u0131lar\u0131n yabanc\u0131 yat\u0131r\u0131mc\u0131lar i\u00e7in arazi toplad\u0131\u011f\u0131 iddias\u0131nda: \u201cBa\u015fbakan daha bu projeyi a\u00e7\u0131klamadan 1.5 y\u0131l \u00f6ncesinden ba\u015flayarak k\u00f6y\u00fcm\u00fcze bug\u00fcne kadar binlerce emlak\u00e7\u0131 ve i\u015fadam\u0131 geldi. Son birka\u00e7 ayd\u0131r k\u00f6y\u00fcm\u00fcz ve \u00e7evre k\u00f6ylerde arazi sat\u0131n almak i\u00e7in gelen T\u00fcrk emlak\u00e7\u0131lar\u0131n Arap ve \u0130srailli ortaklar\u0131na bu alanlar\u0131 ald\u0131klar\u0131n\u0131 duyduk. Bir\u00e7ok emlak\u00e7\u0131 yabanc\u0131lar i\u00e7in arazi topluyor. Ancak sordu\u011fumuzda tar\u0131m arazisi bak\u0131yoruz diyorlar. Halen g\u00fcn boyunca \u0130stanbul\u2019dan emlak\u00e7\u0131lar aray\u0131p sat\u0131l\u0131k arazi soruyorlar. Telefonum b\u00fct\u00fcn g\u00fcn susmuyor. Projenin ge\u00e7ti\u011fi alanlarda b\u00fcy\u00fck bir rant d\u00f6n\u00fcyor. K\u00f6y\u00fcm\u00fcze gelenler hayvanc\u0131l\u0131k yapacaklar\u0131n\u0131 s\u00f6yleyip sat\u0131l\u0131k ve kiral\u0131k arazi soruyorlar ancak ger\u00e7ek sebebin \u2018Kanal \u0130stanbul\u2019 projesi \u00e7er\u00e7evesinde buradan arazi al\u0131p rant sa\u011flamak oldu\u011fun bildi\u011fimiz i\u00e7in burada hi\u00e7bir k\u00f6yl\u00fc arazilerini \u015fu anda satm\u0131yor. \u2018\u00c7\u0131lg\u0131n Proje\u2019 yerle\u015fik halka ve k\u00f6yl\u00fcye de\u011fil, buralardan arazi alan zenginlere yarayacak.\u201d<\/p>\n<p style=\"text-align: justify;\"><strong>TAPU: SATI\u015eLAR \u0130K\u0130 KART ARTTI<\/strong><\/p>\n<p style=\"text-align: justify;\">Arnavutk\u00f6y Tapu Sicil M\u00fcd\u00fcrl\u00fc\u011f\u00fc\u2019nde g\u00f6revli Veri Haz\u0131rlama Kontrol \u0130\u015flemleri \u00e7al\u0131\u015fan\u0131 Efkan Y\u0131ld\u0131r\u0131m ise Mart ay\u0131nda proje g\u00fczergah\u0131na yak\u0131n oldu\u011fu tahmin edilen Arnavutk\u00f6y\u2019\u00fcn kuzeyindeki kasaba ve k\u00f6ylerde g\u00fcnl\u00fck 30-40 adet arazi sat\u0131\u015f\u0131 ger\u00e7ekle\u015firken bir ay i\u00e7inde bu say\u0131n\u0131n g\u00fcnl\u00fck 70-80\u2019i bularak iki kat artt\u0131\u011f\u0131n\u0131 s\u00f6yl\u00fcyor. Y\u0131ld\u0131r\u0131m en \u00e7ok arazi sat\u0131\u015f\u0131n\u0131n ger\u00e7ekle\u015fti\u011fi k\u00f6ylerin ise s\u0131ras\u0131yla Nakka\u015f, Yass\u0131\u00f6ren ve Dursunk\u00f6y oldu\u011funu s\u00f6yl\u00fcyor. Bu k\u00f6ylerde bir ka\u00e7 ay \u00f6nce metrekaresi 15 liraya giden arazilerin fiyatlar\u0131 son g\u00fcnlerde 30 liradan ba\u015fl\u0131yor ve 80 liraya kadar \u00e7\u0131k\u0131yor. Bu bilginin ard\u0131ndan ilk iki s\u0131radaki k\u00f6ylere gitti\u011fimizde ge\u00e7ti\u011fimiz ay arazilerini satan iki vatanda\u015f bulduk. \u0130\u015fte pi\u015fmanl\u0131klar\u0131n\u0131 dile getiren vatanda\u015flar\u0131n g\u00f6r\u00fc\u015fleri:<\/p>\n<p style=\"text-align: justify;\"><strong>&#8216;B\u0130LEYD\u0130M ARSAMI SATARMIYDIM H\u0130\u00c7&#8217;<\/strong><\/p>\n<p style=\"text-align: justify;\">Yass\u0131\u00f6ren sakinlerinden \u0130smail Y\u0131lmaz, ge\u00e7en ay 1.5 d\u00f6n\u00fcm arazisini satm\u0131\u015f. \u015eimdi dizlerini d\u00f6v\u00fcyor: \u201cBen hayvanc\u0131l\u0131k ve \u00e7ift\u00e7ilikle u\u011fra\u015f\u0131yordum. \u0130\u015flerim k\u00f6t\u00fc gidince ge\u00e7en ay 1,5 d\u00f6n\u00fcml\u00fck arazimi metrekaresi 20 liradan satt\u0131m. Sat\u0131lan arazinin metrekaresi \u015fu anda 60 lira. 10 d\u00f6n\u00fcm daha yerim var ancak dersimi ald\u0131m. K\u00f6y\u00fcm\u00fczden \u00fc\u00e7\u00fcnc\u00fc k\u00f6pr\u00fc ve h\u0131zl\u0131 tren yollar\u0131 ge\u00e7ece\u011fi s\u00f6yleniyor. O yollar\u0131 g\u00f6z\u00fcmle g\u00f6r\u00fcnce sataca\u011f\u0131m.\u201d<\/p>\n<p style=\"text-align: justify;\"><a href=\"http:\/\/www.gazeteport.com.tr\/EKONOMI\/NEWS\/GP_896014\" target=\"_blank\">Kaynak : GAZETEPORT<\/a><\/p>\n","protected":false},"excerpt":{"rendered":"<p style=\"text-align: justify;\">\n<p style=\"text-align: justify;\">Ba\u015fbakan Recep Tayyip Erdo\u011fan&#8217;\u0131n &#8216;\u00e7\u0131lg\u0131n projesi&#8217;nin ge\u00e7ece\u011fi \u00c7atalca b\u00f6lgesinde arazilerin bir y\u0131l \u00f6nce y\u00fczde 70 el de\u011fi\u015ftirdi\u011fi ortaya \u00e7\u0131kt\u0131.<\/p>\n<p style=\"text-align: justify;\">Ba\u015fbakan Erdo\u011fan&#8217;\u0131n &#8216;\u00e7\u0131lg\u0131n proje&#8217;yi a\u00e7\u0131klamas\u0131ndan sonra \u0130stanbul \u00c7atalca b\u00f6lgesinde arazi fiyatlar\u0131 aniden y\u00fckselirken arazilerin 1 y\u0131l \u00f6nce el de\u011fi\u015ftirdi\u011fi bildirildi. Taraf gazatesinde yer alan habere g\u00f6re, Tekos G\u00f6l\u00fc-\u00c7atalca-Kumburgaz hatt\u0131ndaki <\/p>\n","protected":false},"author":1,"featured_media":0,"comment_status":"open","ping_status":"closed","sticky":false,"template":"","format":"standard","meta":{"footnotes":""},"categories":[105],"tags":[],"class_list":["post-31285","post","type-post","status-publish","format-standard","hentry","category-gundem","odd"],"_links":{"self":[{"href":"http:\/\/www.korhanyilmaz.com\/index.php?rest_route=\/wp\/v2\/posts\/31285","targetHints":{"allow":["GET"]}}],"collection":[{"href":"http:\/\/www.korhanyilmaz.com\/index.php?rest_route=\/wp\/v2\/posts"}],"about":[{"href":"http:\/\/www.korhanyilmaz.com\/index.php?rest_route=\/wp\/v2\/types\/post"}],"author":[{"embeddable":true,"href":"http:\/\/www.korhanyilmaz.com\/index.php?rest_route=\/wp\/v2\/users\/1"}],"replies":[{"embeddable":true,"href":"http:\/\/www.korhanyilmaz.com\/index.php?rest_route=%2Fwp%2Fv2%2Fcomments&post=31285"}],"version-history":[{"count":0,"href":"http:\/\/www.korhanyilmaz.com\/index.php?rest_route=\/wp\/v2\/posts\/31285\/revisions"}],"wp:attachment":[{"href":"http:\/\/www.korhanyilmaz.com\/index.php?rest_route=%2Fwp%2Fv2%2Fmedia&parent=31285"}],"wp:term":[{"taxonomy":"category","embeddable":true,"href":"http:\/\/www.korhanyilmaz.com\/index.php?rest_route=%2Fwp%2Fv2%2Fcategories&post=31285"},{"taxonomy":"post_tag","embeddable":true,"href":"http:\/\/www.korhanyilmaz.com\/index.php?rest_route=%2Fwp%2Fv2%2Ftags&post=31285"}],"curies":[{"name":"wp","href":"https:\/\/api.w.org\/{rel}","templated":true}]}}