{"id":31276,"date":"2011-04-28T17:25:12","date_gmt":"2011-04-28T14:25:12","guid":{"rendered":"http:\/\/www.korhanyilmaz.com\/?p=31276"},"modified":"2011-04-28T17:25:12","modified_gmt":"2011-04-28T14:25:12","slug":"1-mayista-olenler-taksimde-anildi","status":"publish","type":"post","link":"http:\/\/www.korhanyilmaz.com\/?p=31276","title":{"rendered":"1 May\u0131s&#8217;ta \u00f6lenler Taksim&#8217;de an\u0131ld\u0131"},"content":{"rendered":"<p style=\"text-align: justify;\"><a href=\"http:\/\/www.korhanyilmaz.com\/wp-content\/uploads\/2011\/04\/064.jpg\"  class=\"lightview\"><img loading=\"lazy\" decoding=\"async\" class=\"aligncenter size-full wp-image-31277\" src=\"http:\/\/www.korhanyilmaz.com\/wp-content\/uploads\/2011\/04\/064.jpg\" alt=\"\" width=\"401\" height=\"221\" \/><\/a><\/p>\n<p style=\"text-align: justify;\">\u0130\u015f\u00e7i konfederasyonlar\u0131n\u0131n, 1 May\u0131s Tertip Komitesindeki temsilcileri ile ba\u011fl\u0131 sendikalar\u0131n \u00fcyeleri, 1 May\u0131s 1977 olaylar\u0131nda \u00f6len 37 ki\u015fi ile 1 May\u0131s 1989&#8217;da hayat\u0131n\u0131 kaybeden Mehmet Akif Dalc\u0131 i\u00e7in anma y\u00fcr\u00fcy\u00fc\u015f\u00fc ger\u00e7ekle\u015ftirdi. <!--more--><\/p>\n<p style=\"text-align: justify;\">G\u00fcm\u00fc\u015fsuyu&#8217;ndaki T\u00fcrk-\u0130\u015f 1. B\u00f6lge Temsilcili\u011fi \u00f6n\u00fcnde toplanan grup, ellerinde k\u0131rm\u0131z\u0131 karanfillerle, \u201c1 May\u0131s \u015fehitleri \u00f6l\u00fcms\u00fczd\u00fcr\u201d, \u201cKahrolsun M\u0130T, CIA, Kontrgerilla\u201d, \u201cKatiller bulunsun hesap sorulsun\u201d, \u201c1 May\u0131s&#8217;ta 1 May\u0131s alan\u0131nday\u0131z\u201d sloganlar\u0131 atarak y\u00fcr\u00fcy\u00fc\u015fe ge\u00e7ti.<\/p>\n<p style=\"text-align: justify;\">T\u00fcrk-\u0130\u015f 1. B\u00f6lge Temsilcisi Faruk B\u00fcy\u00fckkucak, D\u0130SK Genel Sekreteri Tayfun G\u00f6rg\u00fcn, TTB, TMMOB ve konfederasyonlara ba\u011fl\u0131 sendikalar\u0131n temsilcilerinin kat\u0131ld\u0131\u011f\u0131 y\u00fcr\u00fcy\u00fc\u015f, Kazanc\u0131 Yoku\u015fu ba\u015f\u0131nda sona erdi.<\/p>\n<p style=\"text-align: justify;\">Burada grup ad\u0131na bir bas\u0131n a\u00e7\u0131klamas\u0131 yapan Tayfun G\u00f6rg\u00fcn, 34 y\u0131l sonra bir kez daha Kazanc\u0131 Yoku\u015fu&#8217;nda bulunduklar\u0131n\u0131 belirterek, \u201c1 May\u0131s 1977 katliam\u0131nda kaybetti\u011fimiz arkada\u015flar\u0131m\u0131z\u0131 hi\u00e7 unutmad\u0131k. Onlar\u0131n ni\u00e7in \u00f6ld\u00fc\u011f\u00fc ve ne i\u00e7in ya\u015fad\u0131\u011f\u0131n\u0131 hi\u00e7 unutmad\u0131k. Onlar\u0131n \u00f6ld\u00fc\u011f\u00fc de\u011ferler bizim bayraklar\u0131m\u0131zda, pankartlar\u0131m\u0131zda ve sloganlar\u0131m\u0131zda ya\u015fad\u0131lar bug\u00fcne kadar\u201d diye konu\u015ftu.<\/p>\n<p style=\"text-align: justify;\">G\u00f6rg\u00fcn, 1977&#8217;deki 1 May\u0131s mitingine kat\u0131lanlar\u0131n, \u00f6zg\u00fcrl\u00fck istedikleri i\u00e7in \u00f6ld\u00fcklerini s\u00f6yleyerek, olaylar\u0131n, 1975 y\u0131l\u0131ndan itibaren, emek\u00e7ilerin her y\u0131l daha da co\u015fkuyla ve kalabal\u0131kla\u015farak Taksim Meydan\u0131&#8217;na \u00e7\u0131kmas\u0131 nedeniyle ya\u015fand\u0131\u011f\u0131n\u0131 savunarak, \u015funlar\u0131 s\u00f6yledi:<\/p>\n<p style=\"text-align: justify;\">\u201c1 May\u0131s uluslararas\u0131 genel grev g\u00fcn\u00fcd\u00fcr. Her t\u00fcrl\u00fc e\u015fitsizli\u011fin, ayr\u0131mc\u0131l\u0131\u011f\u0131n, zorbal\u0131\u011f\u0131n protesto edildi\u011fi bir ba\u015fkald\u0131r\u0131 g\u00fcn\u00fcd\u00fcr. \u0130syan g\u00fcn\u00fcd\u00fcr. 1 May\u0131s 1977 katliam\u0131 hala ayd\u0131nlat\u0131lmad\u0131. Bu katliam, \u00fclkeyi 12 Eyl\u00fcl darbesine g\u00f6t\u00fcren yolun kilometre ta\u015f\u0131d\u0131r. 1 May\u0131s 1977 katliam\u0131n\u0131 ayd\u0131nlatamayanlar 12 Eyl\u00fcl karanl\u0131\u011f\u0131 ile hesapla\u015famazlar. 1 May\u0131s&#8217;ta i\u015f\u00e7iler, i\u015fsizler, \u00f6\u011frenciler, kad\u0131nlar, emek\u00e7iler, e\u015fitlik, \u00f6zg\u00fcrl\u00fck, bar\u0131\u015f talepleriyle burada olaca\u011f\u0131z. Herkesi, Taksim&#8217;de 1 May\u0131s alan\u0131na davet ediyoruz.\u201d<\/p>\n<p style=\"text-align: justify;\">Daha sonra \u00f6lenler i\u00e7in sayg\u0131 duru\u015funda bulunuldu. Sayg\u0131 duru\u015fu s\u0131ras\u0131nda \u00f6len 37 ki\u015finin isimleri de tek tek okunurken, her isim okundu\u011funda, grup \u201cYa\u015f\u0131yor\u201d diye cevap verdi.<\/p>\n<p style=\"text-align: justify;\">Grup, ellerindeki karanfilleri Kazanc\u0131 Yoku\u015fu&#8217;nun ba\u015flad\u0131\u011f\u0131 noktaya b\u0131rakt\u0131. Daha sonra \u0130stiklal Caddesi \u00fczerinden \u015ei\u015fhane&#8217;ye do\u011fru y\u00fcr\u00fcy\u00fc\u015fe ge\u00e7en grup, \u201cAkif Dalc\u0131 aram\u0131zda, ya\u015f\u0131yor\u201d, \u201c\u00c7\u0131lg\u0131n proje de\u011fil, emek, adalet istiyoruz\u201d, \u201cKatillerden hesab\u0131 emek\u00e7iler soracak\u201d sloganlar\u0131 att\u0131.<\/p>\n<p style=\"text-align: justify;\">\u015eu\u015fhane&#8217;de 1989 y\u0131l\u0131nda \u00e7\u0131kan olaylarda \u00f6len Mehmet Akif Dalc\u0131 ad\u0131na sayg\u0131 duru\u015funda bulunulmas\u0131n\u0131n ard\u0131ndan, D\u0130SK Genel Ba\u015fkan Yard\u0131mc\u0131s\u0131 \u0130smail Yurtseven bir konu\u015fma yapt\u0131.<\/p>\n<p style=\"text-align: justify;\">Yurtseven, Dalc\u0131&#8217;n\u0131n 1 May\u0131s&#8217;ta Taksim Meydan\u0131&#8217;na \u00e7\u0131kmak isterken bulunduklar\u0131 noktada bir trafik polisi taraf\u0131ndan vurularak \u00f6ld\u00fcr\u00fcld\u00fc\u011f\u00fcn\u00fc, o g\u00fcnden sonra emek\u00e7ilerin 1 May\u0131s&#8217;\u0131 Taksim Meydan\u0131&#8217;nda kutlamak i\u00e7in verdikleri m\u00fccadelenin 2010 y\u0131l\u0131nda meydan\u0131n, 1 May\u0131s mitingine resmi olarak a\u00e7\u0131lmas\u0131na kadar s\u00fcrd\u00fc\u011f\u00fcn\u00fc s\u00f6yledi.<\/p>\n<p style=\"text-align: justify;\">Grup, buraya da karanfiller b\u0131rakt\u0131ktan sonra da\u011f\u0131ld\u0131.<\/p>\n<p style=\"text-align: justify;\">1 May\u0131s mitinglerinde ya\u015famlar\u0131n\u0131 yitirenler, Kad\u0131k\u00f6y Meydan\u0131&#8217;nda yap\u0131lan toplant\u0131yla da an\u0131ld\u0131.<\/p>\n<p><a href=\"http:\/\/www.hurriyet.com.tr\/ekonomi\/17662059.asp?gid=381\" target=\"_blank\">Kaynak : H\u00fcrriyet Gazetesi<\/a><\/p>\n","protected":false},"excerpt":{"rendered":"<p style=\"text-align: justify;\">\n<p style=\"text-align: justify;\">\u0130\u015f\u00e7i konfederasyonlar\u0131n\u0131n, 1 May\u0131s Tertip Komitesindeki temsilcileri ile ba\u011fl\u0131 sendikalar\u0131n \u00fcyeleri, 1 May\u0131s 1977 olaylar\u0131nda \u00f6len 37 ki\u015fi ile 1 May\u0131s 1989&#8217;da hayat\u0131n\u0131 kaybeden Mehmet Akif Dalc\u0131 i\u00e7in anma y\u00fcr\u00fcy\u00fc\u015f\u00fc ger\u00e7ekle\u015ftirdi. <\/p>\n","protected":false},"author":1,"featured_media":0,"comment_status":"open","ping_status":"closed","sticky":false,"template":"","format":"standard","meta":{"footnotes":""},"categories":[105],"tags":[],"class_list":["post-31276","post","type-post","status-publish","format-standard","hentry","category-gundem","odd"],"_links":{"self":[{"href":"http:\/\/www.korhanyilmaz.com\/index.php?rest_route=\/wp\/v2\/posts\/31276","targetHints":{"allow":["GET"]}}],"collection":[{"href":"http:\/\/www.korhanyilmaz.com\/index.php?rest_route=\/wp\/v2\/posts"}],"about":[{"href":"http:\/\/www.korhanyilmaz.com\/index.php?rest_route=\/wp\/v2\/types\/post"}],"author":[{"embeddable":true,"href":"http:\/\/www.korhanyilmaz.com\/index.php?rest_route=\/wp\/v2\/users\/1"}],"replies":[{"embeddable":true,"href":"http:\/\/www.korhanyilmaz.com\/index.php?rest_route=%2Fwp%2Fv2%2Fcomments&post=31276"}],"version-history":[{"count":0,"href":"http:\/\/www.korhanyilmaz.com\/index.php?rest_route=\/wp\/v2\/posts\/31276\/revisions"}],"wp:attachment":[{"href":"http:\/\/www.korhanyilmaz.com\/index.php?rest_route=%2Fwp%2Fv2%2Fmedia&parent=31276"}],"wp:term":[{"taxonomy":"category","embeddable":true,"href":"http:\/\/www.korhanyilmaz.com\/index.php?rest_route=%2Fwp%2Fv2%2Fcategories&post=31276"},{"taxonomy":"post_tag","embeddable":true,"href":"http:\/\/www.korhanyilmaz.com\/index.php?rest_route=%2Fwp%2Fv2%2Ftags&post=31276"}],"curies":[{"name":"wp","href":"https:\/\/api.w.org\/{rel}","templated":true}]}}