{"id":31268,"date":"2011-04-28T11:56:26","date_gmt":"2011-04-28T08:56:26","guid":{"rendered":"http:\/\/www.korhanyilmaz.com\/?p=31268"},"modified":"2011-04-28T11:56:26","modified_gmt":"2011-04-28T08:56:26","slug":"atlantik-otesinden-kumpas-kurmuslar","status":"publish","type":"post","link":"http:\/\/www.korhanyilmaz.com\/?p=31268","title":{"rendered":"&#8220;Atlantik \u00f6tesinden kumpas kurmu\u015flar&#8221;"},"content":{"rendered":"<p style=\"text-align: justify;\"><a href=\"http:\/\/www.korhanyilmaz.com\/wp-content\/uploads\/2011\/04\/063.jpg\"  class=\"lightview\"><img loading=\"lazy\" decoding=\"async\" class=\"aligncenter size-full wp-image-31269\" src=\"http:\/\/www.korhanyilmaz.com\/wp-content\/uploads\/2011\/04\/063.jpg\" alt=\"\" width=\"413\" height=\"221\" \/><\/a><\/p>\n<p style=\"text-align: justify;\">Balyoz Plan\u0131 iddias\u0131yla ilgili a\u00e7\u0131lan davan\u0131n bug\u00fcnk\u00fc duru\u015fmas\u0131, &#8220;Eski\u015fehir&#8217;de yeni belgeler bulundu&#8221; iddias\u0131 tart\u0131\u015fmalar\u0131yla ba\u015flad\u0131.<\/p>\n<p style=\"text-align: justify;\">Duru\u015fmada s\u00f6z alan \u00c7etin Do\u011fan, &#8220;Benim hakk\u0131mda baz\u0131 \u00e7evreler Atlantik \u00f6tesinden kumpaslar kurmu\u015flar. Ama bunu ba\u015faramayacaklar. \u0130yi ki ses kayd\u0131n\u0131 alm\u0131\u015ft\u0131m yoksa bug\u00fcn ses kayd\u0131 olmasayd\u0131 bu iftira \u00e7ok daha ileri gidebilirdi&#8221; dedi. <!--more--><\/p>\n<p style=\"text-align: justify;\">Emekli Korgeneral Engin Alan ise, &#8221;Zaman bu zaman. Bu iki general (Hilmi \u00d6zk\u00f6k ve Ayta\u00e7 Yalman) bu mahkemeye gelip, bize a\u00e7\u0131k ve net bir \u015fey s\u00f6ylemelidirler. Balyoz diye bir \u015fey var m\u0131 yok mu?&#8221; diye \u00e7a\u011fr\u0131da bulundu.<\/p>\n<p style=\"text-align: justify;\">\u0130STANBUL- \u0130stanbul 10. A\u011f\u0131r Ceza Mahkemesince Silivri Ceza \u0130nfaz Kurumlar\u0131 Yerle\u015fkesi&#8217;nde olu\u015fturulan salonda yap\u0131lan duru\u015fmaya, Halil \u0130brahim F\u0131rt\u0131na, \u00d6zden \u00d6rnek ve \u00c7etin Do\u011fan&#8217;\u0131n da aralar\u0131nda bulundu\u011fu tutuklu 153 san\u0131k ile tutuksuz yarg\u0131lanan 22 ki\u015fi kat\u0131ld\u0131. Mahkeme heyetine ba\u015fkanl\u0131k eden Ali Al\u00e7\u0131k, san\u0131klar\u0131n tek tek isimlerini okuyarak ger\u00e7ekle\u015ftirdi\u011fi yoklaman\u0131n ard\u0131ndan, \u00f6nceki duru\u015fmada san\u0131k Halil \u0130brahim F\u0131rt\u0131na ve avukatlar\u0131n\u0131n savunmas\u0131n\u0131n tamamland\u0131\u011f\u0131n\u0131, bug\u00fcn \u00e7apraz sorguya ge\u00e7ilece\u011fini bildirdi.<\/p>\n<p style=\"text-align: justify;\">\u00c7apraz sorguya ge\u00e7meden \u00f6nce san\u0131k ve yak\u0131nlar\u0131n\u0131n duru\u015fma salonundaki hal ve hareketlerine ili\u015fkin bir uyar\u0131da bulunmak istedi\u011fini belirten Mahkeme Ba\u015fkan\u0131 Al\u00e7\u0131k burada T\u00fcrk milleti ad\u0131na yarg\u0131lama yapt\u0131klar\u0131n\u0131, duru\u015fmalarda baz\u0131 san\u0131klar\u0131n oturduklar\u0131 yerden savunma yapt\u0131klar\u0131, baz\u0131lar\u0131n\u0131n kendi aralar\u0131nda yorum yapt\u0131klar\u0131, seyircilerinde alk\u0131\u015flad\u0131klar\u0131n\u0131 s\u00f6yledi.<\/p>\n<p style=\"text-align: justify;\">Bunun mahkemeye sayg\u0131s\u0131zl\u0131k oldu\u011funu ifade eden Al\u00e7\u0131k, mahkemenin, buna kar\u015f\u0131 san\u0131klar\u0131 duru\u015fma salonuna almama ve seyircileri de salondan \u00e7\u0131karma yetkisinin oldu\u011funu hat\u0131rlatmak istedi\u011fini kaydetti.<\/p>\n<p style=\"text-align: justify;\"><strong>ESK\u0130\u015eEH\u0130R&#8217;DE BULUNAN BELGELER<\/strong><\/p>\n<p style=\"text-align: justify;\">Daha sonra \u00e7apraz sorgusuna ge\u00e7ilen emekli Orgeneral Halil \u0130brahim F\u0131rt\u0131na&#8217;ya soru y\u00f6neltmek i\u00e7in s\u00f6z isteyen tutuklu san\u0131k Albay Cengiz K\u00f6yl\u00fc, polis raporunda, Eski\u015fehir&#8217;deki bir evdeki aramada bulunan flash disklerdeki belgelerin 2003 y\u0131l\u0131na ait oldu\u011funun anlat\u0131ld\u0131\u011f\u0131n\u0131 s\u00f6yledi.<\/p>\n<p style=\"text-align: justify;\">Ancak bulunan belgeler aras\u0131ndaki 926 say\u0131l\u0131 TSK Askeri Personel Personel Kanunu&#8217;nun 49. maddesinde 2005&#8217;te yasalla\u015fan bir d\u00fczenlemenin bulundu\u011funu vurgulayan K\u00f6yl\u00fc, dolay\u0131s\u0131yla ele ge\u00e7ti\u011fi iddia edilen yeni belgelerin sahte oldu\u011funu \u00f6ne s\u00fcrd\u00fc. K\u00f6yl\u00fc&#8217;n\u00fcn bu a\u00e7\u0131klamalar\u0131 s\u0131ras\u0131nda san\u0131klar\u0131n kendi aralar\u0131nda konu\u015fmalar\u0131 \u00fczerine Mahkeme Ba\u015fkan\u0131 Al\u00e7\u0131k, san\u0131klara mahkemeye kar\u015f\u0131 sayg\u0131s\u0131zl\u0131k yapt\u0131klar\u0131n\u0131 s\u00f6yleyerek uyar\u0131da bulundu.<\/p>\n<p style=\"text-align: justify;\">Bunun \u00fczerine s\u00f6z alan tutuklu san\u0131k Cem G\u00fcrdeniz, bu yap\u0131lanlar\u0131n san\u0131klara y\u00f6nelik bir sayg\u0131s\u0131zl\u0131k oldu\u011funu belirterek, &#8221;Her 6 ayda bir yeni belgelerle, dijital verilerle burada tutulmam\u0131z sayg\u0131s\u0131zl\u0131kt\u0131r. Sayg\u0131 kar\u015f\u0131l\u0131kl\u0131d\u0131r. Her bulunan belgeyi bize delil olarak sunmay\u0131n&#8221; dedi.<\/p>\n<p style=\"text-align: justify;\">San\u0131k Halil \u0130brahim F\u0131rt\u0131na da s\u00f6z alarak, savunmalar\u0131 s\u0131ras\u0131nda her bast\u0131\u011f\u0131 yerden yeni belge \u00e7\u0131kmas\u0131 durumunda buna \u015fa\u015f\u0131rmamas\u0131 gerekti\u011fini anlatt\u0131\u011f\u0131n\u0131 kaydederek, &#8221;G\u00f6lc\u00fck&#8217;teki bu belgeleri de bu kapsamda de\u011ferlendiriyorum. Bunu bekliyordum. Daha savunmam bitmeden orada eksiklik oldu\u011funu d\u00fc\u015f\u00fcnd\u00fcler ki tamamlama zorunlulu\u011fu hissettiler&#8221; \u015feklinde konu\u015ftu.<\/p>\n<p style=\"text-align: justify;\">Tutuklu san\u0131k K\u00f6yl\u00fc tekrar s\u00f6z alarak, &#8221;Cuma g\u00fcn\u00fc \u00e7\u0131lg\u0131n delillerim var. Talepler b\u00f6l\u00fcm\u00fcnde arz edece\u011fim&#8221; dedi. Emekli Oramiral \u00d6zden \u00d6rnek de yeni \u00e7\u0131kan belgelerde kendisiyle ilgili a\u011f\u0131r su\u00e7lamalar\u0131n bulundu\u011funu, bunu yazan\u0131n \u0130stanbul Ter\u00f6rle M\u00fccadele \u015eube M\u00fcd\u00fcrl\u00fc\u011f\u00fcndeki bir polis oldu\u011funu, en az\u0131ndan bir savc\u0131n\u0131n bu hukuki s\u00fcrece katk\u0131da bulunmas\u0131 gerekti\u011fini ifade etti.<\/p>\n<p style=\"text-align: justify;\"><strong>KELLEM\u0130Z\u0130 ALMAK \u0130ST\u0130YORLAR<\/strong><\/p>\n<p style=\"text-align: justify;\">F\u0131rt\u0131na, kimseden emir almad\u0131\u011f\u0131n\u0131, kendi emrindeki komutanlardan hi\u00e7birine g\u00f6rev vermedi\u011fini, akademi \u00f6\u011frencisine de\u011fil de komutana emir verilmesi gerekti\u011fini s\u00f6yledi. F\u0131rt\u0131na, hastanede tedavisi devam eden ve hakk\u0131nda yakalama karar\u0131 \u00e7\u0131kar\u0131lan san\u0131klardan Ergin Saygun&#8217;a ge\u00e7mi\u015f olsun dile\u011finde de bulundu.<\/p>\n<p style=\"text-align: justify;\">\u00dcye hakim Ali Efendi Peksak da, dosyadaki 18 numaral\u0131 klas\u00f6rde &#8221;Ergenekon&#8221; san\u0131klar\u0131ndan Fikret Emek&#8217;ten ele ge\u00e7irilen 5 numaral\u0131 disk ile Muzaffer Tekin&#8217;den elde edilen 16 numaral\u0131 CD&#8217;de, F\u0131rt\u0131na&#8217;n\u0131n da kat\u0131ld\u0131\u011f\u0131 belirtilen bir toplant\u0131dan s\u00f6z edildi\u011fini, F\u0131rt\u0131na&#8217;n\u0131n burada &#8221;Kas\u0131rga&#8221; kod ad\u0131n\u0131 kulland\u0131\u011f\u0131n\u0131n yer ald\u0131\u011f\u0131n\u0131 s\u00f6yledi.<\/p>\n<p style=\"text-align: justify;\">Peksak, toplant\u0131da F\u0131rt\u0131na&#8217;n\u0131n &#8221;H\u00fck\u00fcmet yol almaktad\u0131r. De\u011fi\u015ftirme \u015fartlar\u0131n\u0131 bulmam\u0131z laz\u0131m. Halk\u0131n \u00fcmidi bu h\u00fck\u00fcmette olmamal\u0131. Yerel se\u00e7imleri hafife almamal\u0131y\u0131z&#8221; \u015feklinde beyanda bulundu\u011funun iddia edildi\u011fini de kaydetti. San\u0131k F\u0131rt\u0131na ise, &#8221;Bu isimleri hi\u00e7 tan\u0131m\u0131yorum. Y\u00fcz y\u00fcze gelmedik. \u0130smen ve cismen tan\u0131m\u0131yorum. Niye bana b\u00f6yle bir \u015feyi s\u00f6yl\u00fcyorlar, onu da bilmiyorum. E\u011fer bunlar darbe g\u00fcnl\u00fckleriyle ilgiliyse de, o konuda savc\u0131ya uzunca bir ifade vermi\u015ftim&#8221; dedi.<\/p>\n<p style=\"text-align: justify;\"><strong>ESK\u0130\u015eEH\u0130R&#8217;DEK\u0130 BELGELER<\/strong><\/p>\n<p style=\"text-align: justify;\">Hakim Murat \u00dcr\u00fcnd\u00fc de, Eski\u015fehir&#8217;deki aramada Oraj ve Suga planlar\u0131yla ilgili belgelerin \u00e7\u0131kt\u0131\u011f\u0131n\u0131 belirterek, F\u0131rt\u0131na ve eski Deniz Kuvvetleri Komutan\u0131 emekli Oramiral \u00d6zden \u00d6rnek&#8217;e bu belgeleri inceleyip inceleyemediklerini sordu.<\/p>\n<p style=\"text-align: justify;\">F\u0131rt\u0131na&#8217;n\u0131n belgelere sadece bakt\u0131\u011f\u0131n\u0131 dile getirmesi \u00fczerine, 15 adet belge oldu\u011funu belirten \u00dcr\u00fcnd\u00fc, &#8221;\u00d6nceki a\u00e7\u0131klamalar\u0131n\u0131z ge\u00e7erli mi?&#8221; diye sordu. A\u00e7\u0131klamalar\u0131n\u0131n ge\u00e7erli oldu\u011funu ifade eden F\u0131rt\u0131na, &#8221;\u00d6n\u00fcme \u00e7\u0131kanlar\u0131n ne olaca\u011f\u0131n\u0131 g\u00f6r\u00fcyorum&#8221; dedi. Bu arada san\u0131klar\u0131n oturduklar\u0131 yerden konu\u015fmaya devam etmesi \u00fczerine F\u0131rt\u0131na, &#8221;\u0130zin verirseniz tamamlamak istiyorum&#8221; diyerek san\u0131klar\u0131 uyard\u0131.<\/p>\n<p style=\"text-align: justify;\">F\u0131rt\u0131na, Hakan B\u00fcy\u00fck&#8217;\u00fc tan\u0131mad\u0131\u011f\u0131n\u0131 anlatarak, kendisinin 2003 A\u011fustos ay\u0131nda emekli oldu\u011funu, B\u00fcy\u00fck&#8217;\u00fcn de ayn\u0131 d\u00f6nemde geldi\u011fini belirterek B\u00fcy\u00fck ile kar\u015f\u0131la\u015fmad\u0131\u011f\u0131n\u0131, g\u00f6r\u00fcnce de tan\u0131y\u0131p tan\u0131yamayaca\u011f\u0131n\u0131 bilemedi\u011fini s\u00f6yledi.<\/p>\n<p style=\"text-align: justify;\">\u00dcr\u00fcnd\u00fc&#8217;n\u00fcn, dava konusu belgelerin B\u00fcy\u00fck&#8217;\u00fcn evinde de ele ge\u00e7irildi\u011fini ifade etmesi \u00fczerine F\u0131rt\u0131na, &#8221;Ben \u015fa\u015f\u0131rm\u0131yorum art\u0131k. Bunlar bana y\u00f6neltilmi\u015f acayip bir \u015fey. Bizi hedef alm\u0131\u015flar, kellemizi almak istiyorlar. Biz bu millete hizmet ettik. Ger\u00e7ek bu. \u0130ster inan\u0131n ister inanmay\u0131n. \u00c7\u0131ld\u0131raca\u011f\u0131m art\u0131k&#8221; \u015feklinde konu\u015ftu.<\/p>\n<p style=\"text-align: justify;\">\u00d6zden \u00d6rnek ise yakla\u015f\u0131k 9 saat savunma yapt\u0131\u011f\u0131n\u0131, 11 numaral\u0131 CD&#8217;nin sahte oldu\u011funa ili\u015fkin 83 tespit sundu\u011funu dile getirerek, &#8221;Her \u00e7\u0131kan yeni belge CD 11&#8217;e g\u00f6nderme yaparsa bu sahtedir. Nereden \u00e7\u0131karsa \u00e7\u0131ks\u0131n. \u00d6nemli de\u011fil. \u0130\u00e7eri\u011fi 11 numaral\u0131 CD&#8217;ye g\u00f6nderme yap\u0131yor&#8221; dedi.<\/p>\n<p style=\"text-align: justify;\">Eski\u015fehir&#8217;de ele ge\u00e7irilen belgeleri d\u00fcn ak\u015fam inceledi\u011fini belirten \u00d6rnek, hakim \u00dcr\u00fcnd\u00fc&#8217;n\u00fcn &#8221;11 numaral\u0131 CD&#8217;nin d\u0131\u015f\u0131nda da belge var&#8221; s\u00f6zleri \u00fczerine, &#8221;Bunlar\u0131n hi\u00e7biri ger\u00e7ek de\u011fil. B\u00fcy\u00fck&#8217;\u00fcn ismini ilk defa okudum&#8221; diye konu\u015ftu.<\/p>\n<p style=\"text-align: justify;\"><strong>AVUKATLARIN TALEPLER\u0130<\/strong><\/p>\n<p style=\"text-align: justify;\">San\u0131klardan Mehmet Yoleri&#8217;nin avukat\u0131 Ey\u00fcp Sabri G\u00fcrsoy da, dosyaya gelen Eski\u015fehir&#8217;deki aramalara ili\u015fkin belgelere de\u011finerek, kanaatlerini a\u00e7\u0131klayan polisler ile gazeteci Mehmet Baransu hakk\u0131nda mahkemenin su\u00e7 duyurusunda bulunmas\u0131n\u0131 istedi.<\/p>\n<p style=\"text-align: justify;\">San\u0131k avukatlar\u0131ndan Kemal Yener Sara\u00e7o\u011flu da, dosyadaki dijital kay\u0131tlar\u0131n ihbar maillerine dayal\u0131 olarak bulundu\u011funu, ancak ihbar\u0131 yapanlar\u0131n kayna\u011f\u0131n\u0131n belirlenmedi\u011fini s\u00f6yledi. Sara\u00e7o\u011flu, Eski\u015fehir&#8217;deki aramaya ili\u015fkin ihbar\u0131 yapan ki\u015finin belirlenmesiyle ilgili bir \u00e7al\u0131\u015fma yap\u0131l\u0131p yap\u0131lmad\u0131\u011f\u0131n\u0131n savc\u0131l\u0131ktan sorulmas\u0131n\u0131 talep etti.<\/p>\n<p style=\"text-align: justify;\">Eski 1. Ordu Komutan\u0131 emekli Orgeneral \u00c7etin Do\u011fan&#8217;\u0131n avukat\u0131 H\u00fcseyin Ers\u00f6z de, bug\u00fcne kadar ihbar e-postalar\u0131n\u0131n kimler taraf\u0131ndan g\u00f6nderildi\u011finin tespit edilmedi\u011fini, Eski\u015fehir&#8217;dekini g\u00f6nderenin de tespitinin yap\u0131lmad\u0131\u011f\u0131n\u0131 ileri s\u00fcrd\u00fc. Bu aramayla ilgili arama ve el koyma karar\u0131n\u0131n da olmad\u0131\u011f\u0131n\u0131 ifade eden Ers\u00f6z, mahkemenin bu verilerle ilgili hukuka uygunluk denetimi yapmadan soru y\u00f6neltti\u011fini s\u00f6yledi.<\/p>\n<p style=\"text-align: justify;\">Ers\u00f6z, &#8221;Bu soru\u015fturmay\u0131 kim y\u00fcr\u00fct\u00fcyor? Kolluk mu, yoksa iddia makam\u0131 m\u0131?&#8221; diyerek, bu hukuka ayk\u0131r\u0131 halleri bir kenara b\u0131rakarak su\u00e7 \u00fcretmek amac\u0131yla yaz\u0131lan tutanakta kanaatlerine yer veren polislerin de, san\u0131klar\u0131n tahliye edilmesi y\u00f6n\u00fcnde g\u00f6r\u00fc\u015f bildiren \u0130stanbul 11. A\u011f\u0131r Ceza Mahkemesi Ba\u015fkan\u0131 \u015eeref Ak\u00e7ay&#8217;a cevap verdiklerini savundu.<\/p>\n<p style=\"text-align: justify;\">&#8221;Bak\u0131n, &#8216;icra hareketlerine ge\u00e7ilmi\u015ftir&#8217; diyorlar. Ne c\u00fcrettir&#8221; diyen Ers\u00f6z, mahkemenin acil olarak \u00f6ncelikle bu dok\u00fcmanlar\u0131n hukuka ayk\u0131r\u0131 olup olmad\u0131klar\u0131na ili\u015fkin bir karar vermesi gerekti\u011fini ifade etti. Duru\u015fma, Nejat Bek&#8217;in savunmas\u0131n\u0131n al\u0131nmas\u0131yla devam ediyor.<\/p>\n<p style=\"text-align: justify;\"><strong>&#8220;HAKKIMDA ATLANT\u0130K \u00d6TES\u0130NDEN KUMPASLAR KURMU\u015eLAR&#8221;<\/strong><\/p>\n<p style=\"text-align: justify;\">&#8221;Balyoz Plan\u0131&#8221; davas\u0131n\u0131n tutuklu san\u0131klar\u0131ndan emekli orgeneral \u00c7etin Do\u011fan, &#8221;Benim hakk\u0131mda baz\u0131 \u00e7evreler Atlantik \u00f6tesinden kumpaslar kurmu\u015flar&#8221; dedi.<\/p>\n<p style=\"text-align: justify;\">\u0130stanbul 10. A\u011f\u0131r Ceza Mahkemesince Silivri Ceza ve \u0130nfaz Kurumlar\u0131 Yerle\u015fkesi&#8217;ndeki salonda g\u00f6r\u00fclen duru\u015fmada savunmas\u0131n\u0131n ard\u0131ndan \u00e7apraz sorgusuna ge\u00e7ilen Nejat Bek&#8217;e \u00fcye hakim Ali Efendi Peksak, &#8221;iddianamede yer alan plan seminerinde imzan\u0131z var. Kat\u0131lmad\u0131\u011f\u0131n\u0131z plana imza atmak do\u011fru mu?&#8221; diye sordu.<\/p>\n<p style=\"text-align: justify;\">Bek de, bu plan seminerinin bir s\u00fcre\u00e7 oldu\u011funu, haz\u0131rl\u0131k ve sonu\u00e7 a\u015famas\u0131 bulundu\u011funu belirterek, kendisinin paraf\u0131n\u0131n bulunmas\u0131n\u0131n kurmay ba\u015fkanl\u0131\u011f\u0131nda g\u00f6revli olmas\u0131ndan kaynakland\u0131\u011f\u0131n\u0131 kaydetti. Karargahta emir verme yetkisinin olmad\u0131\u011f\u0131n\u0131 dile getiren Bek, plan seminerlerinde g\u00f6revi gere\u011fi koordinasyonu sa\u011flad\u0131\u011f\u0131n\u0131 anlatt\u0131. Bek, seminerdeki ses kayd\u0131n\u0131n ordu komutan\u0131n\u0131n emriyle al\u0131nd\u0131\u011f\u0131n\u0131 ifade ederek, bunun ar\u015fivde bulunmas\u0131 konusunun da komutan\u0131n emrine ba\u011fl\u0131 oldu\u011funu s\u00f6yledi.<\/p>\n<p style=\"text-align: justify;\">Bunun \u00fczerine s\u00f6z alan emekli Orgeneral \u00c7etin Do\u011fan, &#8221;Ben bunun kayd\u0131n\u0131 ald\u0131m. E\u011fer bir darbe plan\u0131 olsayd\u0131 neden kaydedilsin. Ben &#8216;kay\u0131t alt\u0131na al\u0131ns\u0131n&#8217; dedim&#8221; \u015feklinde konu\u015ftu. S\u00f6z konusu harp plan\u0131n\u0131n provas\u0131z oldu\u011funu anlatan Do\u011fan, &#8221;Burada maksad\u0131n\u0131 a\u015fan ifadeler olmu\u015f olabilir. Ama bu bir e\u011fitim program\u0131d\u0131r. Bu emri ben verdim&#8221; dedi.<\/p>\n<p style=\"text-align: justify;\">Nejat Bek, Cumhuriyet Savc\u0131s\u0131 Sava\u015f K\u0131rba\u015f&#8217;\u0131n, &#8221;S\u00f6z konusu seminerin koordinesini siz yapt\u0131n\u0131z. Daha \u00f6nce b\u00f6yle bir \u015fey yap\u0131ld\u0131 m\u0131?&#8221; sorusuna seminerin sadece bir defa yap\u0131ld\u0131\u011f\u0131 yan\u0131t\u0131n\u0131 verdi.<\/p>\n<p style=\"text-align: justify;\"><strong>&#8221;PLAN SEM\u0130NER\u0130NDE NEDEN G\u00d6R\u00dcNT\u00dc KAYDI YOK?&#8221;<\/strong><\/p>\n<p style=\"text-align: justify;\">Savc\u0131 K\u0131rba\u015f&#8217;\u0131n, &#8221;Bu seminer provas\u0131z yap\u0131ld\u0131. Ba\u015fka provas\u0131z yap\u0131lan seminer oldu mu?&#8221; sorusuna Bek, &#8221;Hay\u0131r. Provas\u0131z yap\u0131lan da var yap\u0131lmayan da. Bu komutana ba\u011fl\u0131&#8221; cevab\u0131n\u0131 verdi.<\/p>\n<p style=\"text-align: justify;\">Savc\u0131n\u0131n, &#8221;Seminerde ses kayd\u0131 al\u0131n\u0131yor da neden g\u00f6r\u00fcnt\u00fc kayd\u0131 al\u0131nmad\u0131?&#8221; sorusuna, araya giren \u00c7etin Do\u011fan, &#8221;Ordunun o zaman g\u00f6r\u00fcnt\u00fc almas\u0131na imkan da yoktu, l\u00fczum da yoktu. Ses almak i\u00e7in bir g\u00f6revli, bir subay var. Hi\u00e7bir plan seminerinde g\u00f6r\u00fcnt\u00fc kayd\u0131 al\u0131nmad\u0131. Ses kayd\u0131 yap\u0131lmas\u0131 emrini de ben verdim&#8221; diye yan\u0131t verdi.<\/p>\n<p style=\"text-align: justify;\">Do\u011fan, Savc\u0131 K\u0131rba\u015f&#8217;\u0131n ses kayd\u0131n\u0131n al\u0131nmas\u0131na neden gerek duyuldu\u011fu \u015feklindeki sorusuna da, &#8221;Bu seminerdeki \u00e7ok ciddi konular i\u00e7in&#8230;&#8221; diye cevap verdi. Savc\u0131 K\u0131rba\u015f&#8217;\u0131n &#8221;Bu seminer ciddi, di\u011ferleri ciddi de\u011fil miydi?&#8221; sorusu \u00fczerine Do\u011fan, \u015funlar\u0131 kaydetti:<\/p>\n<p style=\"text-align: justify;\">&#8221;Bunun iftira oldu\u011funu bile bile bunun i\u00e7inde olanlar\u0131 lanetliyorum. Allah belalar\u0131n\u0131 versin. Benim 1997 y\u0131l\u0131nda Korgeneral iken hakk\u0131mdaki imzas\u0131z bir mektubun &#8216;Ergenekon&#8217; davas\u0131nda bulundu\u011funu biliyor musunuz? Benim hakk\u0131mda baz\u0131 \u00e7evreler Atlantik \u00f6tesinden kumpaslar kurmu\u015flar. Ama bunu ba\u015faramayacaklar. \u0130yi ki ses kayd\u0131n\u0131 alm\u0131\u015ft\u0131m yoksa bug\u00fcn ses kayd\u0131 olmasayd\u0131 bu iftira \u00e7ok daha ileri gidebilirdi.&#8221;<\/p>\n<p style=\"text-align: justify;\">Duru\u015fma, di\u011fer san\u0131klar\u0131n savunmas\u0131yla devam ediyor.<\/p>\n<p style=\"text-align: justify;\"><strong>&#8220;BU \u0130K\u0130 GENERAL GEL\u0130P KONU\u015eMALILAR&#8221;<\/strong><\/p>\n<p style=\"text-align: justify;\">&#8221;Balyoz Plan\u0131&#8221; davas\u0131n\u0131n tutuklu san\u0131\u011f\u0131 emekli Korgeneral ve MHP \u0130stanbul 1. B\u00f6lge milletvekili aday\u0131 Engin Alan &#8221;Zaman bu zaman. Bu iki general (Hilmi \u00d6zk\u00f6k ve Ayta\u00e7 Yalman) bu mahkemeye gelip, bize a\u00e7\u0131k ve net bir \u015fey s\u00f6ylemelidirler. Balyoz diye bir \u015fey var m\u0131 yok mu?&#8221; dedi.<\/p>\n<p style=\"text-align: justify;\">\u0130stanbul 10. A\u011f\u0131r Ceza Mahkemesindeki duru\u015fmada savunmas\u0131n\u0131 yapan tutuklu san\u0131k 8. Kolordu Komutan\u0131 Korgeneral Mustafa Korkut \u00d6zarslan, dava konusu seminerin hi\u00e7bir konu gizlenmeden yap\u0131ld\u0131\u011f\u0131n\u0131 belirterek, hi\u00e7bir delile dayanmayan, kanaatlere dayal\u0131 t\u00fcm su\u00e7lamalar\u0131 reddetti\u011fini s\u00f6yledi. \u00d6zarslan&#8217;\u0131n avukat\u0131 Tolga Akal\u0131n ise G\u00f6lc\u00fck&#8217;ten sonra Eski\u015fehir&#8217;den de dosyaya yeni deliller g\u00f6nderildi\u011fine dikkati \u00e7ekti.<\/p>\n<p style=\"text-align: justify;\">Bir taraftan kovu\u015fturman\u0131n, di\u011fer taraftan da soru\u015fturman\u0131n yap\u0131lmas\u0131n\u0131n ceza yarg\u0131lamas\u0131n\u0131n mant\u0131\u011f\u0131na ters oldu\u011funu ifade eden Akal\u0131n, &#8221;Yeni sahte deliller \u00fcretilmeye ba\u015fland\u0131. Burada bir yarg\u0131lamadan bahsetmek m\u00fcmk\u00fcn de\u011fil. Bu yarg\u0131lama de\u011fil, tiyatro faaliyetidir. Biz tiyatronun ilk perdesinde sahne almayaca\u011f\u0131z. Defalarca sahteli\u011fi ispatlanan bu iddialar kar\u015f\u0131s\u0131nda susma hakk\u0131n\u0131 de\u011fil, &#8216;g\u00fclme hakk\u0131n\u0131&#8217; kullan\u0131yoruz. M\u00fcvekkilim sorulara yan\u0131t vermeyecek&#8221; dedi.<\/p>\n<p style=\"text-align: justify;\">Ba\u015fkan Ali Al\u00e7\u0131k, avukat Akal\u0131n&#8217;\u0131n mahkemeyi tiyatroya benzetmesinin savunma kapsam\u0131n\u0131 zorlad\u0131\u011f\u0131n\u0131 belirterek uyard\u0131. \u00d6zarslan&#8217;\u0131n yan\u0131tlamayaca\u011f\u0131n\u0131 s\u00f6ylemesi \u00fczerine soru sorulmad\u0131.<\/p>\n<p style=\"text-align: justify;\">Tutuklu san\u0131klardan emekli korgeneral ve MHP \u0130stanbul 1. B\u00f6lge milletvekili aday\u0131 Engin Alan da &#8221;Biz bu \u00f6mr\u00fc onurumuz, \u015ferefimiz itibar\u0131m\u0131z i\u00e7in ya\u015fad\u0131k. Bu de\u011ferlerimizi hedef alan, f\u0131rsat bilen al\u00e7aklarca hayas\u0131zca sald\u0131rmas\u0131na zemin yaratarak, tek bir sat\u0131r\u0131 bile do\u011fru olmayan d\u00fczmecelerle dolu bu rezil iddianameyi ba\u015ftan sona \u015fiddetle reddediyorum. Olmayan \u015feyin ispat\u0131 olur mu?&#8221; diye konu\u015ftu.<\/p>\n<p style=\"text-align: justify;\">\u0130mzas\u0131z dijital belgelerin delil kabul edilemeyece\u011fini, iddia sahiplerinin iddialar\u0131n\u0131 ispatla m\u00fckellef olduklar\u0131n\u0131 ifade eden Alan, &#8221;Bu \u00fclke, bu devlet, bu memleket b\u00f6l\u00fcnmesin diye hayatlar\u0131n\u0131 hi\u00e7e sayan yi\u011fitlere, kahramanlara &#8216;cuntac\u0131, darbeci&#8217; diyen, haddini bilmeyen densizler zaman\u0131 gelince yapt\u0131klar\u0131n\u0131n hesab\u0131n\u0131, hukuki bedelini mutlaka \u00f6deyecektir. Bundan ka\u00e7\u0131\u015f yoktur. Adaletten ka\u00e7salar da tarihten ka\u00e7amayacaklard\u0131r&#8221; \u015feklinde konu\u015ftu.<\/p>\n<p style=\"text-align: justify;\"><strong>\u00d6ZK\u00d6K VE YALMAN&#8217;IN YANITLAMASI \u0130STEN\u0130LEN SORULAR<\/strong><\/p>\n<p style=\"text-align: justify;\">D\u00f6nemin Genelkurmay Ba\u015fkan\u0131 emekli Orgeneral Hilmi \u00d6zk\u00f6k ile Kara Kuvvetleri Komutan\u0131 emekli Orgeneral Ayta\u00e7 Yalman&#8217;\u0131n &#8221;Ben bilmem o bilir, zaman\u0131 gelince konu\u015furum&#8221; gibi s\u00f6zler s\u00f6ylediklerini belirten Alan, bu s\u00f6zlerin davaya hi\u00e7bir katk\u0131s\u0131 olmad\u0131\u011f\u0131n\u0131 s\u00f6yledi.<\/p>\n<p style=\"text-align: justify;\">&#8221;Zaman bu zaman. Bu iki general bu mahkemeye gelip bize a\u00e7\u0131k ve net bir \u015fey s\u00f6ylemelidirler. Balyoz diye bir \u015fey var m\u0131 yok mu? Balyoz yoksa mesele de yok&#8221; diyen Alan, \u00d6zk\u00f6k ve Yalman&#8217;\u0131n &#8221;Balyoz Plan\u0131 var&#8221; diyorlarsa yan\u0131tlamalar\u0131n\u0131 istedi\u011fi sorular\u0131 \u015f\u00f6yle s\u0131ralad\u0131:<\/p>\n<p style=\"text-align: justify;\">&#8221;Balyoz varsa neden bu konuda komutan olarak yetkilerini kullanmad\u0131lar, gere\u011fini yapmad\u0131lar. Neden seminerden 5 ay sonra 2003 A\u011fustos&#8217;taki \u015furada F\u0131rt\u0131na generali ve \u00d6rnek amirali \u00e7ok yetkili kuvvet komutanl\u0131klar\u0131na getirdiniz? Neden seminerden 5 ay sonra \u015e\u00fckr\u00fc Sar\u0131\u0131\u015f\u0131k Milli G\u00fcvenlik Kurulu Genel Sekreterli\u011fine getirildi. Metin Yavuz Yal\u00e7\u0131n neden Harekat Ba\u015fkanl\u0131\u011f\u0131na getirildi? Beni tank\u0131, topu, t\u00fcfe\u011fi olmayan pasif bir g\u00f6reve atamak yerine T\u00fcrkiye&#8217;nin Yunanistan b\u00f6lgesinden sorumlu olan 2. Kolorduya komuta g\u00f6revine neden devam ettirdiniz? Bu iki emekli komutan bu sorular\u0131n yan\u0131t\u0131n\u0131 vermedik\u00e7e sa\u011fl\u0131kl\u0131 yarg\u0131lama yap\u0131lamaz. Biz de burada su\u00e7suzuz diye debelenir dururuz. Bir yandan da Eski\u015fehir&#8217;de oldu\u011fu gibi tezgahlar s\u00fcrer gider.&#8221;<\/p>\n<p style=\"text-align: justify;\">Alan, mahkemeden semineri g\u00f6zlemci olarak izleyen 15 subay\u0131n da tan\u0131k olarak \u00e7a\u011fr\u0131lmas\u0131n\u0131 isteyerek, g\u00f6zlemci raporunun a\u00e7\u0131klanmas\u0131n\u0131 istedi. Yeni belge s\u0131ras\u0131n\u0131n \u0130stanbul ve Bursa Jandarma Komutanl\u0131klar\u0131na geldi\u011fini belirten Alan, &#8221;Hay\u0131rl\u0131 haberlerinizi, ihbar mektubu gibi d\u00fczmece belgelerinizi bekliyoruz&#8221; dedi.<\/p>\n<p style=\"text-align: justify;\">Engin Alan savc\u0131l\u0131k ifadesine ili\u015fkin d\u00fczeltme yapmak istedi\u011fini belirterek, &#8221;Bana Atat\u00fcrk&#8217;\u00fcn B\u00fcy\u00fck Nutku&#8217;nda Anadolu isyanlar\u0131 s\u0131ras\u0131nda i\u00e7 tehditler konusundaki s\u00f6zlerini s\u00f6yleyip s\u00f6ylemedi\u011fim sorulmu\u015ftu. O zaman hat\u0131rlamam\u0131\u015ft\u0131m. Evet s\u00f6yledim&#8221; diye konu\u015ftu. Alan&#8217;\u0131n avukat\u0131 Ayhan Nacak da tahliye karar\u0131 veren hakimlerin \u00e7ocuk mahkemelerine g\u00f6nderildi\u011fini belirterek, olu\u015fan korku ve endi\u015fe nedeniyle hakimlerin yar\u0131m saat i\u00e7inde tutuklama karar\u0131 vermek zorunda kald\u0131klar\u0131n\u0131 ileri s\u00fcrd\u00fc.<\/p>\n<p style=\"text-align: justify;\">Nacak, &#8221;23 y\u0131l da\u011flarda ya\u015fam\u0131\u015f, ter\u00f6rle m\u00fccadele etmi\u015f, 5 kere 1 saniye farkla \u00f6l\u00fcmden d\u00f6nm\u00fc\u015f ki\u015fiyi ter\u00f6rist ilan ettiniz&#8221; diyerek, mahkemenin dava konusu belgelerin ordudan nas\u0131l \u00e7al\u0131n\u0131p \u00e7al\u0131nmad\u0131\u011f\u0131na ili\u015fkin ara\u015ft\u0131rma yapmas\u0131 gerekti\u011fini s\u00f6yledi. &#8221;Burada olanlar\u0131n su\u00e7suz oldu\u011funa Allah&#8217;a inand\u0131\u011f\u0131m kadar inan\u0131yorum&#8221; diyen Nacak, darbe \u00e7al\u0131\u015fmalar\u0131n\u0131n gizli oldu\u011funu, 3 ki\u015fiden fazla olunca buna darbe denilemeyece\u011fini savunarak, &#8221;Burada bir tek Hasan Mutlucan kalm\u0131\u015f. O da olsa tam olurdu&#8221; dedi.<\/p>\n<p style=\"text-align: justify;\">Tutuklu san\u0131klardan eski MGK Genel Sekreteri emekli Orgeneral \u015e\u00fckr\u00fc Sar\u0131\u0131\u015f\u0131k ise su\u00e7lamalarla ilgili dolayl\u0131 ya da dolays\u0131z bir alakas\u0131n\u0131n olmad\u0131\u011f\u0131n\u0131, at\u0131l\u0131 su\u00e7u i\u015flemedi\u011fini belirterek, &#8221;Kendimizden bir korkumuz olsa, bir s\u0131k\u0131nt\u0131m\u0131z olsa tedbirleri \u00f6nceden al\u0131r\u0131z&#8221; dedi.<\/p>\n<p style=\"text-align: justify;\">Sar\u0131\u0131\u015f\u0131k, &#8221;Su\u00e7lamalar tamamen subjektif de\u011ferlendirmeler, yorum ve kanaatlerden olu\u015fup, hukuki dayanaktan yoksun, tamamen as\u0131ls\u0131z iddialard\u0131r. 44 y\u0131l\u0131m\u0131, TSK&#8217;n\u0131n kutsal \u00e7at\u0131s\u0131 alt\u0131nda ge\u00e7irdim. 66 y\u0131ll\u0131k ya\u015fam\u0131m boyunca yasalara ve hukuka ayk\u0131r\u0131 hi\u00e7bir olu\u015fum ve faaliyetin i\u00e7inde bulunmad\u0131m&#8221; diye konu\u015ftu.<\/p>\n<p style=\"text-align: justify;\"><a href=\"http:\/\/www.gazeteport.com.tr\/GUNCEL\/NEWS\/GP_895477\" target=\"_blank\">Kaynak : GAZETEPORT<\/a><\/p>\n","protected":false},"excerpt":{"rendered":"<p style=\"text-align: justify;\">\n<p style=\"text-align: justify;\">Balyoz Plan\u0131 iddias\u0131yla ilgili a\u00e7\u0131lan davan\u0131n bug\u00fcnk\u00fc duru\u015fmas\u0131, &#8220;Eski\u015fehir&#8217;de yeni belgeler bulundu&#8221; iddias\u0131 tart\u0131\u015fmalar\u0131yla ba\u015flad\u0131.<\/p>\n<p style=\"text-align: justify;\">Duru\u015fmada s\u00f6z alan \u00c7etin Do\u011fan, &#8220;Benim hakk\u0131mda baz\u0131 \u00e7evreler Atlantik \u00f6tesinden kumpaslar kurmu\u015flar. Ama bunu ba\u015faramayacaklar. \u0130yi ki ses kayd\u0131n\u0131 alm\u0131\u015ft\u0131m yoksa bug\u00fcn ses kayd\u0131 olmasayd\u0131 bu iftira \u00e7ok daha ileri gidebilirdi&#8221; dedi. <\/p>\n","protected":false},"author":1,"featured_media":0,"comment_status":"open","ping_status":"closed","sticky":false,"template":"","format":"standard","meta":{"footnotes":""},"categories":[105],"tags":[],"class_list":["post-31268","post","type-post","status-publish","format-standard","hentry","category-gundem","odd"],"_links":{"self":[{"href":"http:\/\/www.korhanyilmaz.com\/index.php?rest_route=\/wp\/v2\/posts\/31268","targetHints":{"allow":["GET"]}}],"collection":[{"href":"http:\/\/www.korhanyilmaz.com\/index.php?rest_route=\/wp\/v2\/posts"}],"about":[{"href":"http:\/\/www.korhanyilmaz.com\/index.php?rest_route=\/wp\/v2\/types\/post"}],"author":[{"embeddable":true,"href":"http:\/\/www.korhanyilmaz.com\/index.php?rest_route=\/wp\/v2\/users\/1"}],"replies":[{"embeddable":true,"href":"http:\/\/www.korhanyilmaz.com\/index.php?rest_route=%2Fwp%2Fv2%2Fcomments&post=31268"}],"version-history":[{"count":0,"href":"http:\/\/www.korhanyilmaz.com\/index.php?rest_route=\/wp\/v2\/posts\/31268\/revisions"}],"wp:attachment":[{"href":"http:\/\/www.korhanyilmaz.com\/index.php?rest_route=%2Fwp%2Fv2%2Fmedia&parent=31268"}],"wp:term":[{"taxonomy":"category","embeddable":true,"href":"http:\/\/www.korhanyilmaz.com\/index.php?rest_route=%2Fwp%2Fv2%2Fcategories&post=31268"},{"taxonomy":"post_tag","embeddable":true,"href":"http:\/\/www.korhanyilmaz.com\/index.php?rest_route=%2Fwp%2Fv2%2Ftags&post=31268"}],"curies":[{"name":"wp","href":"https:\/\/api.w.org\/{rel}","templated":true}]}}