{"id":31258,"date":"2011-04-28T15:59:54","date_gmt":"2011-04-28T12:59:54","guid":{"rendered":"http:\/\/www.korhanyilmaz.com\/?p=31258"},"modified":"2011-04-28T15:59:54","modified_gmt":"2011-04-28T12:59:54","slug":"bozkurt-yuruyusu-baskani-degistirdi","status":"publish","type":"post","link":"http:\/\/www.korhanyilmaz.com\/?p=31258","title":{"rendered":"Bozkurt y\u00fcr\u00fcy\u00fc\u015f\u00fc ba\u015fkan\u0131 de\u011fi\u015ftirdi"},"content":{"rendered":"<p style=\"text-align: justify;\"><a href=\"http:\/\/www.korhanyilmaz.com\/wp-content\/uploads\/2011\/04\/060.jpg\"  class=\"lightview\"><img loading=\"lazy\" decoding=\"async\" class=\"aligncenter size-full wp-image-31259\" title=\"\" src=\"http:\/\/www.korhanyilmaz.com\/wp-content\/uploads\/2011\/04\/060.jpg\" alt=\"\" width=\"325\" height=\"231\" \/><\/a><\/p>\n<p style=\"text-align: justify;\">Emniyet Genel M\u00fcd\u00fcrl\u00fc\u011f\u00fc, \u00d6zel Harekat Daire Ba\u015fkan\u0131 Cemil Yurtsever g\u00f6revden al\u0131nd\u0131, yerine I\u011fd\u0131r Emniyet M\u00fcd\u00fcr\u00fc Cemil Tonbul atand\u0131.<\/p>\n<p style=\"text-align: justify;\">S\u00fcpriz ataman\u0131n gerek\u00e7esinin, 10 Nisan Polis Haftas\u0131 kutlamalar\u0131 kapsam\u0131nda Sivas\u2019ta \u00f6zel harekat\u00e7\u0131lar\u0131n y\u00fcr\u00fcy\u00fc\u015f\u00fc s\u0131ras\u0131nda s\u00f6yledikleri \u201cBozkurt\u201d slogan\u0131 oldu\u011fu ileri s\u00fcr\u00fcld\u00fc.<!--more--><\/p>\n<p style=\"text-align: justify;\">ANKARA &#8211; Emniyet Genel M\u00fcd\u00fcrl\u00fc\u011f\u00fc \u00d6zel Harekat Daire Ba\u015fkanl\u0131\u011f\u0131n\u0131 uzun s\u00fcredir vekaleten y\u00fcr\u00fcten Cemil Yurtseven&#8217;in yerine I\u011fd\u0131r Emniyet M\u00fcd\u00fcr\u00fc Cemil Tonbul getirildi.<\/p>\n<p style=\"text-align: justify;\">Erzurum Emniyet M\u00fcd\u00fcrl\u00fc\u011f\u00fcne bir s\u00fcre \u00f6nce atanan Turgut Y\u0131ld\u0131z&#8217;dan bo\u015falan Pasaport Daire Ba\u015fkanl\u0131\u011f\u0131na ise Bilgi \u0130\u015flem Daire Ba\u015fkan\u0131 Metin Tan\u0131\u015f atand\u0131.<\/p>\n<p style=\"text-align: justify;\">Van Emniyet M\u00fcd\u00fcrl\u00fc\u011f\u00fc g\u00f6revinden sa\u011fl\u0131k sorunlar\u0131 nedeniyle ayr\u0131ld\u0131\u011f\u0131 bildirilen Ayhan Falakal\u0131 ise Bilgi \u0130\u015flem Daire Ba\u015fkan\u0131 oldu.<\/p>\n<p style=\"text-align: justify;\">Emniyet Genel M\u00fcd\u00fcrl\u00fc\u011f\u00fc Haberle\u015fme Daire Ba\u015fkanl\u0131\u011f\u0131na Co\u015fkun \u00c7ak\u0131r atand\u0131.<\/p>\n<p style=\"text-align: justify;\">\u0130\u00e7i\u015fleri Bakanl\u0131\u011f\u0131 kaynaklar\u0131 ise g\u00f6rev de\u011fi\u015fikli\u011finin Sivas\u2019taki y\u00fcr\u00fcy\u00fc\u015fle ilgisinin bulunmad\u0131\u011f\u0131n\u0131 \u00f6ne s\u00fcrd\u00fc, Sivas Valili\u011fi\u2019nin konuyla ilgili soru\u015fturma a\u00e7t\u0131\u011f\u0131 belirtildi. MHP Genel Ba\u015fkan\u0131 Devlet Bah\u00e7eli, g\u00f6revden almaya tepki g\u00f6stererek \u201cBu karde\u015flerimizi k\u0131rman\u0131n, k\u00fcst\u00fcrmenin, incitmenin kimseye faydas\u0131 yok. Derhal g\u00f6reve iade edilmeli\u201d dedi.<\/p>\n<p style=\"text-align: justify;\"><a href=\"http:\/\/www.gazeteport.com.tr\/GUNCEL\/NEWS\/GP_894992\" target=\"_blank\">Kaynak : GAZETEPORT<\/a><\/p>\n","protected":false},"excerpt":{"rendered":"<p style=\"text-align: justify;\">\n<p style=\"text-align: justify;\">Emniyet Genel M\u00fcd\u00fcrl\u00fc\u011f\u00fc, \u00d6zel Harekat Daire Ba\u015fkan\u0131 Cemil Yurtsever g\u00f6revden al\u0131nd\u0131, yerine I\u011fd\u0131r Emniyet M\u00fcd\u00fcr\u00fc Cemil Tonbul atand\u0131.<\/p>\n<p style=\"text-align: justify;\">S\u00fcpriz ataman\u0131n gerek\u00e7esinin, 10 Nisan Polis Haftas\u0131 kutlamalar\u0131 kapsam\u0131nda Sivas\u2019ta \u00f6zel harekat\u00e7\u0131lar\u0131n y\u00fcr\u00fcy\u00fc\u015f\u00fc s\u0131ras\u0131nda s\u00f6yledikleri \u201cBozkurt\u201d slogan\u0131 oldu\u011fu ileri s\u00fcr\u00fcld\u00fc.<\/p>\n","protected":false},"author":1,"featured_media":0,"comment_status":"open","ping_status":"closed","sticky":false,"template":"","format":"standard","meta":{"footnotes":""},"categories":[105],"tags":[],"class_list":["post-31258","post","type-post","status-publish","format-standard","hentry","category-gundem","odd"],"_links":{"self":[{"href":"http:\/\/www.korhanyilmaz.com\/index.php?rest_route=\/wp\/v2\/posts\/31258","targetHints":{"allow":["GET"]}}],"collection":[{"href":"http:\/\/www.korhanyilmaz.com\/index.php?rest_route=\/wp\/v2\/posts"}],"about":[{"href":"http:\/\/www.korhanyilmaz.com\/index.php?rest_route=\/wp\/v2\/types\/post"}],"author":[{"embeddable":true,"href":"http:\/\/www.korhanyilmaz.com\/index.php?rest_route=\/wp\/v2\/users\/1"}],"replies":[{"embeddable":true,"href":"http:\/\/www.korhanyilmaz.com\/index.php?rest_route=%2Fwp%2Fv2%2Fcomments&post=31258"}],"version-history":[{"count":0,"href":"http:\/\/www.korhanyilmaz.com\/index.php?rest_route=\/wp\/v2\/posts\/31258\/revisions"}],"wp:attachment":[{"href":"http:\/\/www.korhanyilmaz.com\/index.php?rest_route=%2Fwp%2Fv2%2Fmedia&parent=31258"}],"wp:term":[{"taxonomy":"category","embeddable":true,"href":"http:\/\/www.korhanyilmaz.com\/index.php?rest_route=%2Fwp%2Fv2%2Fcategories&post=31258"},{"taxonomy":"post_tag","embeddable":true,"href":"http:\/\/www.korhanyilmaz.com\/index.php?rest_route=%2Fwp%2Fv2%2Ftags&post=31258"}],"curies":[{"name":"wp","href":"https:\/\/api.w.org\/{rel}","templated":true}]}}