{"id":31235,"date":"2011-04-28T15:46:56","date_gmt":"2011-04-28T12:46:56","guid":{"rendered":"http:\/\/www.korhanyilmaz.com\/?p=31235"},"modified":"2011-04-28T15:46:56","modified_gmt":"2011-04-28T12:46:56","slug":"bassavcilik-adaylari-belirlendi","status":"publish","type":"post","link":"http:\/\/www.korhanyilmaz.com\/?p=31235","title":{"rendered":"Ba\u015fsavc\u0131l\u0131k adaylar\u0131 belirlendi"},"content":{"rendered":"<p style=\"text-align: center;\"><a href=\"http:\/\/www.korhanyilmaz.com\/wp-content\/uploads\/2011\/04\/057.jpg\"  class=\"lightview\"><img loading=\"lazy\" decoding=\"async\" class=\"aligncenter size-full wp-image-31236\" src=\"http:\/\/www.korhanyilmaz.com\/wp-content\/uploads\/2011\/04\/057.jpg\" alt=\"\" width=\"375\" height=\"222\" \/><\/a><\/p>\n<p style=\"text-align: justify;\">G\u00f6rev s\u00fcresi 21 May\u0131s 2011&#8217;de sona erecek Yarg\u0131tay Cumhuriyet Ba\u015fsavc\u0131s\u0131 Abdurrahman Yal\u00e7\u0131nkaya&#8217;n\u0131n yerine Yarg\u0131tay B\u00fcy\u00fck Genel Kurulu&#8217;nda aday belirleme se\u00e7imi yap\u0131ld\u0131.<!--more--><\/p>\n<p style=\"text-align: justify;\">Se\u00e7im sonucunda Yarg\u0131tay 6. Ceza Dairesi \u00dcyesi Hasan Erbil 283, 6. Ceza Dairesi Ba\u015fkan\u0131 Celal Altunkaynak 139, Yarg\u0131tay 3. Ceza Dairesi \u00dcyesi Erdal G\u00f6k\u00e7en 130, Yarg\u0131tay 3. Ceza Dairesi \u00dcyesi Hakk\u0131 Manav 126 ve 12. Hukuk Dairesi \u00dcyesi L\u00fctfi Tombalo\u011flu da 10 oy ald\u0131.<\/p>\n<p style=\"text-align: justify;\">Se\u00e7imde, 2 bo\u015f, bir de ge\u00e7ersiz oy \u00e7\u0131kt\u0131.<\/p>\n<p style=\"text-align: center;\"><a href=\"http:\/\/www.korhanyilmaz.com\/wp-content\/uploads\/2011\/04\/058.jpg\"  class=\"lightview\"><img loading=\"lazy\" decoding=\"async\" class=\"aligncenter size-full wp-image-31237\" src=\"http:\/\/www.korhanyilmaz.com\/wp-content\/uploads\/2011\/04\/058.jpg\" alt=\"\" width=\"470\" height=\"132\" \/><\/a><\/p>\n<p style=\"text-align: justify;\">Se\u00e7im sonucu, bug\u00fcn Yarg\u0131tay Birinci Ba\u015fkanl\u0131\u011f\u0131nca s\u0131ral\u0131 liste halinde Cumhurba\u015fkan\u0131 Abdullah G\u00fcl&#8217;e sunulacak.<\/p>\n<p style=\"text-align: justify;\">Cumhurba\u015fkan\u0131 G\u00fcl, 15 g\u00fcn i\u00e7inde g\u00f6sterilen adaylardan birini Yarg\u0131tay Cumhuriyet Ba\u015fsavc\u0131s\u0131 olarak se\u00e7ecek.<\/p>\n<p style=\"text-align: justify;\">G\u00fcl, s\u0131ralayama ve ald\u0131klar\u0131 oy miktar\u0131na bakmadan sunulan be\u015f adaydan birini Yarg\u0131tay Cumhuriyet Ba\u015fsavc\u0131s\u0131 olarak se\u00e7ebiliyor. Yeni se\u00e7ilecek Ba\u015fsavc\u0131, ya\u015f haddinden emekliye ayr\u0131lmazsa 4 y\u0131l g\u00f6rev yapacak.<\/p>\n<p style=\"text-align: justify;\">Yarg\u0131tay Cumhuriyet Ba\u015fsavc\u0131s\u0131 Yal\u00e7\u0131nkaya, 21 May\u0131s 2007&#8217;de Ba\u015fsavc\u0131l\u0131\u011fa se\u00e7ilmi\u015fti. D\u00f6rt y\u0131ll\u0131k g\u00f6rev s\u00fcresi dolan Yal\u00e7\u0131nkaya&#8217;n\u0131n ya\u015f haddinden emekliye ayr\u0131lmas\u0131 i\u00e7in 4 y\u0131l\u0131 daha bulunuyor.<\/p>\n<p style=\"text-align: justify;\"><a href=\"http:\/\/www.milliyet.com.tr\/bassavcilik-adaylari-belirlendi\/siyaset\/sondakika\/28.04.2011\/1383611\/default.htm\" target=\"_blank\">Kaynak : Milliyet Gazetesi<\/a><\/p>\n","protected":false},"excerpt":{"rendered":"<p style=\"text-align: center;\">\n<p style=\"text-align: justify;\">G\u00f6rev s\u00fcresi 21 May\u0131s 2011&#8217;de sona erecek Yarg\u0131tay Cumhuriyet Ba\u015fsavc\u0131s\u0131 Abdurrahman Yal\u00e7\u0131nkaya&#8217;n\u0131n yerine Yarg\u0131tay B\u00fcy\u00fck Genel Kurulu&#8217;nda aday belirleme se\u00e7imi yap\u0131ld\u0131.<\/p>\n","protected":false},"author":1,"featured_media":0,"comment_status":"open","ping_status":"closed","sticky":false,"template":"","format":"standard","meta":{"footnotes":""},"categories":[105],"tags":[],"class_list":["post-31235","post","type-post","status-publish","format-standard","hentry","category-gundem","odd"],"_links":{"self":[{"href":"http:\/\/www.korhanyilmaz.com\/index.php?rest_route=\/wp\/v2\/posts\/31235","targetHints":{"allow":["GET"]}}],"collection":[{"href":"http:\/\/www.korhanyilmaz.com\/index.php?rest_route=\/wp\/v2\/posts"}],"about":[{"href":"http:\/\/www.korhanyilmaz.com\/index.php?rest_route=\/wp\/v2\/types\/post"}],"author":[{"embeddable":true,"href":"http:\/\/www.korhanyilmaz.com\/index.php?rest_route=\/wp\/v2\/users\/1"}],"replies":[{"embeddable":true,"href":"http:\/\/www.korhanyilmaz.com\/index.php?rest_route=%2Fwp%2Fv2%2Fcomments&post=31235"}],"version-history":[{"count":0,"href":"http:\/\/www.korhanyilmaz.com\/index.php?rest_route=\/wp\/v2\/posts\/31235\/revisions"}],"wp:attachment":[{"href":"http:\/\/www.korhanyilmaz.com\/index.php?rest_route=%2Fwp%2Fv2%2Fmedia&parent=31235"}],"wp:term":[{"taxonomy":"category","embeddable":true,"href":"http:\/\/www.korhanyilmaz.com\/index.php?rest_route=%2Fwp%2Fv2%2Fcategories&post=31235"},{"taxonomy":"post_tag","embeddable":true,"href":"http:\/\/www.korhanyilmaz.com\/index.php?rest_route=%2Fwp%2Fv2%2Ftags&post=31235"}],"curies":[{"name":"wp","href":"https:\/\/api.w.org\/{rel}","templated":true}]}}