{"id":31230,"date":"2011-04-28T16:27:55","date_gmt":"2011-04-28T13:27:55","guid":{"rendered":"http:\/\/www.korhanyilmaz.com\/?p=31230"},"modified":"2011-04-28T16:27:55","modified_gmt":"2011-04-28T13:27:55","slug":"bizde-cilgin-degil-ayagi-yere-basan-projeler-var","status":"publish","type":"post","link":"http:\/\/www.korhanyilmaz.com\/?p=31230","title":{"rendered":"&#8220;Bizde \u00e7\u0131lg\u0131n de\u011fil aya\u011f\u0131 yere basan projeler var&#8221;"},"content":{"rendered":"<p style=\"text-align: center;\"><a href=\"http:\/\/www.korhanyilmaz.com\/wp-content\/uploads\/2011\/04\/055.jpg\"  class=\"lightview\"><img loading=\"lazy\" decoding=\"async\" class=\"aligncenter size-full wp-image-31231\" src=\"http:\/\/www.korhanyilmaz.com\/wp-content\/uploads\/2011\/04\/055.jpg\" alt=\"\" width=\"413\" height=\"221\" \/><\/a><\/p>\n<p style=\"text-align: justify;\">Ba\u015fbakan Erdo\u011fan&#8217;\u0131n \u00e7\u0131lg\u0131n projesini ele\u015ftiren CHP lideri K\u0131l\u0131\u00e7daro\u011flu, Edirne&#8217;de zehir sa\u00e7an Ergene Nehri&#8217;ni temizleyecekleri s\u00f6z\u00fc verirken, AK Partili y\u00f6neticiler i\u00e7in de &#8220;hergele&#8221; dedi&#8230;<\/p>\n<p style=\"text-align: justify;\">BALIKES\u0130R &#8211; CHP Genel Ba\u015fkan\u0131 Kemal K\u0131l\u0131\u00e7daro\u011flu, miting i\u00e7in geldi\u011fi Bal\u0131kesir&#8217;de, &#8220;Biz de \u00e7\u0131lg\u0131n projeler yok, adam gibi, yere aya\u011f\u0131 basan projeler var&#8221; dedi. <!--more--><\/p>\n<p style=\"text-align: justify;\">CHP Lideri Kemal K\u0131l\u0131\u00e7daro\u011flu, partisinin kentteki mitingi ve milletvekili adaylar\u0131n\u0131n tan\u0131t\u0131m\u0131 i\u00e7in, bug\u00fcn saat 13.50&#8217;de \u00f6zel u\u00e7akla Bal\u0131kesir Havaliman\u0131&#8217;na geldi. Burada parti il y\u00f6neticileri ve vatanda\u015flar taraf\u0131ndan kar\u015f\u0131lanan K\u0131l\u0131\u00e7daro\u011flu, daha sonra beraberindekilerle parti otob\u00fcs\u00fcne binerek yak\u0131ndaki Halalca K\u00f6y\u00fc&#8217;nden ge\u00e7ti.<\/p>\n<p style=\"text-align: justify;\"><strong>ASKER SELAMI<\/strong><\/p>\n<p style=\"text-align: justify;\">Alanda g\u00fcvenlik \u00f6nlemi i\u00e7in bulunan bir askere asker selam\u0131 veren K\u0131l\u0131\u00e7daro\u011flu, k\u00f6yde parti otob\u00fcs\u00fcn\u00fc durdurup kahvehanede oturan k\u00f6yl\u00fclerle sohbet etti. K\u00f6yl\u00fclerden biri, iktidar\u0131n yalan s\u00f6yledi\u011fini, bor\u00e7land\u0131klar\u0131n\u0131, \u00fcr\u00fcnlerinin para etmedi\u011fini de dile getirerek \u015fikayetlerde bulundu. \u015eikayetleri dinleyen K\u0131l\u0131\u00e7daro\u011flu, &#8220;Bizde \u00e7\u0131lg\u0131n projeler yok, adam gibi, yere aya\u011f\u0131 basan projeler var&#8221; dedi. K\u0131l\u0131\u00e7daro\u011flu, 1997 y\u0131l\u0131nda \u015fehit d\u00fc\u015fen Ula\u015ft\u0131rma Jandarma Er Serkan Erayd\u0131n&#8217;\u0131n annesi Emine Ayd\u0131n&#8217;la da bir s\u00fcre sohbet edip elinden \u00f6pt\u00fc.<\/p>\n<p style=\"text-align: justify;\"><strong>AK PART\u0130L\u0130 Y\u00d6NET\u0130C\u0130LERE &#8220;HERGELE&#8221;<\/strong><\/p>\n<p style=\"text-align: justify;\">Daha sonra partisinin Edirne&#8217;nin Selimiye Meydan\u0131&#8217;nda d\u00fczenledi\u011fi mitingde konu\u015fan K\u0131l\u0131\u00e7daro\u011flu, Ergene Nehri&#8217;nin temizlenmemesini ele\u015ftirdi ve AK Partili y\u00f6neticilere &#8216;hergele&#8217; dedi.<\/p>\n<p style=\"text-align: justify;\">&#8216;Hergele neden temzilenmiyor&#8217; diye sordu ard\u0131ndan da, hergele s\u00f6zc\u00fc\u011f\u00fcne vurgu yaparak, &#8220;Bir arkada\u015f\u0131m &#8216;hergeleler&#8217; var o y\u00fczden temizlenmiyor diyor&#8221; diye konu\u015ftu.<\/p>\n<p style=\"text-align: center;\"><a href=\"http:\/\/www.korhanyilmaz.com\/wp-content\/uploads\/2011\/04\/056.jpg\"  class=\"lightview\"><img loading=\"lazy\" decoding=\"async\" class=\"aligncenter size-full wp-image-31232\" src=\"http:\/\/www.korhanyilmaz.com\/wp-content\/uploads\/2011\/04\/056.jpg\" alt=\"\" width=\"448\" height=\"231\" \/><\/a><\/p>\n<p style=\"text-align: justify;\"><strong>&#8221;AR DAMARI \u00c7ATLAMI\u015e B\u0130R ADAM \u0130ST\u0130FA EDER M\u0130?&#8221;<\/strong><\/p>\n<p style=\"text-align: justify;\">K\u0131l\u0131\u00e7daro\u011flu, &#8221;YGS&#8217;de \u015fifre&#8221; iddialar\u0131na dikkati \u00e7ekerek, gen\u00e7lerin &#8221;bizim \u015fifre hakk\u0131m\u0131z yok mu&#8221; dediklerini s\u00f6yledi. Bunun g\u00fclerek s\u00f6ylendi\u011fini, ancak 1 milyon 700 bin gencin hayalini k\u0131rman\u0131n, umutlar\u0131yla oynaman\u0131n, hi\u00e7 kimsenin elinde olmamas\u0131 gerekti\u011fini belirten K\u0131l\u0131\u00e7daro\u011flu, \u015f\u00f6yle konu\u015ftu:<\/p>\n<p style=\"text-align: justify;\">&#8221;\u00c7ocuklar\u0131m\u0131z\u0131 al\u0131yoruz, yemeyip yediriyoruz, i\u00e7meyip i\u00e7iriyoruz, giymeyip giydiriyoruz. Dershanelere g\u00f6nderiyoruz, bizden daha iyi yeti\u015fsinler, okusunlar, i\u015f g\u00fc\u00e7 sahibi olsunlar, kimseye muhta\u00e7 olmas\u0131nlar diye. Yapt\u0131k g\u00f6nderdik, dedik ki &#8216;gidin s\u0131navlara girin.&#8217; Bir bakt\u0131k s\u0131navlar \u015fifreli. \u00d6nce &#8216;yok&#8217; dediler. &#8216;Zinhar b\u00f6yle bir \u015fey yok.&#8217; Arkadan, &#8216;ya var ama galiba sehven olmu\u015f&#8217; dediler. Onu da ge\u00e7ti &#8216;ya var ama ne yapal\u0131m bir sefer oldu.&#8217; Bunu s\u00f6yleyen ki\u015fi, 1 milyon 700 bin gencin umutlar\u0131yla oynayan ki\u015fi. 1 milyon 700 bin aile demek. Bu ailelerin gelece\u011fiyle, umutlar\u0131yla, \u00e7ocuklar\u0131yla oynayan ki\u015fi, o koltu\u011funda oturabilir mi? O koltukta oturmal\u0131 m\u0131? \u0130stifa etmesi laz\u0131m de\u011fil mi? Peki istifa eder mi? Siz de biliyorsunuz yan\u0131t\u0131n\u0131, ben de biliyorum. Niye istifa etmez? Ar damar\u0131 \u00e7atlam\u0131\u015f bir adam istifa eder mi? Hala oturuyorsun o koltukta, 1 milyon 700 bin \u00e7ocu\u011fun g\u00fcnah\u0131n\u0131 ta\u015f\u0131yorsun omuzlar\u0131nda. Peki bir b\u00fcrokrat niye istifa etmez? \u00c7\u00fcnk\u00fc arkas\u0131nda siyasi g\u00fc\u00e7 var, \u00e7\u00fcnk\u00fc arkas\u0131nda birileri onu destekliyor, birileri s\u0131rt\u0131n\u0131 s\u0131vazl\u0131yor. E\u011fer onun ar damar\u0131 \u00e7atlam\u0131\u015fsa ona destek verenlerin de ar damar\u0131 \u00e7atlam\u0131\u015f demektir. Onun i\u00e7in diyorum, halk\u0131n iktidar\u0131nda ilk d\u00f6rt ayda siyasi ahlak yasas\u0131 \u00e7\u0131karaca\u011f\u0131z. Bu memlekette art\u0131k siyasette de ahlak olmal\u0131. Ahlaks\u0131zlar\u0131n, yolsuzluk yapanlar\u0131n, t\u00fcy\u00fc bitmemi\u015f yetimin hakk\u0131n\u0131 yiyenlerin hesab\u0131n\u0131 soraca\u011f\u0131z.&#8221;<\/p>\n<p style=\"text-align: justify;\"><strong>&#8220;Y\u00dcREKL\u0130YSEN \u00c7IKAR BAKALIM&#8221;<\/strong><\/p>\n<p style=\"text-align: justify;\">K\u0131l\u0131\u00e7daro\u011flu, 1 milyon 700 bin gencin s\u0131nav sonu\u00e7lar\u0131 a\u00e7\u0131kland\u0131\u011f\u0131nda s\u00f6yleyecekleri c\u00fcmlenin &#8216;hakk\u0131m\u0131z yendi&#8217; olaca\u011f\u0131n\u0131 ifade ederek, \u015funlar\u0131 s\u00f6yledi:<\/p>\n<p style=\"text-align: justify;\">&#8221;Hakk\u0131 yenen gen\u00e7ler itiraz ediyorlar, y\u00fcr\u00fcy\u00fc\u015f yap\u0131yorlar, kimseye ta\u015fk\u0131nl\u0131k yapm\u0131yorlar; ta\u015f atm\u0131yorlar, ellerinde sopa yok, sadece haklar\u0131n\u0131 ar\u0131yorlar. Birisi \u00e7\u0131km\u0131\u015f &#8216;siz y\u00fcr\u00fcyorsunuz ben de sizin kar\u015f\u0131n\u0131za 5-10 bin gen\u00e7 \u00e7\u0131kar\u0131r\u0131m&#8217; diyor. Y\u00fcrekliysen \u00e7\u0131kar bakal\u0131m. Kimi \u00e7\u0131karacaks\u0131n sen? Bunlar\u0131n zihniyeti, karde\u015fi karde\u015fe d\u00fc\u015fman etmek zihniyetidir. Bunlar\u0131n zihniyeti, halk\u0131 de\u011fil, ceplerini d\u00fc\u015f\u00fcnme zihniyetidir. Bunlar\u0131n zihniyeti, 1 milyon 700 bin gencimizin, \u00e7ocu\u011fumuzun umutlar\u0131yla oynama zihniyetidir. Bunu unutmay\u0131n. Gitti\u011finiz her yerde anlat\u0131n. Kahvehanede de, k\u0131rda da, toplant\u0131larda da, sokakta da, caddede de, al\u0131\u015fveri\u015f yaparken de anlat\u0131n. Bunlar\u0131n y\u00fcz\u00fc bu.&#8221;<\/p>\n<p style=\"text-align: justify;\"><a href=\"http:\/\/www.gazeteport.com.tr\/SIYASET\/NEWS\/GP_895730\" target=\"_blank\">Kaynak : GAZETEPORT<\/a><\/p>\n","protected":false},"excerpt":{"rendered":"<p style=\"text-align: center;\">\n<p style=\"text-align: justify;\">Ba\u015fbakan Erdo\u011fan&#8217;\u0131n \u00e7\u0131lg\u0131n projesini ele\u015ftiren CHP lideri K\u0131l\u0131\u00e7daro\u011flu, Edirne&#8217;de zehir sa\u00e7an Ergene Nehri&#8217;ni temizleyecekleri s\u00f6z\u00fc verirken, AK Partili y\u00f6neticiler i\u00e7in de &#8220;hergele&#8221; dedi&#8230;<\/p>\n<p style=\"text-align: justify;\">BALIKES\u0130R &#8211; CHP Genel Ba\u015fkan\u0131 Kemal K\u0131l\u0131\u00e7daro\u011flu, miting i\u00e7in geldi\u011fi Bal\u0131kesir&#8217;de, &#8220;Biz de \u00e7\u0131lg\u0131n projeler yok, adam gibi, yere aya\u011f\u0131 basan projeler var&#8221; dedi. <\/p>\n","protected":false},"author":1,"featured_media":0,"comment_status":"open","ping_status":"closed","sticky":false,"template":"","format":"standard","meta":{"footnotes":""},"categories":[105],"tags":[],"class_list":["post-31230","post","type-post","status-publish","format-standard","hentry","category-gundem","odd"],"_links":{"self":[{"href":"http:\/\/www.korhanyilmaz.com\/index.php?rest_route=\/wp\/v2\/posts\/31230","targetHints":{"allow":["GET"]}}],"collection":[{"href":"http:\/\/www.korhanyilmaz.com\/index.php?rest_route=\/wp\/v2\/posts"}],"about":[{"href":"http:\/\/www.korhanyilmaz.com\/index.php?rest_route=\/wp\/v2\/types\/post"}],"author":[{"embeddable":true,"href":"http:\/\/www.korhanyilmaz.com\/index.php?rest_route=\/wp\/v2\/users\/1"}],"replies":[{"embeddable":true,"href":"http:\/\/www.korhanyilmaz.com\/index.php?rest_route=%2Fwp%2Fv2%2Fcomments&post=31230"}],"version-history":[{"count":0,"href":"http:\/\/www.korhanyilmaz.com\/index.php?rest_route=\/wp\/v2\/posts\/31230\/revisions"}],"wp:attachment":[{"href":"http:\/\/www.korhanyilmaz.com\/index.php?rest_route=%2Fwp%2Fv2%2Fmedia&parent=31230"}],"wp:term":[{"taxonomy":"category","embeddable":true,"href":"http:\/\/www.korhanyilmaz.com\/index.php?rest_route=%2Fwp%2Fv2%2Fcategories&post=31230"},{"taxonomy":"post_tag","embeddable":true,"href":"http:\/\/www.korhanyilmaz.com\/index.php?rest_route=%2Fwp%2Fv2%2Ftags&post=31230"}],"curies":[{"name":"wp","href":"https:\/\/api.w.org\/{rel}","templated":true}]}}