{"id":31210,"date":"2011-04-28T12:29:51","date_gmt":"2011-04-28T09:29:51","guid":{"rendered":"http:\/\/www.korhanyilmaz.com\/?p=31210"},"modified":"2011-04-28T12:29:51","modified_gmt":"2011-04-28T09:29:51","slug":"balyozda-cilgin-deliller","status":"publish","type":"post","link":"http:\/\/www.korhanyilmaz.com\/?p=31210","title":{"rendered":"Balyoz&#8217;da &#8220;\u00e7\u0131lg\u0131n&#8221; deliller!"},"content":{"rendered":"<p style=\"text-align: justify;\"><a href=\"http:\/\/www.korhanyilmaz.com\/wp-content\/uploads\/2011\/04\/053.jpg\"  class=\"lightview\"><img loading=\"lazy\" decoding=\"async\" class=\"aligncenter size-full wp-image-31211\" title=\"\" src=\"http:\/\/www.korhanyilmaz.com\/wp-content\/uploads\/2011\/04\/053.jpg\" alt=\"\" width=\"292\" height=\"189\" \/><\/a><\/p>\n<p style=\"text-align: justify;\">&#8216;Balyoz Plan\u0131&#8217; davas\u0131nda yarg\u0131lanan tutuklu san\u0131k Hava Albay Cengiz K\u00f6yl\u00fc s\u00f6z alarak, eski Hava Kuvvetleri Komutan\u0131 emekli Orgeneral Halil \u0130brahim F\u0131rt\u0131na&#8217;ya 15 sorusu oldu\u011funu s\u00f6yledi. &#8220;\u00c7\u0131lg\u0131n proje&#8221;ye at\u0131fta bulunan K\u00f6yl\u00fc, &#8220;Taleplerin al\u0131naca\u011f\u0131 cuma g\u00fcnk\u00fc duru\u015fmada &#8216;\u00e7\u0131lg\u0131n delillerim&#8217; var. Hepsini a\u00e7\u0131klayaca\u011f\u0131m&#8221; dedi. <!--more--><\/p>\n<p style=\"text-align: justify;\">(DHA) &#8212; 196 emekli ve muvazzaf askerin yarg\u0131land\u0131\u011f\u0131 davan\u0131n 24. duru\u015fmas\u0131 g\u00f6r\u00fclmeye ba\u015fland\u0131.<\/p>\n<p style=\"text-align: justify;\">\u0130stanbul 10. A\u011f\u0131r Ceza Mahkemesi&#8217;nce Silivri Ceza \u0130nfaz Kurumlar\u0131 Yerle\u015fkesi&#8217;ndeki salonda yap\u0131lan duru\u015fmaya Mahkeme Ba\u015fkan\u0131 \u00d6mer Diken mazeret bildirerek kat\u0131lmad\u0131. Duru\u015fmada heyete hakim Ali Al\u00e7\u0131k ba\u015fkanl\u0131k ediyor.<\/p>\n<p style=\"text-align: justify;\"><strong>F\u0131rt\u0131na&#8217;n\u0131n \u00e7apraz sorgusu<\/strong><\/p>\n<p style=\"text-align: justify;\">Duru\u015fmada tutuklu san\u0131k eski Hava Kuvvetleri Komutan\u0131 emekli Orgeneral Halil \u0130brahim F\u0131rt\u0131na&#8217;n\u0131n \u00e7apraz sorgusuna ge\u00e7ildi.<\/p>\n<p style=\"text-align: justify;\">\u00c7apraz sorguda ilk olarak tutuklu san\u0131k Hava Albay Cengiz K\u00f6yl\u00fc s\u00f6z ald\u0131.<\/p>\n<p style=\"text-align: justify;\">K\u00f6yl\u00fc, \u0130stanbul Emniyet M\u00fcd\u00fcrl\u00fc\u011f\u00fc&#8217;nden mahkemeye yeni delil oldu\u011fu iddias\u0131yla g\u00f6nderilen belgelerle ilgili \u00e7arp\u0131c\u0131 bir iddiada bulundu.<\/p>\n<p style=\"text-align: justify;\">K\u00f6yl\u00fc, &#8220;Eski\u015fehir&#8217;de bulundu\u011fu iddia edilen bu dijital belgeler aras\u0131nda Nisan 2003 tarihinde haz\u0131rland\u0131\u011f\u0131 iddia edilen bir bilgi notunun ekinde yer alan Kanun tasar\u0131 tasla\u011f\u0131 bulunmaktad\u0131r. Bu &#8216;Kanun Tasar\u0131 Tasla\u011f\u0131&#8217; isimli belge, polis teknik tespitlerine g\u00f6re 3 Nisan 2003 tarihinde olu\u015fturulmu\u015f ve son olarak 5 Nisan 2003 tarihinde kaydedilmi\u015ftir. Ancak teklife konu bu 926 say\u0131l\u0131 TSK Personel kanunun 49. maddesinin mevcut halinin 2003 y\u0131l\u0131 de\u011fil, 2005 y\u0131l\u0131 sonras\u0131ndaki bir tarihe ait oldu\u011fu anla\u015f\u0131lmaktad\u0131r&#8221; dedi.<\/p>\n<p style=\"text-align: justify;\">Bu s\u00f6zler \u00fczerine salonda san\u0131klar tepki g\u00f6sterdi.<\/p>\n<p style=\"text-align: justify;\">Mahkeme Ba\u015fkan\u0131 san\u0131klar\u0131 uyararak, &#8220;Bu mahkemeye kar\u015f\u0131 bir sayg\u0131s\u0131zl\u0131kt\u0131r&#8221; diye konu\u015ftu.<\/p>\n<p style=\"text-align: justify;\"><strong>&#8220;\u00c7\u0131lg\u0131n deliller&#8221;<\/strong><\/p>\n<p style=\"text-align: justify;\">F\u0131rt\u0131na&#8217;ya yine Eski\u015fehir belgeleriyle ilgili 15 sorusu oldu\u011funu s\u00f6yleyen K\u00f6yl\u00fc, Ba\u015fbakan&#8217;\u0131n d\u00fcn a\u00e7\u0131klad\u0131\u011f\u0131 &#8220;\u00c7\u0131lg\u0131n Proje&#8221;ye at\u0131fta bulunarak, &#8220;Zaman yetersiz oldu\u011fu i\u00e7in hepsini sormayaca\u011f\u0131m. Ancak taleplerin al\u0131naca\u011f\u0131 cuma g\u00fcnk\u00fc duru\u015fmada &#8216;\u00e7\u0131lg\u0131n delillerim&#8217; var. Hepsini a\u00e7\u0131klayaca\u011f\u0131m&#8221; dedi.<\/p>\n<p style=\"text-align: justify;\">K\u00f6yl\u00fc&#8217;n\u00fcn bu s\u00f6zleri salonda g\u00fcl\u00fc\u015fmelere neden oldu.<\/p>\n<p style=\"text-align: justify;\"><strong>&#8220;\u00c7\u0131ld\u0131raca\u011f\u0131m art\u0131k&#8221;<\/strong><\/p>\n<p style=\"text-align: justify;\">Eski\u015fehir&#8217;de bulundu\u011fu iddia edilen belgelerle ilgili olarak &#8220;Bunu bekliyordum&#8221; diyen F\u0131rt\u0131na&#8217;n\u0131n &#8220;Daha savunmam\u0131 bitirmeden eksiklikler oldu\u011funu d\u00fc\u015f\u00fcnd\u00fcler ki tamamlama zorunlulu\u011fu hissettiler&#8221; demesi salonda tekrar g\u00fcl\u00fc\u015fmelere neden oldu.<\/p>\n<p style=\"text-align: justify;\">F\u0131rt\u0131na&#8217;n\u0131n aya\u011fa kalkarak konu\u015ftu\u011fu g\u00f6r\u00fcld\u00fc.<\/p>\n<p style=\"text-align: justify;\">Duru\u015fmada s\u00f6z alan eski Deniz Kuvvetleri Komutan\u0131 \u00d6zden \u00d6rnek ise yeni belgelerle ilgili polisin de\u011ferlendirme yaz\u0131s\u0131nda kendisini de su\u00e7layan ifadeler oldu\u011funa dikkat \u00e7ekti ve &#8220;Bunu yazan bir polis.. Bir savc\u0131n\u0131n bu hukuki s\u00fcrece katk\u0131da bulunmas\u0131 gerekmez miydi&#8221; dedi.<\/p>\n<p style=\"text-align: justify;\">\u00dcye hakim Murat \u00dcr\u00fcnd\u00fc&#8217;n\u00fcn Eski\u015fehir&#8217;de bulundu\u011fu iddia edilen belgeleri inceleyip incelemedi\u011fini sormas\u0131 \u00fczerine F\u0131rt\u0131na, &#8220;Biz bu \u00fclkeye hizmet ettik bizim kellemizi almak istiyorlar. Art\u0131k kim almak istiyorsa&#8230; Ger\u00e7ek budur&#8221; diye konu\u015ftu.<\/p>\n<p style=\"text-align: justify;\">F\u0131rt\u0131na bu s\u00f6zlerin ard\u0131ndan y\u00fcksek bir sesle &#8220;\u00c7\u0131ld\u0131raca\u011f\u0131m art\u0131k&#8221; diye ba\u011f\u0131rd\u0131.<\/p>\n<p style=\"text-align: justify;\"><strong>DAVADA K\u0130MLER YARGILANIYOR?<\/strong><\/p>\n<p style=\"text-align: justify;\">Dava kapsam\u0131nda, eski Hava Kuvvetleri Komutan\u0131 emekli Orgeneral Halil \u0130brahim F\u0131rt\u0131na, eski Deniz Kuvvetleri Komutan\u0131 emekli Oramiral \u00d6zden \u00d6rnek, eski 1. Ordu Komutan\u0131 emekli Orgeneral \u00c7etin Do\u011fan ile Genelkurmay Muhabere ve Elektronik Bilgi Sistemleri (MEBS) Ba\u015fkan\u0131 Koramiral Kadir Sa\u011fd\u0131\u00e7, Kuzey Deniz Saha Komutan\u0131 Koramiral Mehmet Otuzbiro\u011flu ve Albay Dursun \u00c7i\u00e7ek&#8217;in de aralar\u0131nda bulundu\u011fu 196 san\u0131k yarg\u0131lan\u0131yor.<\/p>\n<p style=\"text-align: justify;\"><a href=\"http:\/\/www.cnnturk.com\/2011\/turkiye\/04\/28\/balyozda.cilgin.deliller\/614814.0\/index.html\" target=\"_blank\">Kaynak : CNN T\u00dcRK<\/a><\/p>\n","protected":false},"excerpt":{"rendered":"<p style=\"text-align: justify;\">\n<p style=\"text-align: justify;\">&#8216;Balyoz Plan\u0131&#8217; davas\u0131nda yarg\u0131lanan tutuklu san\u0131k Hava Albay Cengiz K\u00f6yl\u00fc s\u00f6z alarak, eski Hava Kuvvetleri Komutan\u0131 emekli Orgeneral Halil \u0130brahim F\u0131rt\u0131na&#8217;ya 15 sorusu oldu\u011funu s\u00f6yledi. &#8220;\u00c7\u0131lg\u0131n proje&#8221;ye at\u0131fta bulunan K\u00f6yl\u00fc, &#8220;Taleplerin al\u0131naca\u011f\u0131 cuma g\u00fcnk\u00fc duru\u015fmada &#8216;\u00e7\u0131lg\u0131n delillerim&#8217; var. Hepsini a\u00e7\u0131klayaca\u011f\u0131m&#8221; dedi. <\/p>\n","protected":false},"author":1,"featured_media":0,"comment_status":"open","ping_status":"closed","sticky":false,"template":"","format":"standard","meta":{"footnotes":""},"categories":[105],"tags":[],"class_list":["post-31210","post","type-post","status-publish","format-standard","hentry","category-gundem","odd"],"_links":{"self":[{"href":"http:\/\/www.korhanyilmaz.com\/index.php?rest_route=\/wp\/v2\/posts\/31210","targetHints":{"allow":["GET"]}}],"collection":[{"href":"http:\/\/www.korhanyilmaz.com\/index.php?rest_route=\/wp\/v2\/posts"}],"about":[{"href":"http:\/\/www.korhanyilmaz.com\/index.php?rest_route=\/wp\/v2\/types\/post"}],"author":[{"embeddable":true,"href":"http:\/\/www.korhanyilmaz.com\/index.php?rest_route=\/wp\/v2\/users\/1"}],"replies":[{"embeddable":true,"href":"http:\/\/www.korhanyilmaz.com\/index.php?rest_route=%2Fwp%2Fv2%2Fcomments&post=31210"}],"version-history":[{"count":0,"href":"http:\/\/www.korhanyilmaz.com\/index.php?rest_route=\/wp\/v2\/posts\/31210\/revisions"}],"wp:attachment":[{"href":"http:\/\/www.korhanyilmaz.com\/index.php?rest_route=%2Fwp%2Fv2%2Fmedia&parent=31210"}],"wp:term":[{"taxonomy":"category","embeddable":true,"href":"http:\/\/www.korhanyilmaz.com\/index.php?rest_route=%2Fwp%2Fv2%2Fcategories&post=31210"},{"taxonomy":"post_tag","embeddable":true,"href":"http:\/\/www.korhanyilmaz.com\/index.php?rest_route=%2Fwp%2Fv2%2Ftags&post=31210"}],"curies":[{"name":"wp","href":"https:\/\/api.w.org\/{rel}","templated":true}]}}