{"id":31193,"date":"2011-04-28T00:09:51","date_gmt":"2011-04-27T21:09:51","guid":{"rendered":"http:\/\/www.korhanyilmaz.com\/?p=31193"},"modified":"2011-04-28T00:09:51","modified_gmt":"2011-04-27T21:09:51","slug":"en-kritik-gorev-icin-secim-bugun","status":"publish","type":"post","link":"http:\/\/www.korhanyilmaz.com\/?p=31193","title":{"rendered":"En kritik g\u00f6rev i\u00e7in se\u00e7im bug\u00fcn"},"content":{"rendered":"<p style=\"text-align: justify;\"><a href=\"http:\/\/www.korhanyilmaz.com\/wp-content\/uploads\/2011\/04\/0511.jpg\"  class=\"lightview\"><img loading=\"lazy\" decoding=\"async\" class=\"aligncenter size-full wp-image-31199\" title=\"\" src=\"http:\/\/www.korhanyilmaz.com\/wp-content\/uploads\/2011\/04\/0511.jpg\" alt=\"\" width=\"320\" height=\"100\" \/><\/a><\/p>\n<p style=\"text-align: justify;\">AKP&#8217;ye y\u00f6nelik kapatma davas\u0131 a\u00e7an Yarg\u0131tay Cumhuriyet Ba\u015fsavc\u0131s\u0131 Yal\u00e7\u0131nkaya emekli olacak.<\/p>\n<p style=\"text-align: justify;\">\u0130ktidar partisi hakk\u0131nda kapatma davas\u0131 a\u00e7an ve t\u00fcrban konusunda AKP\u2019ye y\u00f6nelik sert a\u00e7\u0131klamalar yapan Yarg\u0131tay Ba\u015fsavc\u0131s\u0131 Yal\u00e7\u0131nkaya\u2019n\u0131n yerine gelecek isim i\u00e7in bug\u00fcn Yarg\u0131tay\u2019da \u201caday se\u00e7imi\u201d yap\u0131lacak. <!--more--><\/p>\n<p style=\"text-align: justify;\">ANKARA &#8211; Yarg\u0131tay Ba\u015fsavc\u0131s\u0131 Abdurrahman Yal\u00e7\u0131nkaya\u2019n\u0131n g\u00f6rev s\u00fcresi doluyor. Yarg\u0131tay\u2019da bug\u00fcn yap\u0131lacak se\u00e7im sonunda belirlenecek 3 adaydan biri Cumhurba\u015fkan\u0131 G\u00fcl taraf\u0131ndan Yarg\u0131tay Ba\u015fsavc\u0131s\u0131 olarak atanacak. Se\u00e7imde, Yarg\u0131tay\u2019a yeni se\u00e7ilen 160 \u00fcyenin oylar\u0131n\u0131n belirleyici olmas\u0131 bekleniyor.<\/p>\n<p style=\"text-align: justify;\">Yal\u00e7\u0131nkaya \u2019n\u0131n yerine Yarg\u0131tay B\u00fcy\u00fck Genel Kurulu\u2019nda aday belirleme se\u00e7imi bug\u00fcn yap\u0131lacak. Yarg\u0131tay Kanunu, Yarg\u0131tay B\u00fcy\u00fck Genel Kurulu\u2019nun ba\u015fsavc\u0131 adaylar\u0131n\u0131 belirlemek i\u00e7in, ba\u015fsavc\u0131n\u0131n 4 y\u0131ll\u0131k g\u00f6rev s\u00fcresinin dolaca\u011f\u0131 tarihten \u201cen az 20 g\u00fcn \u00f6nce\u201d se\u00e7im yap\u0131lmas\u0131n\u0131 \u00f6ng\u00f6r\u00fcyor. Se\u00e7imde en \u00e7ok oyu alan be\u015f \u00fcye, ba\u015fsavc\u0131 aday\u0131 g\u00f6sterilmi\u015f olacak. Oylama sonucu, liste halinde Yarg\u0131tay Birinci Ba\u015fkanl\u0131\u011f\u0131\u2019nca Cumhurba\u015fkan\u0131 G\u00fcl\u2019e 5 \u00fcyenin ismi sunulacak. G\u00fcl, 15 g\u00fcn i\u00e7inde adaylardan birini Yarg\u0131tay Cumhuriyet Ba\u015fsavc\u0131s\u0131 se\u00e7ecek. Yeni se\u00e7ilecek Ba\u015fsavc\u0131, ya\u015f haddinden emekliye ayr\u0131lmazsa, 4 y\u0131l g\u00f6rev yapacak. Ba\u015fsavc\u0131l\u0131k i\u00e7in \u015fu ana kadar Yarg\u0131tay 3. Ceza Dairesi \u00fcyeleri Erdal G\u00f6k\u00e7en, Hakk\u0131 Manav, Yarg\u0131tay 6. Ceza Dairesi Ba\u015fkan\u0131 Celal Altunkaynak ve Yarg\u0131tay 6. Ceza Dairesi \u00dcyesi Hasan Erbil aday olduklar\u0131n\u0131 bildirdi. Ancak Yarg\u0131tay \u00fcyeleri, adayl\u0131\u011f\u0131n\u0131 a\u00e7\u0131klamayan \u00fcyelere de oy verebilecekler.<\/p>\n<p style=\"text-align: justify;\"><strong>\u00c7i\u00e7ek\u2019in m\u00fcste\u015far aday\u0131yd\u0131<\/strong><\/p>\n<p style=\"text-align: justify;\">Ba\u015fsavc\u0131l\u0131k i\u00e7in yarg\u0131da etkili konumlarda bulunmu\u015f isimlerin yar\u0131\u015facak olmas\u0131 dikkat \u00e7ekiyor. Adaylardan Hakk\u0131 Manav, Adalet Bakanl\u0131\u011f\u0131\u2019n\u0131n M\u00fcste\u015far yard\u0131mc\u0131l\u0131\u011f\u0131 ve ba\u015fm\u00fcfetti\u015flik ba\u015fta olmak \u00fczere \u00e7e\u015fitli kademelerinde uzun s\u00fcre g\u00f6rev yapm\u0131\u015ft\u0131. Manav\u2019\u0131n ismi, Cemil \u00c7i\u00e7ek\u2019in Adalet Bakan\u0131 oldu\u011fu d\u00f6nemde bakanl\u0131k m\u00fcste\u015farl\u0131\u011f\u0131 i\u00e7in ge\u00e7mi\u015f ancak d\u00f6nemin Cumhurba\u015fkan\u0131 Ahmet Necdet Sezer\u2019in kararnameyi imzalamad\u0131\u011f\u0131 iddia edilmi\u015fti.<\/p>\n<p style=\"text-align: justify;\"><strong>Susurluk\u2019ta g\u00f6rev yapm\u0131\u015ft\u0131<\/strong><\/p>\n<p style=\"text-align: justify;\">Erdal G\u00f6k\u00e7en \u0130stanbul DGM Ba\u015fsavc\u0131s\u0131 olarak g\u00f6rev yapm\u0131\u015ft\u0131. 2000\u2019de Yarg\u0131tay \u00fcyeli\u011fine se\u00e7ilen G\u00f6k\u00e7en, \u0130stanbul\u2019da g\u00f6rev yapt\u0131\u011f\u0131 d\u00f6nemde Susurluk soru\u015fturmas\u0131n\u0131n \u00e7e\u015fitli a\u015famalar\u0131nda da g\u00f6rev yapm\u0131\u015ft\u0131.<\/p>\n<p style=\"text-align: justify;\"><strong>Eski HSYK Ba\u015fkanvekili<\/strong><\/p>\n<p style=\"text-align: justify;\">Bir s\u00fcre \u00f6nce istifa eden Kadir \u00d6zbek\u2019ten \u00f6nce, HSYK\u2019n\u0131n ba\u015fkanvekilli\u011fini yapan Altunkaynak, h\u00fck\u00fcmet ile yarg\u0131 aras\u0131nda ya\u015fanan krizlerde kilit rol oynam\u0131\u015ft\u0131. \u00c7i\u00e7ek\u2019in Adalet Bakan\u0131 oldu\u011fu d\u00f6nemde ya\u015fanan atama krizinin taraflar\u0131ndan olan Altunkaynak, Van Savc\u0131s\u0131 Sar\u0131kaya\u2019n\u0131n \u015eemdinli iddianamesi nedeniyle meslekten ihra\u00e7 edildi\u011fi d\u00f6nemde HSYK Ba\u015fkanvekili idi.<\/p>\n<p style=\"text-align: justify;\"><strong>Eski YSK \u00fcyesi<\/strong><\/p>\n<p style=\"text-align: justify;\">Yarg\u0131tay 6. Ceza Dairesi \u00fcyesi Hasan Erbil ise Erzurum Ba\u015fsavc\u0131l\u0131\u011f\u0131 g\u00f6revini y\u00fcr\u00fct\u00fcrken Yarg\u0131tay\u2019a se\u00e7ilmi\u015fti. Erbil, \u00f6nceki se\u00e7im d\u00f6neminde, Yarg\u0131tay kontenjan\u0131ndan Y\u00fcksek Se\u00e7im Kurulu \u00fcyeli\u011fi yapm\u0131\u015ft\u0131.<\/p>\n<p style=\"text-align: justify;\"><strong>YAL\u00c7INKAYA BA\u015eKAN ADAYI OLUR MU?<\/strong><\/p>\n<p style=\"text-align: justify;\">21 May\u0131s 2007\u2019de ba\u015fsavc\u0131l\u0131\u011fa se\u00e7ilen Yal\u00e7\u0131nkaya\u2019n\u0131n ya\u015f haddinden emekliye ayr\u0131lmas\u0131 i\u00e7in 4 y\u0131l\u0131 bulunuyor. Bu y\u00fczden Haziran ay\u0131nda yap\u0131lacak Yarg\u0131tay Ba\u015fkanl\u0131\u011f\u0131 se\u00e7iminde aday olabilece\u011fi, se\u00e7ilememesi halinde emeklili\u011fini isteyebilece\u011fi belirtiliyor.<\/p>\n<p style=\"text-align: justify;\"><span style=\"color: #888888;\">Kaynak : Kemal G\u00f6kta\u015f &#8211; VATAN Gazetesi<\/span><\/p>\n","protected":false},"excerpt":{"rendered":"<p style=\"text-align: justify;\">\n<p style=\"text-align: justify;\">AKP&#8217;ye y\u00f6nelik kapatma davas\u0131 a\u00e7an Yarg\u0131tay Cumhuriyet Ba\u015fsavc\u0131s\u0131 Yal\u00e7\u0131nkaya emekli olacak.<\/p>\n<p style=\"text-align: justify;\">\u0130ktidar partisi hakk\u0131nda kapatma davas\u0131 a\u00e7an ve t\u00fcrban konusunda AKP\u2019ye y\u00f6nelik sert a\u00e7\u0131klamalar yapan Yarg\u0131tay Ba\u015fsavc\u0131s\u0131 Yal\u00e7\u0131nkaya\u2019n\u0131n yerine gelecek isim i\u00e7in bug\u00fcn Yarg\u0131tay\u2019da \u201caday se\u00e7imi\u201d yap\u0131lacak. <\/p>\n","protected":false},"author":1,"featured_media":0,"comment_status":"open","ping_status":"closed","sticky":false,"template":"","format":"standard","meta":{"footnotes":""},"categories":[105],"tags":[],"class_list":["post-31193","post","type-post","status-publish","format-standard","hentry","category-gundem","odd"],"_links":{"self":[{"href":"http:\/\/www.korhanyilmaz.com\/index.php?rest_route=\/wp\/v2\/posts\/31193","targetHints":{"allow":["GET"]}}],"collection":[{"href":"http:\/\/www.korhanyilmaz.com\/index.php?rest_route=\/wp\/v2\/posts"}],"about":[{"href":"http:\/\/www.korhanyilmaz.com\/index.php?rest_route=\/wp\/v2\/types\/post"}],"author":[{"embeddable":true,"href":"http:\/\/www.korhanyilmaz.com\/index.php?rest_route=\/wp\/v2\/users\/1"}],"replies":[{"embeddable":true,"href":"http:\/\/www.korhanyilmaz.com\/index.php?rest_route=%2Fwp%2Fv2%2Fcomments&post=31193"}],"version-history":[{"count":0,"href":"http:\/\/www.korhanyilmaz.com\/index.php?rest_route=\/wp\/v2\/posts\/31193\/revisions"}],"wp:attachment":[{"href":"http:\/\/www.korhanyilmaz.com\/index.php?rest_route=%2Fwp%2Fv2%2Fmedia&parent=31193"}],"wp:term":[{"taxonomy":"category","embeddable":true,"href":"http:\/\/www.korhanyilmaz.com\/index.php?rest_route=%2Fwp%2Fv2%2Fcategories&post=31193"},{"taxonomy":"post_tag","embeddable":true,"href":"http:\/\/www.korhanyilmaz.com\/index.php?rest_route=%2Fwp%2Fv2%2Ftags&post=31193"}],"curies":[{"name":"wp","href":"https:\/\/api.w.org\/{rel}","templated":true}]}}