{"id":31185,"date":"2011-04-27T20:22:08","date_gmt":"2011-04-27T17:22:08","guid":{"rendered":"http:\/\/www.korhanyilmaz.com\/?p=31185"},"modified":"2011-04-27T20:22:08","modified_gmt":"2011-04-27T17:22:08","slug":"vecdi-gonul-tskya-hucum-edilmemeli","status":"publish","type":"post","link":"http:\/\/www.korhanyilmaz.com\/?p=31185","title":{"rendered":"Vecdi G\u00f6n\u00fcl: TSK&#8217;ya h\u00fccum edilmemeli"},"content":{"rendered":"<div id=\"attachment_31186\" style=\"width: 409px\" class=\"wp-caption aligncenter\"><a title=\"Milli Savunma Bakan\u0131 Vecdi G\u00f6n\u00fcl\" href=\"http:\/\/www.korhanyilmaz.com\/wp-content\/uploads\/2011\/04\/050.jpg\"  class=\"lightview\"><img loading=\"lazy\" decoding=\"async\" aria-describedby=\"caption-attachment-31186\" class=\"size-full wp-image-31186\" title=\"Milli Savunma Bakan\u0131 Vecdi G\u00f6n\u00fcl\" src=\"http:\/\/www.korhanyilmaz.com\/wp-content\/uploads\/2011\/04\/050.jpg\" alt=\"\" width=\"399\" height=\"226\" \/><\/a><p id=\"caption-attachment-31186\" class=\"wp-caption-text\">Milli Savunma Bakan\u0131 Vecdi G\u00f6n\u00fcl<\/p><\/div>\n<p style=\"text-align: justify;\">Milli Savunma Bakan\u0131 Vecdi G\u00f6n\u00fcl, devam eden baz\u0131 davalarda tutuklu bulunan komutanlarla ilgili bir soru \u00fczerine konu\u015ftu: TSK\u2019ya h\u00fccum edildi\u011fini g\u00f6r\u00fcyoruz ve bu yanl\u0131\u015f. Bizim bir tane silahl\u0131 kuvvetlerimiz var&#8230;<\/p>\n<p style=\"text-align: justify;\">ANKARA &#8211; 8.5 y\u0131ld\u0131r Milli Savunma Bakanl\u0131\u011f\u0131 g\u00f6revinde bulunan ve bu s\u00fcre boyunca hi\u00e7 canl\u0131 yay\u0131na kat\u0131lmayan Vecdi G\u00f6n\u00fcl, yakla\u015fan se\u00e7imler \u00f6ncesi sessizli\u011fini NTV\u2019de bozdu. <!--more--><\/p>\n<p style=\"text-align: justify;\">NTV Ankara Temsilcisi Nilg\u00fcn Balka\u00e7\u2019\u0131n konu\u011fu olan G\u00f6n\u00fcl&#8217;e, &#8220;\u015eu anda TSK&#8217;n\u0131n general ve amiral mevcudunun neredeyse y\u00fczde 10\u2019u tutuklu. Bunun ter\u00f6rle m\u00fccadelede zaafiyet yarataca\u011f\u0131, askerde \u00e7ekince ve kayg\u0131 olabilece\u011fi yorumlar\u0131 yap\u0131l\u0131yor, ne dersiniz?&#8221; sorusu y\u00f6neltildi.<\/p>\n<p style=\"text-align: justify;\">Ki\u015filerle kurumlar\u0131 kar\u0131\u015ft\u0131rmamak gerekti\u011fini, hata yapanlar varsa hesab\u0131n\u0131 vereceklerini s\u00f6yleyen G\u00f6n\u00fcl, &#8220;Son zamanlarda ise kurumlarla ki\u015filer kar\u0131\u015ft\u0131r\u0131l\u0131yor. TSK\u2019ya h\u00fccum edildi\u011fini g\u00f6r\u00fcyoruz ve bu yanl\u0131\u015f. Bizim bir tane silahl\u0131 kuvvetlerimiz var, ikincisi yok&#8221; \u015feklinde konu\u015ftu.<\/p>\n<p style=\"text-align: justify;\">&#8220;Her te\u015flikat bizim i\u00e7in muhteremdir, i\u00e7inde hata yapanlar varsa elbet hesab\u0131n\u0131 varecekler&#8221; diyen G\u00f6n\u00fcl, &#8220;B\u00fct\u00fcn \u00fclkeler silahl\u0131 kuvvetlerine toz kondurmazlar, en y\u00fcksek \u015fekilde bahsederler. \u00dclkeler ars\u0131ndaki diplomatik temaslar\u0131n sonu silahl\u0131 kuvvetlere gelir. Onun g\u00fcc\u00fc kadar ses y\u00fckselir. O bak\u0131mdan halk\u0131n her kesiminden gelmi\u015f, yo\u011frulmu\u015f insanlar\u0131 k\u0131rmamak laz\u0131m \u00e7\u00fcnk\u00fc T\u00fcrkiye i\u00e7in \u00e7al\u0131\u015f\u0131yorlar&#8221; ifadelerini kulland\u0131.<\/p>\n<p style=\"text-align: justify;\"><strong>CHP VE BEDELL\u0130 ASKERL\u0130K<\/strong><\/p>\n<p style=\"text-align: justify;\">Bakan Vecdi G\u00f6n\u00fcl, son olarak CHP\u2019nin g\u00fcndeme getirdi\u011fi bedelli askerlik ve profesyonel orduyla ilgili \u015funlar\u0131 s\u00f6yledi:<\/p>\n<p style=\"text-align: justify;\">&#8220;CHP\u2019nin \u00f6nerisi ger\u00e7ek\u00e7i ve uygulanabilir g\u00f6r\u00fcnm\u00fcyor. Askerlik konusu son derece hassast\u0131r&#8230;<\/p>\n<p style=\"text-align: justify;\">Tabi kaynaklar bak\u0131m\u0131ndan zengin bir \u00fclke de\u011filiz, en b\u00fcy\u00fck zenginli\u011fimiz insan\u0131m\u0131z; \u00e7ok \u00e7al\u0131\u015fkan bir insan\u0131m\u0131z var. \u00c7ok stratejik bir yerdeyiz ve binin \u00fczerinde hudut karakolumuz var; baz\u0131lar\u0131 3 bin metrenin \u00fczerinde.<\/p>\n<p style=\"text-align: justify;\">S\u00f6zle\u015fmeli erde nereye gelece\u011fimize bak\u0131p bedelli askerlik ve di\u011fer ihtimaller \u00fczerinde duraca\u011f\u0131z. Ama staj \u015feklinde askerlik ya da bedelli konusu \u00e7ok hassast\u0131r.<\/p>\n<p style=\"text-align: justify;\">Bir ba\u015fka teklifleri daha var. Muhta\u00e7 olanlara 600 TL verece\u011fiz diyor. Milyonlarca insan askeri \u00fccret \u00fczerinden \u00e7al\u0131\u015f\u0131yor ve muhta\u00e7lar. 600 TL verirseniz kim gelip \u00e7al\u0131\u015facak.<\/p>\n<p style=\"text-align: justify;\"><strong>G\u00dcNEYDO\u011eU&#8217;DA PROFESYONEL ORDU<\/strong><\/p>\n<p style=\"text-align: justify;\">Profesyonel ordu ba\u015flad\u0131. 6 t\u00fcmenimiz \u015fu anda G\u00fcneydo\u011fu hududunda. Bunu s\u00f6zle\u015fmeli erlerle daha da ileri safhalara g\u00f6t\u00fcrece\u011fiz. S\u00f6zle\u015fmeli erler G\u00fcneydo\u011fu\u2019da \u015fu anda uzman erba\u015f olarak g\u00f6rev yap\u0131yorlar. \u015eimdi alacaklar\u0131m\u0131z s\u00f6zle\u015fmeli erdirler. Bu durumun geli\u015fmesine g\u00f6re hem askerlik hem de bedelli durumu ayr\u0131 ayr\u0131 de\u011ferlendirecektir.<\/p>\n<p style=\"text-align: justify;\">Biz bug\u00fcn var\u0131z yar\u0131n yokuz ama devletin binlerce y\u0131ll\u0131k gelenekleriyle \u00e7ok oynamamak laz\u0131m.\u201d<\/p>\n<p style=\"text-align: justify;\">Bakan G\u00f6n\u00fcl 8.5 y\u0131l boyunca canl\u0131 yay\u0131nlarda g\u00f6r\u00fclmemesinin nedenlerini, 27 Nisan e-muht\u0131ras\u0131n\u0131, kriz ya\u015fanan YA\u015e\u2019\u0131 ve komutanlar\u0131n tutuklu oldu\u011fu &#8216;Balyoz&#8217;u de\u011ferlendirdi.<\/p>\n<p style=\"text-align: justify;\">[flv width=&#8221;500&#8243; height=&#8221;432&#8243;]http:\/\/ntvmsnbc-video.mncdn.net\/FlvFiles\/0000028500.flv[\/flv]<\/p>\n<p style=\"text-align: justify;\"><a href=\"http:\/\/www.ntvmsnbc.com\/id\/25207355\/\" target=\"_blank\">Kaynak : NTVMSNBC<\/a><\/p>\n","protected":false},"excerpt":{"rendered":"<p id=\"caption-attachment-31186\" class=\"wp-caption-text\">Milli Savunma Bakan\u0131 Vecdi G\u00f6n\u00fcl<\/p>\n<p style=\"text-align: justify;\">Milli Savunma Bakan\u0131 Vecdi G\u00f6n\u00fcl, devam eden baz\u0131 davalarda tutuklu bulunan komutanlarla ilgili bir soru \u00fczerine konu\u015ftu: TSK\u2019ya h\u00fccum edildi\u011fini g\u00f6r\u00fcyoruz ve bu yanl\u0131\u015f. Bizim bir tane silahl\u0131 kuvvetlerimiz var&#8230;<\/p>\n<p style=\"text-align: justify;\">ANKARA &#8211; 8.5 y\u0131ld\u0131r Milli Savunma Bakanl\u0131\u011f\u0131 g\u00f6revinde bulunan ve bu s\u00fcre boyunca hi\u00e7 <\/p>\n","protected":false},"author":1,"featured_media":0,"comment_status":"open","ping_status":"closed","sticky":false,"template":"","format":"standard","meta":{"footnotes":""},"categories":[105],"tags":[],"class_list":["post-31185","post","type-post","status-publish","format-standard","hentry","category-gundem","odd"],"_links":{"self":[{"href":"http:\/\/www.korhanyilmaz.com\/index.php?rest_route=\/wp\/v2\/posts\/31185","targetHints":{"allow":["GET"]}}],"collection":[{"href":"http:\/\/www.korhanyilmaz.com\/index.php?rest_route=\/wp\/v2\/posts"}],"about":[{"href":"http:\/\/www.korhanyilmaz.com\/index.php?rest_route=\/wp\/v2\/types\/post"}],"author":[{"embeddable":true,"href":"http:\/\/www.korhanyilmaz.com\/index.php?rest_route=\/wp\/v2\/users\/1"}],"replies":[{"embeddable":true,"href":"http:\/\/www.korhanyilmaz.com\/index.php?rest_route=%2Fwp%2Fv2%2Fcomments&post=31185"}],"version-history":[{"count":0,"href":"http:\/\/www.korhanyilmaz.com\/index.php?rest_route=\/wp\/v2\/posts\/31185\/revisions"}],"wp:attachment":[{"href":"http:\/\/www.korhanyilmaz.com\/index.php?rest_route=%2Fwp%2Fv2%2Fmedia&parent=31185"}],"wp:term":[{"taxonomy":"category","embeddable":true,"href":"http:\/\/www.korhanyilmaz.com\/index.php?rest_route=%2Fwp%2Fv2%2Fcategories&post=31185"},{"taxonomy":"post_tag","embeddable":true,"href":"http:\/\/www.korhanyilmaz.com\/index.php?rest_route=%2Fwp%2Fv2%2Ftags&post=31185"}],"curies":[{"name":"wp","href":"https:\/\/api.w.org\/{rel}","templated":true}]}}