{"id":31181,"date":"2011-04-27T14:30:15","date_gmt":"2011-04-27T11:30:15","guid":{"rendered":"http:\/\/www.korhanyilmaz.com\/?p=31181"},"modified":"2011-04-27T14:30:15","modified_gmt":"2011-04-27T11:30:15","slug":"deli-olduklarini-bilmiyorduk","status":"publish","type":"post","link":"http:\/\/www.korhanyilmaz.com\/?p=31181","title":{"rendered":"&#8220;Deli olduklar\u0131n\u0131 bilmiyorduk&#8221;"},"content":{"rendered":"<p style=\"text-align: justify;\"><a href=\"http:\/\/www.korhanyilmaz.com\/wp-content\/uploads\/2011\/04\/048.jpg\"  class=\"lightview\"><img loading=\"lazy\" decoding=\"async\" class=\"aligncenter size-full wp-image-31182\" src=\"http:\/\/www.korhanyilmaz.com\/wp-content\/uploads\/2011\/04\/048.jpg\" alt=\"\" width=\"412\" height=\"220\" \/><\/a><\/p>\n<p style=\"text-align: justify;\">&#8220;Kanal \u0130stanbul&#8221; projesiyle ilgili konu\u015fan CHP Lideri K\u0131l\u0131\u00e7daro\u011flu, &#8221;\u00c7\u0131lg\u0131n projeymi\u015f&#8230; Bu memleketin \u00e7\u0131lg\u0131n adamlara de\u011fil d\u00fc\u015f\u00fcnen adamlara ihtiyac\u0131 var&#8221; dedi ve ekledi: &#8220;Bu \u00fclkede 2.5 ayl\u0131k bir \u00e7ocuk anne kuca\u011f\u0131nda a\u00e7l\u0131ktan \u00f6ld\u00fc, siz \u00f6nce bunu d\u00fc\u015f\u00fcn\u00fcn&#8230;&#8221; <!--more--><\/p>\n<p style=\"text-align: justify;\">K\u0131l\u0131\u00e7daro\u011flu ayr\u0131ca sosyal payla\u015f\u0131m sitesi Twitter&#8217;da yapt\u0131\u011f\u0131 a\u00e7\u0131klamada ise, &#8220;\u00c7ocuklar\u0131 k\u00f6yden okula g\u00f6t\u00fcren yollar yokken, \u0130stanbul\u2019u kazmak sorumsuzluktur. \u00c7\u0131lg\u0131n olduklar\u0131 belliydi ama deli olduklar\u0131n\u0131 bilmiyorduk&#8221; diye h\u00fck\u00fcmeti ele\u015ftirmeye devam etti.<\/p>\n<p style=\"text-align: justify;\">ED\u0130RNE- CHP Genel Ba\u015fkan\u0131 Kemal K\u0131l\u0131\u00e7daro\u011flu, Ba\u015fbakan Recep Tayyip Erdo\u011fan&#8217;\u0131n a\u00e7\u0131klad\u0131\u011f\u0131 Kanal Projesini &#8221;A\u00e7\u0131klad\u0131klar\u0131 hi\u00e7bir projede insan unsuru yok, yanda\u015flar\u0131 zengin etme var. Bu \u00fclkeye \u00e7\u0131lg\u0131n de\u011fil d\u00fc\u015f\u00fcnen adam laz\u0131m&#8221; diyerek ele\u015ftirdi.<\/p>\n<p style=\"text-align: justify;\">K\u0131l\u0131\u00e7daro\u011flu, Selimiye Meydan\u0131&#8217;nda d\u00fczenlenen mitingde yapt\u0131\u011f\u0131 konu\u015fmada, T\u00fcrkiye&#8217;de yeni bir s\u00fcreci, temiz ve halktan yana bir siyaseti ba\u015flatt\u0131klar\u0131n\u0131 s\u00f6yledi. Halk\u0131n iktidar\u0131n\u0131 kurmak i\u00e7in yola \u00e7\u0131kt\u0131klar\u0131n\u0131 belirten K\u0131l\u0131\u00e7daro\u011flu, &#8221;G\u00fcc\u00fcm\u00fcz, dayana\u011f\u0131m\u0131z halkt\u0131r diyoruz. Size g\u00fcveniyoruz. Yetki verin Haramilerin saltanat\u0131n\u0131 al a\u015fa\u011f\u0131 edelim&#8221; dedi.<\/p>\n<p style=\"text-align: justify;\"><strong>&#8220;ONLARI PROJEYE BO\u011eDUK HALA&#8230;&#8221;<\/strong><\/p>\n<p style=\"text-align: justify;\">Kemal K\u0131l\u0131\u00e7daro\u011flu, CHP&#8217;nin proje \u00fcretmedi\u011fi konusunda s\u00fcrekli ele\u015ftirildi\u011fini belirterek, konu\u015fmas\u0131n\u0131 \u015f\u00f6yle s\u00fcrd\u00fcrd\u00fc:<\/p>\n<p style=\"text-align: justify;\">&#8221;Diyorlard\u0131 ki &#8216;CHP hep ele\u015ftirir, CHP milletin derdiyle ilgilenmez&#8217;. Ne yapt\u0131k? Onlar\u0131 projeye bo\u011fduk. B\u00fct\u00fcn projeleri halka dokunan, birebir halk\u0131n sorunlar\u0131n\u0131 \u00e7\u00f6zen projelerimizle yola \u00e7\u0131kt\u0131k. Bu memlekette yoksulluk vard\u0131. Yoksullu\u011fu \u00e7\u00f6zmek i\u00e7in oturduk, d\u00fc\u015f\u00fcnd\u00fck, hesap yapt\u0131k. 6 ay \u00e7al\u0131\u015ft\u0131k Aile Sigortas\u0131 Projesini \u00fcrettik, aileler mutlu ve huzurlu olsun diye. Bir ailede huzur varsa o mahallede, kentte, memlekette de huzur vard\u0131r. Amac\u0131m\u0131z \u015fu; herkes, her \u00e7ocuk, her birey mutlu ya\u015fas\u0131n. \u00c7ocuklar a\u00e7 yata\u011fa girmesin diye aile sigortas\u0131n\u0131 getirdik.&#8221;<\/p>\n<p style=\"text-align: center;\"><a href=\"http:\/\/www.korhanyilmaz.com\/wp-content\/uploads\/2011\/04\/049.jpg\"  class=\"lightview\"><img loading=\"lazy\" decoding=\"async\" class=\"aligncenter size-full wp-image-31183\" src=\"http:\/\/www.korhanyilmaz.com\/wp-content\/uploads\/2011\/04\/049.jpg\" alt=\"\" width=\"448\" height=\"231\" \/><\/a><\/p>\n<p style=\"text-align: justify;\"><strong>&#8221;BU \u00dcLKEYE \u00c7ILGIN DE\u011e\u0130L D\u00dc\u015e\u00dcNEN ADAM GEREK&#8221;<\/strong><\/p>\n<p style=\"text-align: justify;\">K\u0131l\u0131\u00e7daro\u011flu, ge\u00e7ti\u011fimiz g\u00fcnlerde bir anaokulu a\u00e7\u0131l\u0131\u015f\u0131nda da\u011f\u0131t\u0131lan \u015fekerlerden \u00e7ocuklar\u0131n zehirlenmesi olay\u0131na de\u011finerek, &#8221;Allah bilir o \u015fekeri al\u0131rken birilerine k\u00f6\u015feyi d\u00f6nd\u00fcrm\u00fc\u015flerdir bunlar. Millete k\u00f6m\u00fcr da\u011f\u0131tt\u0131lar, k\u00f6m\u00fcrdeki vurgun 1 milyar TL&#8217;nin \u00fczerinde. Yani fakirin s\u0131rt\u0131ndan ge\u00e7iniyorlar. Allah rahmet eylesin halk ozan\u0131m\u0131z A\u015f\u0131k Mahsuni \u015eerif&#8217;in bir t\u00fcrk\u00fcs\u00fc vard\u0131, &#8216;yoksulun s\u0131rt\u0131ndan doyan doyana&#8217; diye. Bunlar\u0131 tarif ediyor b\u00fcy\u00fck ihtimalle&#8221; \u015feklinde konu\u015ftu.<\/p>\n<p style=\"text-align: justify;\">Samsun&#8217;da 2,5 ayl\u0131k bir \u00e7ocu\u011fun a\u00e7l\u0131ktan \u00f6lmesine i\u015faret eden K\u0131l\u0131\u00e7daro\u011flu, &#8221;21. y\u00fczy\u0131l\u0131n T\u00fcrkiyesinde 2.5 ayl\u0131k bir \u00e7ocuk annesinin kuca\u011f\u0131nda a\u00e7l\u0131ktan \u00f6l\u00fcrse bu ay\u0131p kime aittir? Bu iktidar, bu ay\u0131b\u0131 kald\u0131rabilir mi? \u015eimdi \u00e7\u0131km\u0131\u015flar ortal\u0131\u011fa biz &#8216;\u00e7\u0131lg\u0131n proje&#8217; a\u00e7\u0131klayaca\u011f\u0131z. Sen \u00f6nce 2.5 ayl\u0131k K\u00fcbra&#8217;n\u0131n karn\u0131n\u0131 doyur, ondan sonra Allah kerim. Bunlar\u0131n derdi ba\u015fka bir \u015fey, bunlar\u0131n derdi yanda\u015fa ihale aktarmak, kamu kaynaklar\u0131n\u0131 aktarmak. A\u00e7\u0131klad\u0131klar\u0131 hi\u00e7bir projede insan yoktur. Bizim a\u00e7\u0131klad\u0131\u011f\u0131m\u0131z b\u00fct\u00fcn projelerde insan vard\u0131r. \u0130nsan\u0131m\u0131z i\u00e7in \u00e7al\u0131\u015faca\u011f\u0131z, \u00fcretece\u011fiz&#8221; ifadelerini kulland\u0131.<\/p>\n<p style=\"text-align: justify;\">K\u0131l\u0131\u00e7daro\u011flu, yard\u0131m yapt\u0131klar\u0131 yoksulu afi\u015fe etmeyeceklerini vurgulayarak, &#8221;Biz, AKP gibi yapmayaca\u011f\u0131z. Bizim inanc\u0131m\u0131zda da siyasi anlay\u0131\u015f\u0131m\u0131zda da ahlak\u0131m\u0131zda da yoksul insan\u0131n da onuru vard\u0131r. Sa\u011f elin verdi\u011fini sol el g\u00f6rmeyecek &#8216;sen, sosyal devletin korumas\u0131 alt\u0131ndas\u0131n&#8217; diyece\u011fiz. Neye g\u00f6re diyece\u011fiz, Anayasaya g\u00f6re diyece\u011fiz&#8221; diye konu\u015ftu.<\/p>\n<p style=\"text-align: justify;\">K\u0131l\u0131\u00e7daro\u011flu, Anayasaya g\u00f6re herkesin sosyal g\u00fcvenlik hakk\u0131na sahip oldu\u011funa dikkati \u00e7ekti.<\/p>\n<p style=\"text-align: justify;\"><strong>&#8221;PARANIN DOLA\u015eIM KANALLARINI DE\u011e\u0130\u015eT\u0130RECE\u011e\u0130Z&#8221;<\/strong><\/p>\n<p style=\"text-align: justify;\">Kemal K\u0131l\u0131\u00e7daro\u011flu, paran\u0131n dola\u015f\u0131m kanallar\u0131n\u0131 de\u011fi\u015ftireceklerini dile getirerek, &#8221;AKP iktidar\u0131nda paran\u0131n dola\u015f\u0131m kanallar\u0131 zenginin cebinden ge\u00e7erdi. Bizim iktidar\u0131m\u0131zda paran\u0131n dola\u015f\u0131m kanallar\u0131, halk\u0131n cebinden ge\u00e7erek piyasaya gelecek. De\u011fi\u015ftirece\u011fiz bu tabloyu&#8221; diye konu\u015ftu.<\/p>\n<p style=\"text-align: justify;\">Milletvekili listelerinde daha fazla gencin ve kad\u0131n\u0131n yer ald\u0131\u011f\u0131n\u0131 belirten K\u0131l\u0131\u00e7daro\u011flu, &#8221;\u0130n\u015fallah Cumhuriyet tarihinde ilk kez CHP&#8217;de bir d\u00f6nemde 38 kad\u0131n parlamentoya gelecek&#8221; dedi.<\/p>\n<p style=\"text-align: justify;\">Askerli\u011fi a\u015famal\u0131 olarak 15 aydan \u00f6nce 9, sonra da 6 aya indirmek istemelerine itiraz edildi\u011fini hat\u0131rlatan K\u0131l\u0131\u00e7daro\u011flu, miting alan\u0131ndakilere, &#8221;\u00c7ift\u00e7i, emekli, gen\u00e7ler, \u00fcniversite s\u0131nav\u0131na girenler, kad\u0131nlar hayat\u0131ndan memnun mu?&#8221; diye sordu. K\u0131l\u0131\u00e7daro\u011flu, &#8221;Hay\u0131r&#8221; cevab\u0131 almas\u0131 \u00fczerine, &#8221;\u0130\u015f\u00e7i, memur, \u00e7ift\u00e7i, i\u015fsiz, gen\u00e7ler memnun de\u011fil. O zaman soru \u015fu; bu d\u00fczenden kim memnun? 12 Haziran&#8217;da sand\u0131\u011fa giderken \u015fapkam\u0131z\u0131 \u00f6n\u00fcm\u00fcze koyup bir dakika d\u00fc\u015f\u00fcnelim &#8216;bu d\u00fczenden kim memnun&#8217; diyelim&#8221; dedi.<\/p>\n<p style=\"text-align: justify;\">K\u0131l\u0131\u00e7daro\u011flu, esnaf\u0131n hayat\u0131ndan memnun olmad\u0131\u011f\u0131n\u0131 bildi\u011fini belirterek, esnafa y\u00f6nelik geli\u015ftirdikleri projelerinden bahsetti. Esnaf\u0131n emekli olduktan sonra emekli ayl\u0131\u011f\u0131ndan y\u00fczde 15 pirim kesildi\u011fini anlatan K\u0131l\u0131\u00e7daro\u011flu, buna son vereceklerini vadetti.<\/p>\n<p style=\"text-align: justify;\">Ba\u015fbakan Recep Tayyip Erdo\u011fan&#8217;\u0131n kendisini Sosyal Sigortalar Kurumu Genel M\u00fcd\u00fcrl\u00fc\u011f\u00fc yapt\u0131\u011f\u0131 d\u00f6nemi ele\u015ftirdi\u011fine de\u011finen K\u0131l\u0131\u00e7daro\u011flu, Ba\u015fbakan Erdo\u011fan&#8217;\u0131 bir televizyon kanal\u0131nda konuyu tart\u0131\u015fmaya davetini yeniledi.<\/p>\n<p style=\"text-align: justify;\"><strong>&#8220;B\u0130R DAHA OY VER\u0130RLERSE EMEKL\u0130LER\u0130 S\u00dcR\u00dcN\u00dcRKEN G\u00d6RECE\u011e\u0130Z&#8221;<\/strong><\/p>\n<p style=\"text-align: justify;\">K\u0131l\u0131\u00e7daro\u011flu, emeklilerle ilgili bir sitemi oldu\u011funu aktararak, isterlerse 9 milyon emeklinin e\u015fleriyle birlikte bir partiyi iktidar yapabileceklerini s\u00f6yledi.<\/p>\n<p style=\"text-align: justify;\">Emeklilere milli gelir art\u0131\u015f\u0131ndan pay vereceklerini, \u0130ntibak Yasas\u0131&#8217;n\u0131 \u00e7\u0131karacaklar\u0131n\u0131 vadeden K\u0131l\u0131\u00e7daro\u011flu, emeklileri \u00fclkenin birinci s\u0131n\u0131f vatanda\u015f yapacaklar\u0131n\u0131 kaydetti.<\/p>\n<p style=\"text-align: justify;\">K\u0131l\u0131\u00e7daro\u011flu, &#8221;E\u011fer emekli karde\u015flerimiz, \u015fu AKP&#8217;ye bir oy daha vereyim derlerse, bir dahaki se\u00e7imlerde eminim emeklileri yerlerde s\u00fcr\u00fcn\u00fcrken g\u00f6rece\u011fiz&#8221; dedi.<\/p>\n<p style=\"text-align: justify;\"><strong>VATANDA\u015eLARLA S\u0130M\u0130D\u0130N\u0130 PAYLA\u015eTI<\/strong><\/p>\n<p style=\"text-align: justify;\">K\u0131l\u0131\u00e7daro\u011flu, partisinin Selimiye Meydan\u0131&#8217;nda d\u00fczenledi\u011fi mitinge kat\u0131lmas\u0131n\u0131n ard\u0131ndan, parti otob\u00fcs\u00fcn\u00fcn \u00fcst\u00fcnde vatanda\u015flar\u0131 selamlayarak, Sara\u00e7lar Caddesi&#8217;ne geldi.Kalabal\u0131k e\u015fli\u011finde caddede y\u00fcr\u00fcmekte g\u00fc\u00e7l\u00fck \u00e7eken K\u0131l\u0131\u00e7daro\u011flu, baz\u0131 esnaf\u0131 dola\u015farak, onlarla sohbet etti. Bir lokantac\u0131n\u0131n ikram etti\u011fi lahmacunu, yolda y\u00fcr\u00fcyerek yedi.<\/p>\n<p style=\"text-align: justify;\">&#8221;Ba\u015fbakan K\u0131l\u0131\u00e7daro\u011flu&#8221; sloganlar\u0131 e\u015fli\u011finde bir kafeye oturan K\u0131l\u0131\u00e7daro\u011flu, burada \u00e7ay i\u00e7erek simit yedi. Simidinin bir k\u0131sm\u0131n\u0131 da vatanda\u015flarla payla\u015ft\u0131.<\/p>\n<p style=\"text-align: justify;\"><strong>&#8220;2.5 AYLIK \u00c7OCUK A\u00c7LIKTAN \u00d6LD\u00dc, \u00d6NCE BUNU D\u00dc\u015e\u00dcN!&#8221;<\/strong><\/p>\n<p style=\"text-align: justify;\">Daha sonra gazetecilerin sorular\u0131n\u0131 yan\u0131tlayan CHP lideri, &#8220;\u00c7\u0131lg\u0131n Proje&#8221; ile ilgili soruya \u015f\u00f6yle yan\u0131t verdi:<\/p>\n<p style=\"text-align: justify;\">&#8221;Bu yeni bir proje mi? Osmanl\u0131dan bu tarafa d\u00fc\u015f\u00fcn\u00fclen bir olay. Ama bizim projelerimizle AKP&#8217;nin projelerini k\u0131yaslay\u0131n. Bizim projelerimizin \u00f6z\u00fcnde insan var. \u0130nsan\u0131n mutlulu\u011fu var. Bir tek bile \u00e7ocu\u011fun yata\u011fa a\u00e7 girmeyece\u011fi bir d\u00fczeni kurmak istiyoruz. \u00d6nerdi\u011fimiz b\u00fct\u00fcn projelerde insan unsuru var. Onlar da &#8216;yanda\u015flar\u0131m\u0131z\u0131 nas\u0131l zengin ederim&#8217; diye projeleri var. Biz siyahla beyaz\u0131 kadar farkl\u0131 d\u00fc\u015f\u00fcn\u00fcyoruz.<\/p>\n<p style=\"text-align: justify;\">Benim g\u00f6rd\u00fc\u011f\u00fcm, AKP&#8217;nin haz\u0131rlad\u0131\u011f\u0131, kamuoyuna sundu\u011fu hi\u00e7 bir projede insan unsuru yok, yanda\u015flar\u0131n\u0131 zengin etme var. E\u011fer insan unsuru olsayd\u0131 2.5 ya\u015f\u0131ndaki \u00e7ocuk a\u00e7l\u0131ktan annesinin kuca\u011f\u0131nda \u00f6lmezdi. Siz \u00f6nce onun derdine bir \u00e7are bulun. Kanal a\u00e7acakm\u0131\u015f&#8230; Senin iktidar\u0131nda 2.5 ayl\u0131k \u00e7ocuk a\u00e7l\u0131ktan \u00f6ld\u00fc. \u00d6nce sen bunu bir d\u00fc\u015f\u00fcn bakal\u0131m.&#8221;<\/p>\n<p style=\"text-align: justify;\">K\u0131l\u0131\u00e7daro\u011flu Ba\u015fbakan Erdo\u011fan&#8217;\u0131n \u00f6nce &#8220;\u00e7\u0131lg\u0131n&#8221; bug\u00fcn ise &#8220;muhte\u015fem&#8221; dedi\u011fi proje i\u00e7in &#8221;\u00c7\u0131lg\u0131n projeymi\u015f&#8230; Bu memleketin \u00e7\u0131lg\u0131n adamlara de\u011fil d\u00fc\u015f\u00fcnen adamlara ihtiyac\u0131 var&#8221; dedi.<\/p>\n<p style=\"text-align: justify;\"><a href=\"http:\/\/www.gazeteport.com.tr\/SIYASET\/NEWS\/GP_894923\" target=\"_blank\">Kaynak : GAZETEPORT<\/a><\/p>\n","protected":false},"excerpt":{"rendered":"<p style=\"text-align: justify;\">\n<p style=\"text-align: justify;\">&#8220;Kanal \u0130stanbul&#8221; projesiyle ilgili konu\u015fan CHP Lideri K\u0131l\u0131\u00e7daro\u011flu, &#8221;\u00c7\u0131lg\u0131n projeymi\u015f&#8230; Bu memleketin \u00e7\u0131lg\u0131n adamlara de\u011fil d\u00fc\u015f\u00fcnen adamlara ihtiyac\u0131 var&#8221; dedi ve ekledi: &#8220;Bu \u00fclkede 2.5 ayl\u0131k bir \u00e7ocuk anne kuca\u011f\u0131nda a\u00e7l\u0131ktan \u00f6ld\u00fc, siz \u00f6nce bunu d\u00fc\u015f\u00fcn\u00fcn&#8230;&#8221; <\/p>\n","protected":false},"author":1,"featured_media":0,"comment_status":"open","ping_status":"closed","sticky":false,"template":"","format":"standard","meta":{"footnotes":""},"categories":[105],"tags":[],"class_list":["post-31181","post","type-post","status-publish","format-standard","hentry","category-gundem","odd"],"_links":{"self":[{"href":"http:\/\/www.korhanyilmaz.com\/index.php?rest_route=\/wp\/v2\/posts\/31181","targetHints":{"allow":["GET"]}}],"collection":[{"href":"http:\/\/www.korhanyilmaz.com\/index.php?rest_route=\/wp\/v2\/posts"}],"about":[{"href":"http:\/\/www.korhanyilmaz.com\/index.php?rest_route=\/wp\/v2\/types\/post"}],"author":[{"embeddable":true,"href":"http:\/\/www.korhanyilmaz.com\/index.php?rest_route=\/wp\/v2\/users\/1"}],"replies":[{"embeddable":true,"href":"http:\/\/www.korhanyilmaz.com\/index.php?rest_route=%2Fwp%2Fv2%2Fcomments&post=31181"}],"version-history":[{"count":0,"href":"http:\/\/www.korhanyilmaz.com\/index.php?rest_route=\/wp\/v2\/posts\/31181\/revisions"}],"wp:attachment":[{"href":"http:\/\/www.korhanyilmaz.com\/index.php?rest_route=%2Fwp%2Fv2%2Fmedia&parent=31181"}],"wp:term":[{"taxonomy":"category","embeddable":true,"href":"http:\/\/www.korhanyilmaz.com\/index.php?rest_route=%2Fwp%2Fv2%2Fcategories&post=31181"},{"taxonomy":"post_tag","embeddable":true,"href":"http:\/\/www.korhanyilmaz.com\/index.php?rest_route=%2Fwp%2Fv2%2Ftags&post=31181"}],"curies":[{"name":"wp","href":"https:\/\/api.w.org\/{rel}","templated":true}]}}